{"id":606,"date":"2025-04-24T19:14:00","date_gmt":"2025-04-24T17:14:00","guid":{"rendered":"https:\/\/www.ogl-kernen.de\/?p=606"},"modified":"2025-05-10T19:45:41","modified_gmt":"2025-05-10T17:45:41","slug":"ballfangzaun-fuer-den-bolzplatz-in-der-seestrasse","status":"publish","type":"post","link":"https:\/\/www.ogl-kernen.de\/?p=606","title":{"rendered":"Ballfangzaun f\u00fcr den Bolzplatz in der Seestra\u00dfe"},"content":{"rendered":"\n<p>Ein Antrag der OGL f\u00fcr den Haushalt 2025 wurde bereits von der Verwaltung umgesetzt. Dieser lautete:&nbsp;<strong>&#8222;Die Verwaltung wird beauftragt, einen &#8222;Ballfangzaun\u201c beim Bolzplatz in der Seestra\u00dfe zu errichten. Dieser soll verhindern, dass beim Fu\u00dfballspielen der Ball in den Graben rollt.&#8220;&nbsp;<\/strong>Vor einigen Jahren wurde im Zuge der Errichtung des Mehrgenerationenhauses der Bolzplatz erneuert und der Maschendrahtzaun zum Graben entfernt. Der Bolzplatz wird sowohl von den Kindern des Lern- und Spieltreffs als auch von Kindern aus der Nachbarschaft genutzt. Leider landet beim Fu\u00dfballspielen der Ball sehr h\u00e4ufig im nassen, parallel verlaufenden Graben. Das ist f\u00fcr die spielenden Kinder sehr l\u00e4stig. Dem k\u00f6nnte leicht und kosteng\u00fcnstig Abhilfe geschaffen werden. Die Verwaltung hat jetzt mit Hilfe des Bauhofes eine L\u00f6sung gefunden. Es wurde ein Gitter entlang des bestehenden Holzzauns montiert (siehe Foto). Wir danken der Verwaltung und dem Bauhof f\u00fcr die unkomplizierte, schnelle und gute Umsetzung unseres Antrages. Ob auch weiter gen Westen beim anderen Tor ein Schutz noch sinnvoll w\u00e4re, das wird sich noch zeigen. Der Graben dort ist jedoch nicht so tief und weniger nass.<\/p>\n\n\n\n<p>Sara Tadix, Moritz Seifert, Matthias Kramer<\/p>\n\n\n\n<figure class=\"wp-block-image size-large is-resized\"><img loading=\"lazy\" decoding=\"async\" width=\"1024\" height=\"768\" src=\"https:\/\/www.ogl-kernen.de\/test\/wp-content\/uploads\/2025\/04\/Ballfangzaun-Bolzplatz-1024x768.jpg\" alt=\"OGL Kernen\" class=\"wp-image-609\" style=\"width:500px\"\/><figcaption class=\"wp-element-caption\">OGL Kernen<\/figcaption><\/figure>\n","protected":false},"excerpt":{"rendered":"<p>Ein Antrag der OGL f\u00fcr den Haushalt 2025 wurde bereits von der Verwaltung umgesetzt. Dieser lautete:&nbsp;&#8222;Die Verwaltung wird beauftragt, einen &#8222;Ballfangzaun\u201c beim Bolzplatz in der Seestra\u00dfe zu errichten. Dieser soll verhindern, dass beim Fu\u00dfballspielen der Ball in den Graben rollt.&#8220;&nbsp;Vor einigen Jahren wurde im Zuge der Errichtung des Mehrgenerationenhauses der Bolzplatz erneuert und der Maschendrahtzaun &hellip;<\/p>\n<p class=\"read-more\"> <a class=\"\" href=\"https:\/\/www.ogl-kernen.de\/?p=606\"> <span class=\"screen-reader-text\">Ballfangzaun f\u00fcr den Bolzplatz in der Seestra\u00dfe<\/span> Weiterlesen &raquo;<\/a><\/p>\n","protected":false},"author":4,"featured_media":609,"comment_status":"closed","ping_status":"closed","sticky":false,"template":"","format":"standard","meta":{"site-sidebar-layout":"default","site-content-layout":"default","ast-global-header-display":"","ast-main-header-display":"","ast-hfb-above-header-display":"","ast-hfb-below-header-display":"","ast-hfb-mobile-header-display":"","site-post-title":"","ast-breadcrumbs-content":"","ast-featured-img":"","footer-sml-layout":"","theme-transparent-header-meta":"","adv-header-id-meta":"","stick-header-meta":"","header-above-stick-meta":"","header-main-stick-meta":"","header-below-stick-meta":"","footnotes":""},"categories":[4],"tags":[137,138],"class_list":["post-606","post","type-post","status-publish","format-standard","has-post-thumbnail","hentry","category-fraktion","tag-ballfangzaun","tag-bolzplatz"],"yoast_head":"<!-- This site is optimized with the Yoast SEO plugin v22.2 - https:\/\/yoast.com\/wordpress\/plugins\/seo\/ -->\n<title>Ballfangzaun f\u00fcr den Bolzplatz in der Seestra\u00dfe - OGL Kernen<\/title>\n<meta name=\"robots\" content=\"index, follow, max-snippet:-1, max-image-preview:large, max-video-preview:-1\" \/>\n<link rel=\"canonical\" href=\"https:\/\/www.ogl-kernen.de\/?p=606\" \/>\n<meta property=\"og:locale\" content=\"de_DE\" \/>\n<meta property=\"og:type\" content=\"article\" \/>\n<meta property=\"og:title\" content=\"Ballfangzaun f\u00fcr den Bolzplatz in der Seestra\u00dfe - OGL Kernen\" \/>\n<meta property=\"og:description\" content=\"Ein Antrag der OGL f\u00fcr den Haushalt 2025 wurde bereits von der Verwaltung umgesetzt. Dieser lautete:&nbsp;&#8222;Die Verwaltung wird beauftragt, einen &#8222;Ballfangzaun\u201c beim Bolzplatz in der Seestra\u00dfe zu errichten. Dieser soll verhindern, dass beim Fu\u00dfballspielen der Ball in den Graben rollt.&#8220;&nbsp;Vor einigen Jahren wurde im Zuge der Errichtung des Mehrgenerationenhauses der Bolzplatz erneuert und der Maschendrahtzaun &hellip; Ballfangzaun f\u00fcr den Bolzplatz in der Seestra\u00dfe Weiterlesen &raquo;\" \/>\n<meta property=\"og:url\" content=\"https:\/\/www.ogl-kernen.de\/?p=606\" \/>\n<meta property=\"og:site_name\" content=\"OGL Kernen\" \/>\n<meta property=\"article:published_time\" content=\"2025-04-24T17:14:00+00:00\" \/>\n<meta property=\"article:modified_time\" content=\"2025-05-10T17:45:41+00:00\" \/>\n<meta property=\"og:image\" content=\"https:\/\/www.ogl-kernen.de\/test\/wp-content\/uploads\/2025\/04\/Ballfangzaun-Bolzplatz-scaled-e1746898403803.jpg\" \/>\n\t<meta property=\"og:image:width\" content=\"250\" \/>\n\t<meta property=\"og:image:height\" content=\"188\" \/>\n\t<meta property=\"og:image:type\" content=\"image\/jpeg\" \/>\n<meta name=\"author\" content=\"OGL-Fraktion\" \/>\n<meta name=\"twitter:card\" content=\"summary_large_image\" \/>\n<meta name=\"twitter:label1\" content=\"Verfasst von\" \/>\n\t<meta name=\"twitter:data1\" content=\"OGL-Fraktion\" \/>\n\t<meta name=\"twitter:label2\" content=\"Gesch\u00e4tzte Lesezeit\" \/>\n\t<meta name=\"twitter:data2\" content=\"2\u00a0Minuten\" \/>\n<script type=\"application\/ld+json\" class=\"yoast-schema-graph\">{\"@context\":\"https:\/\/schema.org\",\"@graph\":[{\"@type\":\"Article\",\"@id\":\"https:\/\/www.ogl-kernen.de\/?p=606#article\",\"isPartOf\":{\"@id\":\"https:\/\/www.ogl-kernen.de\/?p=606\"},\"author\":{\"name\":\"OGL-Fraktion\",\"@id\":\"https:\/\/www.ogl-kernen.de\/#\/schema\/person\/383318e5abf332671b59f3be3324ae21\"},\"headline\":\"Ballfangzaun f\u00fcr den Bolzplatz in der Seestra\u00dfe\",\"datePublished\":\"2025-04-24T17:14:00+00:00\",\"dateModified\":\"2025-05-10T17:45:41+00:00\",\"mainEntityOfPage\":{\"@id\":\"https:\/\/www.ogl-kernen.de\/?p=606\"},\"wordCount\":205,\"publisher\":{\"@id\":\"https:\/\/www.ogl-kernen.de\/#organization\"},\"image\":{\"@id\":\"https:\/\/www.ogl-kernen.de\/?p=606#primaryimage\"},\"thumbnailUrl\":\"https:\/\/www.ogl-kernen.de\/test\/wp-content\/uploads\/2025\/04\/Ballfangzaun-Bolzplatz-scaled-e1746898403803.jpg\",\"keywords\":[\"Ballfangzaun\",\"Bolzplatz\"],\"articleSection\":[\"Fraktion\"],\"inLanguage\":\"de\"},{\"@type\":\"WebPage\",\"@id\":\"https:\/\/www.ogl-kernen.de\/?p=606\",\"url\":\"https:\/\/www.ogl-kernen.de\/?p=606\",\"name\":\"Ballfangzaun f\u00fcr den Bolzplatz in der Seestra\u00dfe - OGL Kernen\",\"isPartOf\":{\"@id\":\"https:\/\/www.ogl-kernen.de\/#website\"},\"primaryImageOfPage\":{\"@id\":\"https:\/\/www.ogl-kernen.de\/?p=606#primaryimage\"},\"image\":{\"@id\":\"https:\/\/www.ogl-kernen.de\/?p=606#primaryimage\"},\"thumbnailUrl\":\"https:\/\/www.ogl-kernen.de\/test\/wp-content\/uploads\/2025\/04\/Ballfangzaun-Bolzplatz-scaled-e1746898403803.jpg\",\"datePublished\":\"2025-04-24T17:14:00+00:00\",\"dateModified\":\"2025-05-10T17:45:41+00:00\",\"breadcrumb\":{\"@id\":\"https:\/\/www.ogl-kernen.de\/?p=606#breadcrumb\"},\"inLanguage\":\"de\",\"potentialAction\":[{\"@type\":\"ReadAction\",\"target\":[\"https:\/\/www.ogl-kernen.de\/?p=606\"]}]},{\"@type\":\"ImageObject\",\"inLanguage\":\"de\",\"@id\":\"https:\/\/www.ogl-kernen.de\/?p=606#primaryimage\",\"url\":\"https:\/\/www.ogl-kernen.de\/test\/wp-content\/uploads\/2025\/04\/Ballfangzaun-Bolzplatz-scaled-e1746898403803.jpg\",\"contentUrl\":\"https:\/\/www.ogl-kernen.de\/test\/wp-content\/uploads\/2025\/04\/Ballfangzaun-Bolzplatz-scaled-e1746898403803.jpg\",\"width\":250,\"height\":188,\"caption\":\"OGL Kernen\"},{\"@type\":\"BreadcrumbList\",\"@id\":\"https:\/\/www.ogl-kernen.de\/?p=606#breadcrumb\",\"itemListElement\":[{\"@type\":\"ListItem\",\"position\":1,\"name\":\"Startseite\",\"item\":\"https:\/\/www.ogl-kernen.de\/\"},{\"@type\":\"ListItem\",\"position\":2,\"name\":\"Ballfangzaun f\u00fcr den Bolzplatz in der Seestra\u00dfe\"}]},{\"@type\":\"WebSite\",\"@id\":\"https:\/\/www.ogl-kernen.de\/#website\",\"url\":\"https:\/\/www.ogl-kernen.de\/\",\"name\":\"OGL Kernen\",\"description\":\"nachhaltig - sozial - weltoffen\",\"publisher\":{\"@id\":\"https:\/\/www.ogl-kernen.de\/#organization\"},\"potentialAction\":[{\"@type\":\"SearchAction\",\"target\":{\"@type\":\"EntryPoint\",\"urlTemplate\":\"https:\/\/www.ogl-kernen.de\/?s={search_term_string}\"},\"query-input\":\"required name=search_term_string\"}],\"inLanguage\":\"de\"},{\"@type\":\"Organization\",\"@id\":\"https:\/\/www.ogl-kernen.de\/#organization\",\"name\":\"OGL Kernen\",\"url\":\"https:\/\/www.ogl-kernen.de\/\",\"logo\":{\"@type\":\"ImageObject\",\"inLanguage\":\"de\",\"@id\":\"https:\/\/www.ogl-kernen.de\/#\/schema\/logo\/image\/\",\"url\":\"https:\/\/www.ogl-kernen.de\/test\/wp-content\/uploads\/2021\/05\/cropped-Logo-ow-scaled-1.jpg\",\"contentUrl\":\"https:\/\/www.ogl-kernen.de\/test\/wp-content\/uploads\/2021\/05\/cropped-Logo-ow-scaled-1.jpg\",\"width\":2560,\"height\":478,\"caption\":\"OGL Kernen\"},\"image\":{\"@id\":\"https:\/\/www.ogl-kernen.de\/#\/schema\/logo\/image\/\"},\"sameAs\":[\"https:\/\/www.instagram.com\/ogl_kernen\/\"]},{\"@type\":\"Person\",\"@id\":\"https:\/\/www.ogl-kernen.de\/#\/schema\/person\/383318e5abf332671b59f3be3324ae21\",\"name\":\"OGL-Fraktion\",\"image\":{\"@type\":\"ImageObject\",\"inLanguage\":\"de\",\"@id\":\"https:\/\/www.ogl-kernen.de\/#\/schema\/person\/image\/\",\"url\":\"https:\/\/secure.gravatar.com\/avatar\/8c277aa77efd458be4e74c5e4711238f1c207f7ab927c95bd12c4e7ae71a3314?s=96&d=mm&r=g\",\"contentUrl\":\"https:\/\/secure.gravatar.com\/avatar\/8c277aa77efd458be4e74c5e4711238f1c207f7ab927c95bd12c4e7ae71a3314?s=96&d=mm&r=g\",\"caption\":\"OGL-Fraktion\"},\"url\":\"https:\/\/www.ogl-kernen.de\/?author=4\"}]}<\/script>\n<!-- \/ Yoast SEO plugin. -->","yoast_head_json":{"title":"Ballfangzaun f\u00fcr den Bolzplatz in der Seestra\u00dfe - OGL Kernen","robots":{"index":"index","follow":"follow","max-snippet":"max-snippet:-1","max-image-preview":"max-image-preview:large","max-video-preview":"max-video-preview:-1"},"canonical":"https:\/\/www.ogl-kernen.de\/?p=606","og_locale":"de_DE","og_type":"article","og_title":"Ballfangzaun f\u00fcr den Bolzplatz in der Seestra\u00dfe - OGL Kernen","og_description":"Ein Antrag der OGL f\u00fcr den Haushalt 2025 wurde bereits von der Verwaltung umgesetzt. Dieser lautete:&nbsp;&#8222;Die Verwaltung wird beauftragt, einen &#8222;Ballfangzaun\u201c beim Bolzplatz in der Seestra\u00dfe zu errichten. Dieser soll verhindern, dass beim Fu\u00dfballspielen der Ball in den Graben rollt.&#8220;&nbsp;Vor einigen Jahren wurde im Zuge der Errichtung des Mehrgenerationenhauses der Bolzplatz erneuert und der Maschendrahtzaun &hellip; Ballfangzaun f\u00fcr den Bolzplatz in der Seestra\u00dfe Weiterlesen &raquo;","og_url":"https:\/\/www.ogl-kernen.de\/?p=606","og_site_name":"OGL Kernen","article_published_time":"2025-04-24T17:14:00+00:00","article_modified_time":"2025-05-10T17:45:41+00:00","og_image":[{"width":250,"height":188,"url":"https:\/\/www.ogl-kernen.de\/test\/wp-content\/uploads\/2025\/04\/Ballfangzaun-Bolzplatz-scaled-e1746898403803.jpg","type":"image\/jpeg"}],"author":"OGL-Fraktion","twitter_card":"summary_large_image","twitter_misc":{"Verfasst von":"OGL-Fraktion","Gesch\u00e4tzte Lesezeit":"2\u00a0Minuten"},"schema":{"@context":"https:\/\/schema.org","@graph":[{"@type":"Article","@id":"https:\/\/www.ogl-kernen.de\/?p=606#article","isPartOf":{"@id":"https:\/\/www.ogl-kernen.de\/?p=606"},"author":{"name":"OGL-Fraktion","@id":"https:\/\/www.ogl-kernen.de\/#\/schema\/person\/383318e5abf332671b59f3be3324ae21"},"headline":"Ballfangzaun f\u00fcr den Bolzplatz in der Seestra\u00dfe","datePublished":"2025-04-24T17:14:00+00:00","dateModified":"2025-05-10T17:45:41+00:00","mainEntityOfPage":{"@id":"https:\/\/www.ogl-kernen.de\/?p=606"},"wordCount":205,"publisher":{"@id":"https:\/\/www.ogl-kernen.de\/#organization"},"image":{"@id":"https:\/\/www.ogl-kernen.de\/?p=606#primaryimage"},"thumbnailUrl":"https:\/\/www.ogl-kernen.de\/test\/wp-content\/uploads\/2025\/04\/Ballfangzaun-Bolzplatz-scaled-e1746898403803.jpg","keywords":["Ballfangzaun","Bolzplatz"],"articleSection":["Fraktion"],"inLanguage":"de"},{"@type":"WebPage","@id":"https:\/\/www.ogl-kernen.de\/?p=606","url":"https:\/\/www.ogl-kernen.de\/?p=606","name":"Ballfangzaun f\u00fcr den Bolzplatz in der Seestra\u00dfe - OGL Kernen","isPartOf":{"@id":"https:\/\/www.ogl-kernen.de\/#website"},"primaryImageOfPage":{"@id":"https:\/\/www.ogl-kernen.de\/?p=606#primaryimage"},"image":{"@id":"https:\/\/www.ogl-kernen.de\/?p=606#primaryimage"},"thumbnailUrl":"https:\/\/www.ogl-kernen.de\/test\/wp-content\/uploads\/2025\/04\/Ballfangzaun-Bolzplatz-scaled-e1746898403803.jpg","datePublished":"2025-04-24T17:14:00+00:00","dateModified":"2025-05-10T17:45:41+00:00","breadcrumb":{"@id":"https:\/\/www.ogl-kernen.de\/?p=606#breadcrumb"},"inLanguage":"de","potentialAction":[{"@type":"ReadAction","target":["https:\/\/www.ogl-kernen.de\/?p=606"]}]},{"@type":"ImageObject","inLanguage":"de","@id":"https:\/\/www.ogl-kernen.de\/?p=606#primaryimage","url":"https:\/\/www.ogl-kernen.de\/test\/wp-content\/uploads\/2025\/04\/Ballfangzaun-Bolzplatz-scaled-e1746898403803.jpg","contentUrl":"https:\/\/www.ogl-kernen.de\/test\/wp-content\/uploads\/2025\/04\/Ballfangzaun-Bolzplatz-scaled-e1746898403803.jpg","width":250,"height":188,"caption":"OGL Kernen"},{"@type":"BreadcrumbList","@id":"https:\/\/www.ogl-kernen.de\/?p=606#breadcrumb","itemListElement":[{"@type":"ListItem","position":1,"name":"Startseite","item":"https:\/\/www.ogl-kernen.de\/"},{"@type":"ListItem","position":2,"name":"Ballfangzaun f\u00fcr den Bolzplatz in der Seestra\u00dfe"}]},{"@type":"WebSite","@id":"https:\/\/www.ogl-kernen.de\/#website","url":"https:\/\/www.ogl-kernen.de\/","name":"OGL Kernen","description":"nachhaltig - sozial - weltoffen","publisher":{"@id":"https:\/\/www.ogl-kernen.de\/#organization"},"potentialAction":[{"@type":"SearchAction","target":{"@type":"EntryPoint","urlTemplate":"https:\/\/www.ogl-kernen.de\/?s={search_term_string}"},"query-input":"required name=search_term_string"}],"inLanguage":"de"},{"@type":"Organization","@id":"https:\/\/www.ogl-kernen.de\/#organization","name":"OGL Kernen","url":"https:\/\/www.ogl-kernen.de\/","logo":{"@type":"ImageObject","inLanguage":"de","@id":"https:\/\/www.ogl-kernen.de\/#\/schema\/logo\/image\/","url":"https:\/\/www.ogl-kernen.de\/test\/wp-content\/uploads\/2021\/05\/cropped-Logo-ow-scaled-1.jpg","contentUrl":"https:\/\/www.ogl-kernen.de\/test\/wp-content\/uploads\/2021\/05\/cropped-Logo-ow-scaled-1.jpg","width":2560,"height":478,"caption":"OGL Kernen"},"image":{"@id":"https:\/\/www.ogl-kernen.de\/#\/schema\/logo\/image\/"},"sameAs":["https:\/\/www.instagram.com\/ogl_kernen\/"]},{"@type":"Person","@id":"https:\/\/www.ogl-kernen.de\/#\/schema\/person\/383318e5abf332671b59f3be3324ae21","name":"OGL-Fraktion","image":{"@type":"ImageObject","inLanguage":"de","@id":"https:\/\/www.ogl-kernen.de\/#\/schema\/person\/image\/","url":"https:\/\/secure.gravatar.com\/avatar\/8c277aa77efd458be4e74c5e4711238f1c207f7ab927c95bd12c4e7ae71a3314?s=96&d=mm&r=g","contentUrl":"https:\/\/secure.gravatar.com\/avatar\/8c277aa77efd458be4e74c5e4711238f1c207f7ab927c95bd12c4e7ae71a3314?s=96&d=mm&r=g","caption":"OGL-Fraktion"},"url":"https:\/\/www.ogl-kernen.de\/?author=4"}]}},"_links":{"self":[{"href":"https:\/\/www.ogl-kernen.de\/index.php?rest_route=\/wp\/v2\/posts\/606","targetHints":{"allow":["GET"]}}],"collection":[{"href":"https:\/\/www.ogl-kernen.de\/index.php?rest_route=\/wp\/v2\/posts"}],"about":[{"href":"https:\/\/www.ogl-kernen.de\/index.php?rest_route=\/wp\/v2\/types\/post"}],"author":[{"embeddable":true,"href":"https:\/\/www.ogl-kernen.de\/index.php?rest_route=\/wp\/v2\/users\/4"}],"replies":[{"embeddable":true,"href":"https:\/\/www.ogl-kernen.de\/index.php?rest_route=%2Fwp%2Fv2%2Fcomments&post=606"}],"version-history":[{"count":3,"href":"https:\/\/www.ogl-kernen.de\/index.php?rest_route=\/wp\/v2\/posts\/606\/revisions"}],"predecessor-version":[{"id":613,"href":"https:\/\/www.ogl-kernen.de\/index.php?rest_route=\/wp\/v2\/posts\/606\/revisions\/613"}],"wp:featuredmedia":[{"embeddable":true,"href":"https:\/\/www.ogl-kernen.de\/index.php?rest_route=\/wp\/v2\/media\/609"}],"wp:attachment":[{"href":"https:\/\/www.ogl-kernen.de\/index.php?rest_route=%2Fwp%2Fv2%2Fmedia&parent=606"}],"wp:term":[{"taxonomy":"category","embeddable":true,"href":"https:\/\/www.ogl-kernen.de\/index.php?rest_route=%2Fwp%2Fv2%2Fcategories&post=606"},{"taxonomy":"post_tag","embeddable":true,"href":"https:\/\/www.ogl-kernen.de\/index.php?rest_route=%2Fwp%2Fv2%2Ftags&post=606"}],"curies":[{"name":"wp","href":"https:\/\/api.w.org\/{rel}","templated":true}]}}