{"id":604,"date":"2025-04-30T19:03:00","date_gmt":"2025-04-30T17:03:00","guid":{"rendered":"https:\/\/www.ogl-kernen.de\/?p=604"},"modified":"2025-05-10T19:08:05","modified_gmt":"2025-05-10T17:08:05","slug":"no-mow-may","status":"publish","type":"post","link":"https:\/\/www.ogl-kernen.de\/?p=604","title":{"rendered":"No mow may"},"content":{"rendered":"\n<p><strong>&#8222;Rasen sollte im Mai nicht gem\u00e4ht werden&#8220;<\/strong>, so lautete vor kurzem die \u00dcberschrift eines Artikels in der STZ. In diesem wird verdeutlicht, was jeder Einzelne, der ein St\u00fcck Rasen vor oder hinter seinem Haus hat, zu mehr Artenvielfalt beitragen kann. (\u00dcbrigens ist die Aktion &#8222;m\u00e4hfreier Mai&#8220; (no mow may) in England entstanden, bekannt f\u00fcr seine naturarmen englischen Rasenfl\u00e4chen.)&nbsp;<strong>Seltener M\u00e4hen<\/strong>? Nur einen Teil meines Rasens m\u00e4hen (was zumindest ein Anfang w\u00e4re)? Ein fast unm\u00f6gliches Unterfangen f\u00fcr jeden peniblen Urschwaben, der alles sch\u00f6n &#8222;ordentlich&#8220; haben m\u00f6chte. Dabei ist es nur eine Frage der Definition, was Ordnung ist. Und&nbsp;<strong>das menschliche Auge ist so flexibel<\/strong>, dass es sich beim Blick aus dem Wohnzimmerfenster auch an L\u00f6wenzahn, Hahnenfu\u00df, Wiesenschaumkraut und Taubnesseln gew\u00f6hnen kann. Pflanzen, die nur wachsen, wenn wenig gem\u00e4ht wird. Pflanzen, die der heimischen Tierwelt Lebensraum bieten. Oder haben Sie etwas gegen&nbsp;<strong>Schmetterlinge, Wildbienen, Igel und V\u00f6gel&nbsp;<\/strong>in ihrem Hausgarten? Und die Ausrede, dass mein&nbsp;<strong>Hausgarten<\/strong>&nbsp;relativ klein ist, z\u00e4hlt nicht. Er ist immerhin einer von 17 Millionen privaten G\u00e4rten in Deutschland, welche durchaus einen positiven&nbsp;<strong>Effekt auf die Biodiversit\u00e4t<\/strong>&nbsp;haben. Deshalb machen sie mit!&nbsp;<strong>Lassen Sie ihren Rasenm\u00e4her im Mai einfach mal im Schuppen stehen<\/strong>. Trauen Sie sich, Ihrem Auge und Ihrem Nachbarn etwas zu (vielleicht macht er ja auch mit). Sie werden sehen, wie sch\u00f6n Natur sein kann.<\/p>\n\n\n\n<p>Matthias Kramer<\/p>\n\n\n\n<p>PS: Auch immer mehr Kommunen gehen dazu \u00fcber, ihre Gr\u00fcnfl\u00e4chen im Mai nicht zu m\u00e4hen und allgemein seltener zu m\u00e4hen oder nur einen Teil der Fl\u00e4che. In Kernen ist hier aber noch etwas Luft nach oben, so mein Eindruck.<\/p>\n","protected":false},"excerpt":{"rendered":"<p>&#8222;Rasen sollte im Mai nicht gem\u00e4ht werden&#8220;, so lautete vor kurzem die \u00dcberschrift eines Artikels in der STZ. In diesem wird verdeutlicht, was jeder Einzelne, der ein St\u00fcck Rasen vor oder hinter seinem Haus hat, zu mehr Artenvielfalt beitragen kann. (\u00dcbrigens ist die Aktion &#8222;m\u00e4hfreier Mai&#8220; (no mow may) in England entstanden, bekannt f\u00fcr seine &hellip;<\/p>\n<p class=\"read-more\"> <a class=\"\" href=\"https:\/\/www.ogl-kernen.de\/?p=604\"> <span class=\"screen-reader-text\">No mow may<\/span> Weiterlesen &raquo;<\/a><\/p>\n","protected":false},"author":3,"featured_media":0,"comment_status":"closed","ping_status":"closed","sticky":false,"template":"","format":"standard","meta":{"site-sidebar-layout":"default","site-content-layout":"default","ast-global-header-display":"","ast-main-header-display":"","ast-hfb-above-header-display":"","ast-hfb-below-header-display":"","ast-hfb-mobile-header-display":"","site-post-title":"","ast-breadcrumbs-content":"","ast-featured-img":"","footer-sml-layout":"","theme-transparent-header-meta":"","adv-header-id-meta":"","stick-header-meta":"","header-above-stick-meta":"","header-main-stick-meta":"","header-below-stick-meta":"","footnotes":""},"categories":[1],"tags":[133,132,134],"class_list":["post-604","post","type-post","status-publish","format-standard","hentry","category-allgemein","tag-hausgarten","tag-maehen","tag-rasen"],"yoast_head":"<!-- This site is optimized with the Yoast SEO plugin v22.2 - https:\/\/yoast.com\/wordpress\/plugins\/seo\/ -->\n<title>No mow may - OGL Kernen<\/title>\n<meta name=\"robots\" content=\"index, follow, max-snippet:-1, max-image-preview:large, max-video-preview:-1\" \/>\n<link rel=\"canonical\" href=\"https:\/\/www.ogl-kernen.de\/?p=604\" \/>\n<meta property=\"og:locale\" content=\"de_DE\" \/>\n<meta property=\"og:type\" content=\"article\" \/>\n<meta property=\"og:title\" content=\"No mow may - OGL Kernen\" \/>\n<meta property=\"og:description\" content=\"&#8222;Rasen sollte im Mai nicht gem\u00e4ht werden&#8220;, so lautete vor kurzem die \u00dcberschrift eines Artikels in der STZ. In diesem wird verdeutlicht, was jeder Einzelne, der ein St\u00fcck Rasen vor oder hinter seinem Haus hat, zu mehr Artenvielfalt beitragen kann. (\u00dcbrigens ist die Aktion &#8222;m\u00e4hfreier Mai&#8220; (no mow may) in England entstanden, bekannt f\u00fcr seine &hellip; No mow may Weiterlesen &raquo;\" \/>\n<meta property=\"og:url\" content=\"https:\/\/www.ogl-kernen.de\/?p=604\" \/>\n<meta property=\"og:site_name\" content=\"OGL Kernen\" \/>\n<meta property=\"article:published_time\" content=\"2025-04-30T17:03:00+00:00\" \/>\n<meta property=\"article:modified_time\" content=\"2025-05-10T17:08:05+00:00\" \/>\n<meta name=\"author\" content=\"Matthias Kramer\" \/>\n<meta name=\"twitter:card\" content=\"summary_large_image\" \/>\n<meta name=\"twitter:label1\" content=\"Verfasst von\" \/>\n\t<meta name=\"twitter:data1\" content=\"Matthias Kramer\" \/>\n\t<meta name=\"twitter:label2\" content=\"Gesch\u00e4tzte Lesezeit\" \/>\n\t<meta name=\"twitter:data2\" content=\"2\u00a0Minuten\" \/>\n<script type=\"application\/ld+json\" class=\"yoast-schema-graph\">{\"@context\":\"https:\/\/schema.org\",\"@graph\":[{\"@type\":\"Article\",\"@id\":\"https:\/\/www.ogl-kernen.de\/?p=604#article\",\"isPartOf\":{\"@id\":\"https:\/\/www.ogl-kernen.de\/?p=604\"},\"author\":{\"name\":\"Matthias Kramer\",\"@id\":\"https:\/\/www.ogl-kernen.de\/#\/schema\/person\/92d45b78564a61718a56f762c5c32250\"},\"headline\":\"No mow may\",\"datePublished\":\"2025-04-30T17:03:00+00:00\",\"dateModified\":\"2025-05-10T17:08:05+00:00\",\"mainEntityOfPage\":{\"@id\":\"https:\/\/www.ogl-kernen.de\/?p=604\"},\"wordCount\":296,\"publisher\":{\"@id\":\"https:\/\/www.ogl-kernen.de\/#organization\"},\"keywords\":[\"Hausgarten\",\"M\u00e4hen\",\"Rasen\"],\"inLanguage\":\"de\"},{\"@type\":\"WebPage\",\"@id\":\"https:\/\/www.ogl-kernen.de\/?p=604\",\"url\":\"https:\/\/www.ogl-kernen.de\/?p=604\",\"name\":\"No mow may - OGL Kernen\",\"isPartOf\":{\"@id\":\"https:\/\/www.ogl-kernen.de\/#website\"},\"datePublished\":\"2025-04-30T17:03:00+00:00\",\"dateModified\":\"2025-05-10T17:08:05+00:00\",\"breadcrumb\":{\"@id\":\"https:\/\/www.ogl-kernen.de\/?p=604#breadcrumb\"},\"inLanguage\":\"de\",\"potentialAction\":[{\"@type\":\"ReadAction\",\"target\":[\"https:\/\/www.ogl-kernen.de\/?p=604\"]}]},{\"@type\":\"BreadcrumbList\",\"@id\":\"https:\/\/www.ogl-kernen.de\/?p=604#breadcrumb\",\"itemListElement\":[{\"@type\":\"ListItem\",\"position\":1,\"name\":\"Startseite\",\"item\":\"https:\/\/www.ogl-kernen.de\/\"},{\"@type\":\"ListItem\",\"position\":2,\"name\":\"No mow may\"}]},{\"@type\":\"WebSite\",\"@id\":\"https:\/\/www.ogl-kernen.de\/#website\",\"url\":\"https:\/\/www.ogl-kernen.de\/\",\"name\":\"OGL Kernen\",\"description\":\"nachhaltig - sozial - weltoffen\",\"publisher\":{\"@id\":\"https:\/\/www.ogl-kernen.de\/#organization\"},\"potentialAction\":[{\"@type\":\"SearchAction\",\"target\":{\"@type\":\"EntryPoint\",\"urlTemplate\":\"https:\/\/www.ogl-kernen.de\/?s={search_term_string}\"},\"query-input\":\"required name=search_term_string\"}],\"inLanguage\":\"de\"},{\"@type\":\"Organization\",\"@id\":\"https:\/\/www.ogl-kernen.de\/#organization\",\"name\":\"OGL Kernen\",\"url\":\"https:\/\/www.ogl-kernen.de\/\",\"logo\":{\"@type\":\"ImageObject\",\"inLanguage\":\"de\",\"@id\":\"https:\/\/www.ogl-kernen.de\/#\/schema\/logo\/image\/\",\"url\":\"https:\/\/www.ogl-kernen.de\/test\/wp-content\/uploads\/2021\/05\/cropped-Logo-ow-scaled-1.jpg\",\"contentUrl\":\"https:\/\/www.ogl-kernen.de\/test\/wp-content\/uploads\/2021\/05\/cropped-Logo-ow-scaled-1.jpg\",\"width\":2560,\"height\":478,\"caption\":\"OGL Kernen\"},\"image\":{\"@id\":\"https:\/\/www.ogl-kernen.de\/#\/schema\/logo\/image\/\"},\"sameAs\":[\"https:\/\/www.instagram.com\/ogl_kernen\/\"]},{\"@type\":\"Person\",\"@id\":\"https:\/\/www.ogl-kernen.de\/#\/schema\/person\/92d45b78564a61718a56f762c5c32250\",\"name\":\"Matthias Kramer\",\"image\":{\"@type\":\"ImageObject\",\"inLanguage\":\"de\",\"@id\":\"https:\/\/www.ogl-kernen.de\/#\/schema\/person\/image\/\",\"url\":\"https:\/\/secure.gravatar.com\/avatar\/eca732170f439564e0de7ff140dc083abd1fcf055dfd83a8985c214a6afa79c9?s=96&d=mm&r=g\",\"contentUrl\":\"https:\/\/secure.gravatar.com\/avatar\/eca732170f439564e0de7ff140dc083abd1fcf055dfd83a8985c214a6afa79c9?s=96&d=mm&r=g\",\"caption\":\"Matthias Kramer\"},\"url\":\"https:\/\/www.ogl-kernen.de\/?author=3\"}]}<\/script>\n<!-- \/ Yoast SEO plugin. -->","yoast_head_json":{"title":"No mow may - OGL Kernen","robots":{"index":"index","follow":"follow","max-snippet":"max-snippet:-1","max-image-preview":"max-image-preview:large","max-video-preview":"max-video-preview:-1"},"canonical":"https:\/\/www.ogl-kernen.de\/?p=604","og_locale":"de_DE","og_type":"article","og_title":"No mow may - OGL Kernen","og_description":"&#8222;Rasen sollte im Mai nicht gem\u00e4ht werden&#8220;, so lautete vor kurzem die \u00dcberschrift eines Artikels in der STZ. In diesem wird verdeutlicht, was jeder Einzelne, der ein St\u00fcck Rasen vor oder hinter seinem Haus hat, zu mehr Artenvielfalt beitragen kann. (\u00dcbrigens ist die Aktion &#8222;m\u00e4hfreier Mai&#8220; (no mow may) in England entstanden, bekannt f\u00fcr seine &hellip; No mow may Weiterlesen &raquo;","og_url":"https:\/\/www.ogl-kernen.de\/?p=604","og_site_name":"OGL Kernen","article_published_time":"2025-04-30T17:03:00+00:00","article_modified_time":"2025-05-10T17:08:05+00:00","author":"Matthias Kramer","twitter_card":"summary_large_image","twitter_misc":{"Verfasst von":"Matthias Kramer","Gesch\u00e4tzte Lesezeit":"2\u00a0Minuten"},"schema":{"@context":"https:\/\/schema.org","@graph":[{"@type":"Article","@id":"https:\/\/www.ogl-kernen.de\/?p=604#article","isPartOf":{"@id":"https:\/\/www.ogl-kernen.de\/?p=604"},"author":{"name":"Matthias Kramer","@id":"https:\/\/www.ogl-kernen.de\/#\/schema\/person\/92d45b78564a61718a56f762c5c32250"},"headline":"No mow may","datePublished":"2025-04-30T17:03:00+00:00","dateModified":"2025-05-10T17:08:05+00:00","mainEntityOfPage":{"@id":"https:\/\/www.ogl-kernen.de\/?p=604"},"wordCount":296,"publisher":{"@id":"https:\/\/www.ogl-kernen.de\/#organization"},"keywords":["Hausgarten","M\u00e4hen","Rasen"],"inLanguage":"de"},{"@type":"WebPage","@id":"https:\/\/www.ogl-kernen.de\/?p=604","url":"https:\/\/www.ogl-kernen.de\/?p=604","name":"No mow may - OGL Kernen","isPartOf":{"@id":"https:\/\/www.ogl-kernen.de\/#website"},"datePublished":"2025-04-30T17:03:00+00:00","dateModified":"2025-05-10T17:08:05+00:00","breadcrumb":{"@id":"https:\/\/www.ogl-kernen.de\/?p=604#breadcrumb"},"inLanguage":"de","potentialAction":[{"@type":"ReadAction","target":["https:\/\/www.ogl-kernen.de\/?p=604"]}]},{"@type":"BreadcrumbList","@id":"https:\/\/www.ogl-kernen.de\/?p=604#breadcrumb","itemListElement":[{"@type":"ListItem","position":1,"name":"Startseite","item":"https:\/\/www.ogl-kernen.de\/"},{"@type":"ListItem","position":2,"name":"No mow may"}]},{"@type":"WebSite","@id":"https:\/\/www.ogl-kernen.de\/#website","url":"https:\/\/www.ogl-kernen.de\/","name":"OGL Kernen","description":"nachhaltig - sozial - weltoffen","publisher":{"@id":"https:\/\/www.ogl-kernen.de\/#organization"},"potentialAction":[{"@type":"SearchAction","target":{"@type":"EntryPoint","urlTemplate":"https:\/\/www.ogl-kernen.de\/?s={search_term_string}"},"query-input":"required name=search_term_string"}],"inLanguage":"de"},{"@type":"Organization","@id":"https:\/\/www.ogl-kernen.de\/#organization","name":"OGL Kernen","url":"https:\/\/www.ogl-kernen.de\/","logo":{"@type":"ImageObject","inLanguage":"de","@id":"https:\/\/www.ogl-kernen.de\/#\/schema\/logo\/image\/","url":"https:\/\/www.ogl-kernen.de\/test\/wp-content\/uploads\/2021\/05\/cropped-Logo-ow-scaled-1.jpg","contentUrl":"https:\/\/www.ogl-kernen.de\/test\/wp-content\/uploads\/2021\/05\/cropped-Logo-ow-scaled-1.jpg","width":2560,"height":478,"caption":"OGL Kernen"},"image":{"@id":"https:\/\/www.ogl-kernen.de\/#\/schema\/logo\/image\/"},"sameAs":["https:\/\/www.instagram.com\/ogl_kernen\/"]},{"@type":"Person","@id":"https:\/\/www.ogl-kernen.de\/#\/schema\/person\/92d45b78564a61718a56f762c5c32250","name":"Matthias Kramer","image":{"@type":"ImageObject","inLanguage":"de","@id":"https:\/\/www.ogl-kernen.de\/#\/schema\/person\/image\/","url":"https:\/\/secure.gravatar.com\/avatar\/eca732170f439564e0de7ff140dc083abd1fcf055dfd83a8985c214a6afa79c9?s=96&d=mm&r=g","contentUrl":"https:\/\/secure.gravatar.com\/avatar\/eca732170f439564e0de7ff140dc083abd1fcf055dfd83a8985c214a6afa79c9?s=96&d=mm&r=g","caption":"Matthias Kramer"},"url":"https:\/\/www.ogl-kernen.de\/?author=3"}]}},"_links":{"self":[{"href":"https:\/\/www.ogl-kernen.de\/index.php?rest_route=\/wp\/v2\/posts\/604","targetHints":{"allow":["GET"]}}],"collection":[{"href":"https:\/\/www.ogl-kernen.de\/index.php?rest_route=\/wp\/v2\/posts"}],"about":[{"href":"https:\/\/www.ogl-kernen.de\/index.php?rest_route=\/wp\/v2\/types\/post"}],"author":[{"embeddable":true,"href":"https:\/\/www.ogl-kernen.de\/index.php?rest_route=\/wp\/v2\/users\/3"}],"replies":[{"embeddable":true,"href":"https:\/\/www.ogl-kernen.de\/index.php?rest_route=%2Fwp%2Fv2%2Fcomments&post=604"}],"version-history":[{"count":1,"href":"https:\/\/www.ogl-kernen.de\/index.php?rest_route=\/wp\/v2\/posts\/604\/revisions"}],"predecessor-version":[{"id":605,"href":"https:\/\/www.ogl-kernen.de\/index.php?rest_route=\/wp\/v2\/posts\/604\/revisions\/605"}],"wp:attachment":[{"href":"https:\/\/www.ogl-kernen.de\/index.php?rest_route=%2Fwp%2Fv2%2Fmedia&parent=604"}],"wp:term":[{"taxonomy":"category","embeddable":true,"href":"https:\/\/www.ogl-kernen.de\/index.php?rest_route=%2Fwp%2Fv2%2Fcategories&post=604"},{"taxonomy":"post_tag","embeddable":true,"href":"https:\/\/www.ogl-kernen.de\/index.php?rest_route=%2Fwp%2Fv2%2Ftags&post=604"}],"curies":[{"name":"wp","href":"https:\/\/api.w.org\/{rel}","templated":true}]}}