{"id":600,"date":"2025-05-07T18:55:01","date_gmt":"2025-05-07T16:55:01","guid":{"rendered":"https:\/\/www.ogl-kernen.de\/?p=600"},"modified":"2025-05-10T19:09:42","modified_gmt":"2025-05-10T17:09:42","slug":"ein-neuer-baum-fuer-frieden-und-freundschaft","status":"publish","type":"post","link":"https:\/\/www.ogl-kernen.de\/?p=600","title":{"rendered":"Ein neuer Baum f\u00fcr Frieden und Freundschaft"},"content":{"rendered":"\n<p>\u201eLiebe f\u00fcr alle, Hass f\u00fcr keinen\u201c steht gro\u00df auf dem kleinen T\u00e4felchen, das am neu gepflanzten Baum h\u00e4ngt. Diese \u00dcberschrift kommt direkt von den Spendenden, der Ahmadiyya Gemeinde Deutschland, deren lokale Vertreter auch die Pflanzaktion am vergangenen Freitag gemeinsam mit dem kommunalen Bauhofteam organisiert haben.<\/p>\n\n\n\n<p>Der Baum steht als Zeichen f\u00fcr Frieden und Freundschaft, was auch durch die Impulse zu Beginn der Veranstaltung unterstrichen wurde. Das kunstvoll vorgetragenen Koran-Rezitat forderte dazu auf gute Worte zu s\u00e4en, denn aus ihnen wird Gutes wachsen, wie aus einem Samen, ein bl\u00fchender Baum. Ein Gedanke, der auf jeden Fall Beherzigung verdient. Nachdem der Baum Schaufel f\u00fcr Schaufel gepflanzt war, kamen \u00fcberall interessante Gespr\u00e4che zustande und es wurden gemeinsam pakistanische K\u00f6stlichkeiten genossen.<\/p>\n\n\n\n<p>Der junge Baum steht direkt neben dem Bikepark, einem Ort, an dem er in Zukunft ganz unterschiedlichen Menschen gefallen und Schatten spenden wird. Wie wir finden, steht er aber auch als wundersch\u00f6nes Zeichen f\u00fcr interkulturelles Kennenlernen, gemeinsames Wachsen und Zusammenhalten.<\/p>\n\n\n\n<p>Sara Tadix, Moritz Seifert und Matthias Kramer<\/p>\n\n\n\n<p>PS: In unserem Artikel &#8222;Verbesserung der Fahrradinfrastruktur&#8220; von vergangener Woche ist uns ein Fehler unterlaufen. Es ging um sieben konkrete Ma\u00dfnahmen zum Thema Fahrradfahren, zusammengefasst in einem Haushaltsantrag. Wir hatten diesen Antrag zusammen mit dem &#8222;B\u00fcndnis Zukunft Gestalten&#8220; (BZG) gestellt und nicht, wie versehentlich geschrieben, mit dem PFB.<\/p>\n","protected":false},"excerpt":{"rendered":"<p>\u201eLiebe f\u00fcr alle, Hass f\u00fcr keinen\u201c steht gro\u00df auf dem kleinen T\u00e4felchen, das am neu gepflanzten Baum h\u00e4ngt. Diese \u00dcberschrift kommt direkt von den Spendenden, der Ahmadiyya Gemeinde Deutschland, deren lokale Vertreter auch die Pflanzaktion am vergangenen Freitag gemeinsam mit dem kommunalen Bauhofteam organisiert haben. Der Baum steht als Zeichen f\u00fcr Frieden und Freundschaft, was &hellip;<\/p>\n<p class=\"read-more\"> <a class=\"\" href=\"https:\/\/www.ogl-kernen.de\/?p=600\"> <span class=\"screen-reader-text\">Ein neuer Baum f\u00fcr Frieden und Freundschaft<\/span> Weiterlesen &raquo;<\/a><\/p>\n","protected":false},"author":4,"featured_media":0,"comment_status":"closed","ping_status":"closed","sticky":false,"template":"","format":"standard","meta":{"site-sidebar-layout":"default","site-content-layout":"default","ast-global-header-display":"","ast-main-header-display":"","ast-hfb-above-header-display":"","ast-hfb-below-header-display":"","ast-hfb-mobile-header-display":"","site-post-title":"","ast-breadcrumbs-content":"","ast-featured-img":"","footer-sml-layout":"","theme-transparent-header-meta":"","adv-header-id-meta":"","stick-header-meta":"","header-above-stick-meta":"","header-main-stick-meta":"","header-below-stick-meta":"","footnotes":""},"categories":[4],"tags":[136,135],"class_list":["post-600","post","type-post","status-publish","format-standard","hentry","category-fraktion","tag-baum","tag-pflanzaktion"],"yoast_head":"<!-- This site is optimized with the Yoast SEO plugin v22.2 - https:\/\/yoast.com\/wordpress\/plugins\/seo\/ -->\n<title>Ein neuer Baum f\u00fcr Frieden und Freundschaft - OGL Kernen<\/title>\n<meta name=\"robots\" content=\"index, follow, max-snippet:-1, max-image-preview:large, max-video-preview:-1\" \/>\n<link rel=\"canonical\" href=\"https:\/\/www.ogl-kernen.de\/?p=600\" \/>\n<meta property=\"og:locale\" content=\"de_DE\" \/>\n<meta property=\"og:type\" content=\"article\" \/>\n<meta property=\"og:title\" content=\"Ein neuer Baum f\u00fcr Frieden und Freundschaft - OGL Kernen\" \/>\n<meta property=\"og:description\" content=\"\u201eLiebe f\u00fcr alle, Hass f\u00fcr keinen\u201c steht gro\u00df auf dem kleinen T\u00e4felchen, das am neu gepflanzten Baum h\u00e4ngt. Diese \u00dcberschrift kommt direkt von den Spendenden, der Ahmadiyya Gemeinde Deutschland, deren lokale Vertreter auch die Pflanzaktion am vergangenen Freitag gemeinsam mit dem kommunalen Bauhofteam organisiert haben. Der Baum steht als Zeichen f\u00fcr Frieden und Freundschaft, was &hellip; Ein neuer Baum f\u00fcr Frieden und Freundschaft Weiterlesen &raquo;\" \/>\n<meta property=\"og:url\" content=\"https:\/\/www.ogl-kernen.de\/?p=600\" \/>\n<meta property=\"og:site_name\" content=\"OGL Kernen\" \/>\n<meta property=\"article:published_time\" content=\"2025-05-07T16:55:01+00:00\" \/>\n<meta property=\"article:modified_time\" content=\"2025-05-10T17:09:42+00:00\" \/>\n<meta name=\"author\" content=\"OGL-Fraktion\" \/>\n<meta name=\"twitter:card\" content=\"summary_large_image\" \/>\n<meta name=\"twitter:label1\" content=\"Verfasst von\" \/>\n\t<meta name=\"twitter:data1\" content=\"OGL-Fraktion\" \/>\n\t<meta name=\"twitter:label2\" content=\"Gesch\u00e4tzte Lesezeit\" \/>\n\t<meta name=\"twitter:data2\" content=\"2\u00a0Minuten\" \/>\n<script type=\"application\/ld+json\" class=\"yoast-schema-graph\">{\"@context\":\"https:\/\/schema.org\",\"@graph\":[{\"@type\":\"Article\",\"@id\":\"https:\/\/www.ogl-kernen.de\/?p=600#article\",\"isPartOf\":{\"@id\":\"https:\/\/www.ogl-kernen.de\/?p=600\"},\"author\":{\"name\":\"OGL-Fraktion\",\"@id\":\"https:\/\/www.ogl-kernen.de\/#\/schema\/person\/383318e5abf332671b59f3be3324ae21\"},\"headline\":\"Ein neuer Baum f\u00fcr Frieden und Freundschaft\",\"datePublished\":\"2025-05-07T16:55:01+00:00\",\"dateModified\":\"2025-05-10T17:09:42+00:00\",\"mainEntityOfPage\":{\"@id\":\"https:\/\/www.ogl-kernen.de\/?p=600\"},\"wordCount\":234,\"publisher\":{\"@id\":\"https:\/\/www.ogl-kernen.de\/#organization\"},\"keywords\":[\"Baum\",\"Pflanzaktion\"],\"articleSection\":[\"Fraktion\"],\"inLanguage\":\"de\"},{\"@type\":\"WebPage\",\"@id\":\"https:\/\/www.ogl-kernen.de\/?p=600\",\"url\":\"https:\/\/www.ogl-kernen.de\/?p=600\",\"name\":\"Ein neuer Baum f\u00fcr Frieden und Freundschaft - OGL Kernen\",\"isPartOf\":{\"@id\":\"https:\/\/www.ogl-kernen.de\/#website\"},\"datePublished\":\"2025-05-07T16:55:01+00:00\",\"dateModified\":\"2025-05-10T17:09:42+00:00\",\"breadcrumb\":{\"@id\":\"https:\/\/www.ogl-kernen.de\/?p=600#breadcrumb\"},\"inLanguage\":\"de\",\"potentialAction\":[{\"@type\":\"ReadAction\",\"target\":[\"https:\/\/www.ogl-kernen.de\/?p=600\"]}]},{\"@type\":\"BreadcrumbList\",\"@id\":\"https:\/\/www.ogl-kernen.de\/?p=600#breadcrumb\",\"itemListElement\":[{\"@type\":\"ListItem\",\"position\":1,\"name\":\"Startseite\",\"item\":\"https:\/\/www.ogl-kernen.de\/\"},{\"@type\":\"ListItem\",\"position\":2,\"name\":\"Ein neuer Baum f\u00fcr Frieden und Freundschaft\"}]},{\"@type\":\"WebSite\",\"@id\":\"https:\/\/www.ogl-kernen.de\/#website\",\"url\":\"https:\/\/www.ogl-kernen.de\/\",\"name\":\"OGL Kernen\",\"description\":\"nachhaltig - sozial - weltoffen\",\"publisher\":{\"@id\":\"https:\/\/www.ogl-kernen.de\/#organization\"},\"potentialAction\":[{\"@type\":\"SearchAction\",\"target\":{\"@type\":\"EntryPoint\",\"urlTemplate\":\"https:\/\/www.ogl-kernen.de\/?s={search_term_string}\"},\"query-input\":\"required name=search_term_string\"}],\"inLanguage\":\"de\"},{\"@type\":\"Organization\",\"@id\":\"https:\/\/www.ogl-kernen.de\/#organization\",\"name\":\"OGL Kernen\",\"url\":\"https:\/\/www.ogl-kernen.de\/\",\"logo\":{\"@type\":\"ImageObject\",\"inLanguage\":\"de\",\"@id\":\"https:\/\/www.ogl-kernen.de\/#\/schema\/logo\/image\/\",\"url\":\"https:\/\/www.ogl-kernen.de\/test\/wp-content\/uploads\/2021\/05\/cropped-Logo-ow-scaled-1.jpg\",\"contentUrl\":\"https:\/\/www.ogl-kernen.de\/test\/wp-content\/uploads\/2021\/05\/cropped-Logo-ow-scaled-1.jpg\",\"width\":2560,\"height\":478,\"caption\":\"OGL Kernen\"},\"image\":{\"@id\":\"https:\/\/www.ogl-kernen.de\/#\/schema\/logo\/image\/\"},\"sameAs\":[\"https:\/\/www.instagram.com\/ogl_kernen\/\"]},{\"@type\":\"Person\",\"@id\":\"https:\/\/www.ogl-kernen.de\/#\/schema\/person\/383318e5abf332671b59f3be3324ae21\",\"name\":\"OGL-Fraktion\",\"image\":{\"@type\":\"ImageObject\",\"inLanguage\":\"de\",\"@id\":\"https:\/\/www.ogl-kernen.de\/#\/schema\/person\/image\/\",\"url\":\"https:\/\/secure.gravatar.com\/avatar\/8c277aa77efd458be4e74c5e4711238f1c207f7ab927c95bd12c4e7ae71a3314?s=96&d=mm&r=g\",\"contentUrl\":\"https:\/\/secure.gravatar.com\/avatar\/8c277aa77efd458be4e74c5e4711238f1c207f7ab927c95bd12c4e7ae71a3314?s=96&d=mm&r=g\",\"caption\":\"OGL-Fraktion\"},\"url\":\"https:\/\/www.ogl-kernen.de\/?author=4\"}]}<\/script>\n<!-- \/ Yoast SEO plugin. -->","yoast_head_json":{"title":"Ein neuer Baum f\u00fcr Frieden und Freundschaft - OGL Kernen","robots":{"index":"index","follow":"follow","max-snippet":"max-snippet:-1","max-image-preview":"max-image-preview:large","max-video-preview":"max-video-preview:-1"},"canonical":"https:\/\/www.ogl-kernen.de\/?p=600","og_locale":"de_DE","og_type":"article","og_title":"Ein neuer Baum f\u00fcr Frieden und Freundschaft - OGL Kernen","og_description":"\u201eLiebe f\u00fcr alle, Hass f\u00fcr keinen\u201c steht gro\u00df auf dem kleinen T\u00e4felchen, das am neu gepflanzten Baum h\u00e4ngt. Diese \u00dcberschrift kommt direkt von den Spendenden, der Ahmadiyya Gemeinde Deutschland, deren lokale Vertreter auch die Pflanzaktion am vergangenen Freitag gemeinsam mit dem kommunalen Bauhofteam organisiert haben. Der Baum steht als Zeichen f\u00fcr Frieden und Freundschaft, was &hellip; Ein neuer Baum f\u00fcr Frieden und Freundschaft Weiterlesen &raquo;","og_url":"https:\/\/www.ogl-kernen.de\/?p=600","og_site_name":"OGL Kernen","article_published_time":"2025-05-07T16:55:01+00:00","article_modified_time":"2025-05-10T17:09:42+00:00","author":"OGL-Fraktion","twitter_card":"summary_large_image","twitter_misc":{"Verfasst von":"OGL-Fraktion","Gesch\u00e4tzte Lesezeit":"2\u00a0Minuten"},"schema":{"@context":"https:\/\/schema.org","@graph":[{"@type":"Article","@id":"https:\/\/www.ogl-kernen.de\/?p=600#article","isPartOf":{"@id":"https:\/\/www.ogl-kernen.de\/?p=600"},"author":{"name":"OGL-Fraktion","@id":"https:\/\/www.ogl-kernen.de\/#\/schema\/person\/383318e5abf332671b59f3be3324ae21"},"headline":"Ein neuer Baum f\u00fcr Frieden und Freundschaft","datePublished":"2025-05-07T16:55:01+00:00","dateModified":"2025-05-10T17:09:42+00:00","mainEntityOfPage":{"@id":"https:\/\/www.ogl-kernen.de\/?p=600"},"wordCount":234,"publisher":{"@id":"https:\/\/www.ogl-kernen.de\/#organization"},"keywords":["Baum","Pflanzaktion"],"articleSection":["Fraktion"],"inLanguage":"de"},{"@type":"WebPage","@id":"https:\/\/www.ogl-kernen.de\/?p=600","url":"https:\/\/www.ogl-kernen.de\/?p=600","name":"Ein neuer Baum f\u00fcr Frieden und Freundschaft - OGL Kernen","isPartOf":{"@id":"https:\/\/www.ogl-kernen.de\/#website"},"datePublished":"2025-05-07T16:55:01+00:00","dateModified":"2025-05-10T17:09:42+00:00","breadcrumb":{"@id":"https:\/\/www.ogl-kernen.de\/?p=600#breadcrumb"},"inLanguage":"de","potentialAction":[{"@type":"ReadAction","target":["https:\/\/www.ogl-kernen.de\/?p=600"]}]},{"@type":"BreadcrumbList","@id":"https:\/\/www.ogl-kernen.de\/?p=600#breadcrumb","itemListElement":[{"@type":"ListItem","position":1,"name":"Startseite","item":"https:\/\/www.ogl-kernen.de\/"},{"@type":"ListItem","position":2,"name":"Ein neuer Baum f\u00fcr Frieden und Freundschaft"}]},{"@type":"WebSite","@id":"https:\/\/www.ogl-kernen.de\/#website","url":"https:\/\/www.ogl-kernen.de\/","name":"OGL Kernen","description":"nachhaltig - sozial - weltoffen","publisher":{"@id":"https:\/\/www.ogl-kernen.de\/#organization"},"potentialAction":[{"@type":"SearchAction","target":{"@type":"EntryPoint","urlTemplate":"https:\/\/www.ogl-kernen.de\/?s={search_term_string}"},"query-input":"required name=search_term_string"}],"inLanguage":"de"},{"@type":"Organization","@id":"https:\/\/www.ogl-kernen.de\/#organization","name":"OGL Kernen","url":"https:\/\/www.ogl-kernen.de\/","logo":{"@type":"ImageObject","inLanguage":"de","@id":"https:\/\/www.ogl-kernen.de\/#\/schema\/logo\/image\/","url":"https:\/\/www.ogl-kernen.de\/test\/wp-content\/uploads\/2021\/05\/cropped-Logo-ow-scaled-1.jpg","contentUrl":"https:\/\/www.ogl-kernen.de\/test\/wp-content\/uploads\/2021\/05\/cropped-Logo-ow-scaled-1.jpg","width":2560,"height":478,"caption":"OGL Kernen"},"image":{"@id":"https:\/\/www.ogl-kernen.de\/#\/schema\/logo\/image\/"},"sameAs":["https:\/\/www.instagram.com\/ogl_kernen\/"]},{"@type":"Person","@id":"https:\/\/www.ogl-kernen.de\/#\/schema\/person\/383318e5abf332671b59f3be3324ae21","name":"OGL-Fraktion","image":{"@type":"ImageObject","inLanguage":"de","@id":"https:\/\/www.ogl-kernen.de\/#\/schema\/person\/image\/","url":"https:\/\/secure.gravatar.com\/avatar\/8c277aa77efd458be4e74c5e4711238f1c207f7ab927c95bd12c4e7ae71a3314?s=96&d=mm&r=g","contentUrl":"https:\/\/secure.gravatar.com\/avatar\/8c277aa77efd458be4e74c5e4711238f1c207f7ab927c95bd12c4e7ae71a3314?s=96&d=mm&r=g","caption":"OGL-Fraktion"},"url":"https:\/\/www.ogl-kernen.de\/?author=4"}]}},"_links":{"self":[{"href":"https:\/\/www.ogl-kernen.de\/index.php?rest_route=\/wp\/v2\/posts\/600","targetHints":{"allow":["GET"]}}],"collection":[{"href":"https:\/\/www.ogl-kernen.de\/index.php?rest_route=\/wp\/v2\/posts"}],"about":[{"href":"https:\/\/www.ogl-kernen.de\/index.php?rest_route=\/wp\/v2\/types\/post"}],"author":[{"embeddable":true,"href":"https:\/\/www.ogl-kernen.de\/index.php?rest_route=\/wp\/v2\/users\/4"}],"replies":[{"embeddable":true,"href":"https:\/\/www.ogl-kernen.de\/index.php?rest_route=%2Fwp%2Fv2%2Fcomments&post=600"}],"version-history":[{"count":1,"href":"https:\/\/www.ogl-kernen.de\/index.php?rest_route=\/wp\/v2\/posts\/600\/revisions"}],"predecessor-version":[{"id":601,"href":"https:\/\/www.ogl-kernen.de\/index.php?rest_route=\/wp\/v2\/posts\/600\/revisions\/601"}],"wp:attachment":[{"href":"https:\/\/www.ogl-kernen.de\/index.php?rest_route=%2Fwp%2Fv2%2Fmedia&parent=600"}],"wp:term":[{"taxonomy":"category","embeddable":true,"href":"https:\/\/www.ogl-kernen.de\/index.php?rest_route=%2Fwp%2Fv2%2Fcategories&post=600"},{"taxonomy":"post_tag","embeddable":true,"href":"https:\/\/www.ogl-kernen.de\/index.php?rest_route=%2Fwp%2Fv2%2Ftags&post=600"}],"curies":[{"name":"wp","href":"https:\/\/api.w.org\/{rel}","templated":true}]}}