{"id":552,"date":"2024-11-06T17:43:10","date_gmt":"2024-11-06T16:43:10","guid":{"rendered":"https:\/\/www.ogl-kernen.de\/?p=552"},"modified":"2024-11-20T18:09:04","modified_gmt":"2024-11-20T17:09:04","slug":"grundsteuerreform-was-macht-kernen","status":"publish","type":"post","link":"https:\/\/www.ogl-kernen.de\/?p=552","title":{"rendered":"Grundsteuerreform &#8211; Was macht Kernen?"},"content":{"rendered":"\n<p>&#8222;Werde ich ab 2025 mehr oder weniger Grundsteuer bezahlen m\u00fcssen?&#8220; Das fragen sich zurzeit viele Menschen in Kernen. Und zwar sowohl H\u00e4usles Besitzende als auch Mieterinnen und Mieter, die ja vom Vermietenden \u00fcber die Nebenkosten an der Grundsteuer beteiligt werden. Noch gibt es f\u00fcr Kernen keine endg\u00fcltigen Zahlen. <strong>Jedoch kann sich jede und jeder \u00fcber den vom Finanzamt erhaltenen Grundsteuermessbescheid ausrechnen, was sie oder er zuk\u00fcnftig in etwa an Grundsteuer zu entrichten hat.<\/strong> Der Grundsteuermessbescheid wurde vom Finanzamt \u00fcbrigens so berechnet: Gr\u00f6\u00dfe des Grundst\u00fccks (qm) x Bodenrichtwert (\u20ac\/qm, von Gutachtern festgelegt) x erm\u00e4\u00dfigte Steuermesszahl (0,91 v.T.) = Steuermessbetrag. <strong>Diesen Steuermessbetrag gilt es mit dem Hebesatz zu multiplizieren, welchen aber der Gemeinderat bisher noch nicht festgelegt hat.<\/strong> Konsens d\u00fcrfte jedoch bestehen, dass Kernen 2025 in der Summe nicht mehr Grundsteuer einnehmen m\u00f6chte als bisher. <strong>Das Finanzministerium BW hat anhand der eingegangenen Daten ein &#8222;Transparenzregister&#8220; erstellt. <\/strong>Dieses zeigt, wie hoch der Hebesatz f\u00fcr eine Kommune sein m\u00fcsste, um in etwa gleich viel einzunehmen wie bisher.<strong> F\u00fcr Kernen wurde ein Hebesatz zwischen 209 und 231 errechnet.<\/strong> (Hebesatz bisher: 385) <strong>Wenn Sie also den Ihnen vorliegenden Steuermessbetrag mit 2,09 bzw. 2,31 multiplizieren, so erhalten Sie in etwa den zuk\u00fcnftig zu entrichtenden Betrag f\u00fcr die Grundsteuer B (bebaute Grundst\u00fccke)<\/strong>. F\u00fcr manche wird der Betrag niedriger werden als bisher, f\u00fcr manche h\u00f6her. Es wird also wie bei fast jeder Steuerreform <strong>&#8222;Gewinner und Verlierer&#8220; <\/strong>geben. Prinzipiell werden Menschen, die in H\u00e4usern mit geringer Grundst\u00fccksgr\u00f6\u00dfe leben, weniger zur Kasse gebeten werden. Menschen, die auf sehr gro\u00dfen Grundst\u00fccken ihr Haus stehen haben, werden aber einiges mehr bezahlen m\u00fcssen. Daran kann Kernen aber nichts \u00e4ndern. <strong>Die Entscheidung, die Grundsteuer ab 2025 nur nach der Grundst\u00fccksgr\u00f6\u00dfe zu berechnen, unabh\u00e4ngig von Hausgr\u00f6\u00dfe\/Wohnfl\u00e4che, wurde von der Landesregierung getroffen.<\/strong> Ein Steuerungselement, damit zuk\u00fcnftig mehr in die H\u00f6he als in die Breite gebaut wird und somit weniger Natur zerst\u00f6rt und Fl\u00e4chen versiegelt werden. F\u00fcr derzeitige Besitzer von kleinen H\u00e4usern in gro\u00dfen G\u00e4rten\/Grundst\u00fccken (mit dazu noch kleinen Baufenstern) ist diese Reform jedoch wahrscheinlich nur sehr schwer nachvollziehbar.<\/p>\n\n\n\n<p>Matthias Kramer<\/p>\n","protected":false},"excerpt":{"rendered":"<p>&#8222;Werde ich ab 2025 mehr oder weniger Grundsteuer bezahlen m\u00fcssen?&#8220; Das fragen sich zurzeit viele Menschen in Kernen. Und zwar sowohl H\u00e4usles Besitzende als auch Mieterinnen und Mieter, die ja vom Vermietenden \u00fcber die Nebenkosten an der Grundsteuer beteiligt werden. Noch gibt es f\u00fcr Kernen keine endg\u00fcltigen Zahlen. Jedoch kann sich jede und jeder \u00fcber &hellip;<\/p>\n<p class=\"read-more\"> <a class=\"\" href=\"https:\/\/www.ogl-kernen.de\/?p=552\"> <span class=\"screen-reader-text\">Grundsteuerreform &#8211; Was macht Kernen?<\/span> Weiterlesen &raquo;<\/a><\/p>\n","protected":false},"author":3,"featured_media":0,"comment_status":"closed","ping_status":"closed","sticky":false,"template":"","format":"standard","meta":{"site-sidebar-layout":"default","site-content-layout":"default","ast-global-header-display":"","ast-main-header-display":"","ast-hfb-above-header-display":"","ast-hfb-below-header-display":"","ast-hfb-mobile-header-display":"","site-post-title":"","ast-breadcrumbs-content":"","ast-featured-img":"","footer-sml-layout":"","theme-transparent-header-meta":"","adv-header-id-meta":"","stick-header-meta":"","header-above-stick-meta":"","header-main-stick-meta":"","header-below-stick-meta":"","footnotes":""},"categories":[4],"tags":[109],"class_list":["post-552","post","type-post","status-publish","format-standard","hentry","category-fraktion","tag-grundsteuer"],"yoast_head":"<!-- This site is optimized with the Yoast SEO plugin v22.2 - https:\/\/yoast.com\/wordpress\/plugins\/seo\/ -->\n<title>Grundsteuerreform - Was macht Kernen? - OGL Kernen<\/title>\n<meta name=\"robots\" content=\"index, follow, max-snippet:-1, max-image-preview:large, max-video-preview:-1\" \/>\n<link rel=\"canonical\" href=\"https:\/\/www.ogl-kernen.de\/?p=552\" \/>\n<meta property=\"og:locale\" content=\"de_DE\" \/>\n<meta property=\"og:type\" content=\"article\" \/>\n<meta property=\"og:title\" content=\"Grundsteuerreform - Was macht Kernen? - OGL Kernen\" \/>\n<meta property=\"og:description\" content=\"&#8222;Werde ich ab 2025 mehr oder weniger Grundsteuer bezahlen m\u00fcssen?&#8220; Das fragen sich zurzeit viele Menschen in Kernen. Und zwar sowohl H\u00e4usles Besitzende als auch Mieterinnen und Mieter, die ja vom Vermietenden \u00fcber die Nebenkosten an der Grundsteuer beteiligt werden. Noch gibt es f\u00fcr Kernen keine endg\u00fcltigen Zahlen. Jedoch kann sich jede und jeder \u00fcber &hellip; Grundsteuerreform &#8211; Was macht Kernen? Weiterlesen &raquo;\" \/>\n<meta property=\"og:url\" content=\"https:\/\/www.ogl-kernen.de\/?p=552\" \/>\n<meta property=\"og:site_name\" content=\"OGL Kernen\" \/>\n<meta property=\"article:published_time\" content=\"2024-11-06T16:43:10+00:00\" \/>\n<meta property=\"article:modified_time\" content=\"2024-11-20T17:09:04+00:00\" \/>\n<meta name=\"author\" content=\"Matthias Kramer\" \/>\n<meta name=\"twitter:card\" content=\"summary_large_image\" \/>\n<meta name=\"twitter:label1\" content=\"Verfasst von\" \/>\n\t<meta name=\"twitter:data1\" content=\"Matthias Kramer\" \/>\n\t<meta name=\"twitter:label2\" content=\"Gesch\u00e4tzte Lesezeit\" \/>\n\t<meta name=\"twitter:data2\" content=\"2\u00a0Minuten\" \/>\n<script type=\"application\/ld+json\" class=\"yoast-schema-graph\">{\"@context\":\"https:\/\/schema.org\",\"@graph\":[{\"@type\":\"Article\",\"@id\":\"https:\/\/www.ogl-kernen.de\/?p=552#article\",\"isPartOf\":{\"@id\":\"https:\/\/www.ogl-kernen.de\/?p=552\"},\"author\":{\"name\":\"Matthias Kramer\",\"@id\":\"https:\/\/www.ogl-kernen.de\/#\/schema\/person\/92d45b78564a61718a56f762c5c32250\"},\"headline\":\"Grundsteuerreform &#8211; Was macht Kernen?\",\"datePublished\":\"2024-11-06T16:43:10+00:00\",\"dateModified\":\"2024-11-20T17:09:04+00:00\",\"mainEntityOfPage\":{\"@id\":\"https:\/\/www.ogl-kernen.de\/?p=552\"},\"wordCount\":370,\"publisher\":{\"@id\":\"https:\/\/www.ogl-kernen.de\/#organization\"},\"keywords\":[\"Grundsteuer\"],\"articleSection\":[\"Fraktion\"],\"inLanguage\":\"de\"},{\"@type\":\"WebPage\",\"@id\":\"https:\/\/www.ogl-kernen.de\/?p=552\",\"url\":\"https:\/\/www.ogl-kernen.de\/?p=552\",\"name\":\"Grundsteuerreform - Was macht Kernen? - OGL Kernen\",\"isPartOf\":{\"@id\":\"https:\/\/www.ogl-kernen.de\/#website\"},\"datePublished\":\"2024-11-06T16:43:10+00:00\",\"dateModified\":\"2024-11-20T17:09:04+00:00\",\"breadcrumb\":{\"@id\":\"https:\/\/www.ogl-kernen.de\/?p=552#breadcrumb\"},\"inLanguage\":\"de\",\"potentialAction\":[{\"@type\":\"ReadAction\",\"target\":[\"https:\/\/www.ogl-kernen.de\/?p=552\"]}]},{\"@type\":\"BreadcrumbList\",\"@id\":\"https:\/\/www.ogl-kernen.de\/?p=552#breadcrumb\",\"itemListElement\":[{\"@type\":\"ListItem\",\"position\":1,\"name\":\"Startseite\",\"item\":\"https:\/\/www.ogl-kernen.de\/\"},{\"@type\":\"ListItem\",\"position\":2,\"name\":\"Grundsteuerreform &#8211; Was macht Kernen?\"}]},{\"@type\":\"WebSite\",\"@id\":\"https:\/\/www.ogl-kernen.de\/#website\",\"url\":\"https:\/\/www.ogl-kernen.de\/\",\"name\":\"OGL Kernen\",\"description\":\"nachhaltig - sozial - weltoffen\",\"publisher\":{\"@id\":\"https:\/\/www.ogl-kernen.de\/#organization\"},\"potentialAction\":[{\"@type\":\"SearchAction\",\"target\":{\"@type\":\"EntryPoint\",\"urlTemplate\":\"https:\/\/www.ogl-kernen.de\/?s={search_term_string}\"},\"query-input\":\"required name=search_term_string\"}],\"inLanguage\":\"de\"},{\"@type\":\"Organization\",\"@id\":\"https:\/\/www.ogl-kernen.de\/#organization\",\"name\":\"OGL Kernen\",\"url\":\"https:\/\/www.ogl-kernen.de\/\",\"logo\":{\"@type\":\"ImageObject\",\"inLanguage\":\"de\",\"@id\":\"https:\/\/www.ogl-kernen.de\/#\/schema\/logo\/image\/\",\"url\":\"https:\/\/www.ogl-kernen.de\/test\/wp-content\/uploads\/2021\/05\/cropped-Logo-ow-scaled-1.jpg\",\"contentUrl\":\"https:\/\/www.ogl-kernen.de\/test\/wp-content\/uploads\/2021\/05\/cropped-Logo-ow-scaled-1.jpg\",\"width\":2560,\"height\":478,\"caption\":\"OGL Kernen\"},\"image\":{\"@id\":\"https:\/\/www.ogl-kernen.de\/#\/schema\/logo\/image\/\"},\"sameAs\":[\"https:\/\/www.instagram.com\/ogl_kernen\/\"]},{\"@type\":\"Person\",\"@id\":\"https:\/\/www.ogl-kernen.de\/#\/schema\/person\/92d45b78564a61718a56f762c5c32250\",\"name\":\"Matthias Kramer\",\"image\":{\"@type\":\"ImageObject\",\"inLanguage\":\"de\",\"@id\":\"https:\/\/www.ogl-kernen.de\/#\/schema\/person\/image\/\",\"url\":\"https:\/\/secure.gravatar.com\/avatar\/eca732170f439564e0de7ff140dc083abd1fcf055dfd83a8985c214a6afa79c9?s=96&d=mm&r=g\",\"contentUrl\":\"https:\/\/secure.gravatar.com\/avatar\/eca732170f439564e0de7ff140dc083abd1fcf055dfd83a8985c214a6afa79c9?s=96&d=mm&r=g\",\"caption\":\"Matthias Kramer\"},\"url\":\"https:\/\/www.ogl-kernen.de\/?author=3\"}]}<\/script>\n<!-- \/ Yoast SEO plugin. -->","yoast_head_json":{"title":"Grundsteuerreform - Was macht Kernen? - OGL Kernen","robots":{"index":"index","follow":"follow","max-snippet":"max-snippet:-1","max-image-preview":"max-image-preview:large","max-video-preview":"max-video-preview:-1"},"canonical":"https:\/\/www.ogl-kernen.de\/?p=552","og_locale":"de_DE","og_type":"article","og_title":"Grundsteuerreform - Was macht Kernen? - OGL Kernen","og_description":"&#8222;Werde ich ab 2025 mehr oder weniger Grundsteuer bezahlen m\u00fcssen?&#8220; Das fragen sich zurzeit viele Menschen in Kernen. Und zwar sowohl H\u00e4usles Besitzende als auch Mieterinnen und Mieter, die ja vom Vermietenden \u00fcber die Nebenkosten an der Grundsteuer beteiligt werden. Noch gibt es f\u00fcr Kernen keine endg\u00fcltigen Zahlen. Jedoch kann sich jede und jeder \u00fcber &hellip; Grundsteuerreform &#8211; Was macht Kernen? Weiterlesen &raquo;","og_url":"https:\/\/www.ogl-kernen.de\/?p=552","og_site_name":"OGL Kernen","article_published_time":"2024-11-06T16:43:10+00:00","article_modified_time":"2024-11-20T17:09:04+00:00","author":"Matthias Kramer","twitter_card":"summary_large_image","twitter_misc":{"Verfasst von":"Matthias Kramer","Gesch\u00e4tzte Lesezeit":"2\u00a0Minuten"},"schema":{"@context":"https:\/\/schema.org","@graph":[{"@type":"Article","@id":"https:\/\/www.ogl-kernen.de\/?p=552#article","isPartOf":{"@id":"https:\/\/www.ogl-kernen.de\/?p=552"},"author":{"name":"Matthias Kramer","@id":"https:\/\/www.ogl-kernen.de\/#\/schema\/person\/92d45b78564a61718a56f762c5c32250"},"headline":"Grundsteuerreform &#8211; Was macht Kernen?","datePublished":"2024-11-06T16:43:10+00:00","dateModified":"2024-11-20T17:09:04+00:00","mainEntityOfPage":{"@id":"https:\/\/www.ogl-kernen.de\/?p=552"},"wordCount":370,"publisher":{"@id":"https:\/\/www.ogl-kernen.de\/#organization"},"keywords":["Grundsteuer"],"articleSection":["Fraktion"],"inLanguage":"de"},{"@type":"WebPage","@id":"https:\/\/www.ogl-kernen.de\/?p=552","url":"https:\/\/www.ogl-kernen.de\/?p=552","name":"Grundsteuerreform - Was macht Kernen? - OGL Kernen","isPartOf":{"@id":"https:\/\/www.ogl-kernen.de\/#website"},"datePublished":"2024-11-06T16:43:10+00:00","dateModified":"2024-11-20T17:09:04+00:00","breadcrumb":{"@id":"https:\/\/www.ogl-kernen.de\/?p=552#breadcrumb"},"inLanguage":"de","potentialAction":[{"@type":"ReadAction","target":["https:\/\/www.ogl-kernen.de\/?p=552"]}]},{"@type":"BreadcrumbList","@id":"https:\/\/www.ogl-kernen.de\/?p=552#breadcrumb","itemListElement":[{"@type":"ListItem","position":1,"name":"Startseite","item":"https:\/\/www.ogl-kernen.de\/"},{"@type":"ListItem","position":2,"name":"Grundsteuerreform &#8211; Was macht Kernen?"}]},{"@type":"WebSite","@id":"https:\/\/www.ogl-kernen.de\/#website","url":"https:\/\/www.ogl-kernen.de\/","name":"OGL Kernen","description":"nachhaltig - sozial - weltoffen","publisher":{"@id":"https:\/\/www.ogl-kernen.de\/#organization"},"potentialAction":[{"@type":"SearchAction","target":{"@type":"EntryPoint","urlTemplate":"https:\/\/www.ogl-kernen.de\/?s={search_term_string}"},"query-input":"required name=search_term_string"}],"inLanguage":"de"},{"@type":"Organization","@id":"https:\/\/www.ogl-kernen.de\/#organization","name":"OGL Kernen","url":"https:\/\/www.ogl-kernen.de\/","logo":{"@type":"ImageObject","inLanguage":"de","@id":"https:\/\/www.ogl-kernen.de\/#\/schema\/logo\/image\/","url":"https:\/\/www.ogl-kernen.de\/test\/wp-content\/uploads\/2021\/05\/cropped-Logo-ow-scaled-1.jpg","contentUrl":"https:\/\/www.ogl-kernen.de\/test\/wp-content\/uploads\/2021\/05\/cropped-Logo-ow-scaled-1.jpg","width":2560,"height":478,"caption":"OGL Kernen"},"image":{"@id":"https:\/\/www.ogl-kernen.de\/#\/schema\/logo\/image\/"},"sameAs":["https:\/\/www.instagram.com\/ogl_kernen\/"]},{"@type":"Person","@id":"https:\/\/www.ogl-kernen.de\/#\/schema\/person\/92d45b78564a61718a56f762c5c32250","name":"Matthias Kramer","image":{"@type":"ImageObject","inLanguage":"de","@id":"https:\/\/www.ogl-kernen.de\/#\/schema\/person\/image\/","url":"https:\/\/secure.gravatar.com\/avatar\/eca732170f439564e0de7ff140dc083abd1fcf055dfd83a8985c214a6afa79c9?s=96&d=mm&r=g","contentUrl":"https:\/\/secure.gravatar.com\/avatar\/eca732170f439564e0de7ff140dc083abd1fcf055dfd83a8985c214a6afa79c9?s=96&d=mm&r=g","caption":"Matthias Kramer"},"url":"https:\/\/www.ogl-kernen.de\/?author=3"}]}},"_links":{"self":[{"href":"https:\/\/www.ogl-kernen.de\/index.php?rest_route=\/wp\/v2\/posts\/552","targetHints":{"allow":["GET"]}}],"collection":[{"href":"https:\/\/www.ogl-kernen.de\/index.php?rest_route=\/wp\/v2\/posts"}],"about":[{"href":"https:\/\/www.ogl-kernen.de\/index.php?rest_route=\/wp\/v2\/types\/post"}],"author":[{"embeddable":true,"href":"https:\/\/www.ogl-kernen.de\/index.php?rest_route=\/wp\/v2\/users\/3"}],"replies":[{"embeddable":true,"href":"https:\/\/www.ogl-kernen.de\/index.php?rest_route=%2Fwp%2Fv2%2Fcomments&post=552"}],"version-history":[{"count":1,"href":"https:\/\/www.ogl-kernen.de\/index.php?rest_route=\/wp\/v2\/posts\/552\/revisions"}],"predecessor-version":[{"id":553,"href":"https:\/\/www.ogl-kernen.de\/index.php?rest_route=\/wp\/v2\/posts\/552\/revisions\/553"}],"wp:attachment":[{"href":"https:\/\/www.ogl-kernen.de\/index.php?rest_route=%2Fwp%2Fv2%2Fmedia&parent=552"}],"wp:term":[{"taxonomy":"category","embeddable":true,"href":"https:\/\/www.ogl-kernen.de\/index.php?rest_route=%2Fwp%2Fv2%2Fcategories&post=552"},{"taxonomy":"post_tag","embeddable":true,"href":"https:\/\/www.ogl-kernen.de\/index.php?rest_route=%2Fwp%2Fv2%2Ftags&post=552"}],"curies":[{"name":"wp","href":"https:\/\/api.w.org\/{rel}","templated":true}]}}