{"id":540,"date":"2024-07-30T13:25:50","date_gmt":"2024-07-30T11:25:50","guid":{"rendered":"https:\/\/www.ogl-kernen.de\/?p=540"},"modified":"2024-08-02T13:30:25","modified_gmt":"2024-08-02T11:30:25","slug":"dank-an-die-alte-ogl-fraktion","status":"publish","type":"post","link":"https:\/\/www.ogl-kernen.de\/?p=540","title":{"rendered":"Dank an die &#8222;alte&#8220; OGL-Fraktion"},"content":{"rendered":"\n<p>Am Dienstag vergangener Woche wurden in der Sitzung des Gemeinderates die ausscheidenden Gemeinder\u00e4tinnen und Gemeinder\u00e4te verabschiedet. F\u00fcr Larissa Keller und Heike Santamaria, die beide nicht mehr zur Wahl angetreten sind, gab es lobende Worte von Herrn Paulowitsch. Auch Axel D\u00f6hring, der den Sprung in den Gemeinderat nicht mehr geschafft hat, wurde geb\u00fchrend Lebewohl gesagt. Wir, die W\u00e4hlervereinigung der Offenen Gr\u00fcnen Liste, m\u00f6chten uns bei euch Larissa, Heike und Axel f\u00fcr euer Engagement f\u00fcr Kernen und die OGL bedanken. Ihr habt zum Wohl unserer Gemeinde beigetragen und der OGL verholfen, einige der selbst gesteckten Ziele umzusetzen. F\u00fcr die &#8222;Zeit nach dem Gemeinderat&#8220; w\u00fcnschen wir euch alles Gute und hoffen, dass ihr die OGL weiterhin wohlwollend begleitet und unterst\u00fctzt.<\/p>\n\n\n\n<p>Peter Haas, Wolf-Georg F\u00e4rber und Matthias Kramer, Vorst\u00e4nde der OGL<\/p>\n","protected":false},"excerpt":{"rendered":"<p>Am Dienstag vergangener Woche wurden in der Sitzung des Gemeinderates die ausscheidenden Gemeinder\u00e4tinnen und Gemeinder\u00e4te verabschiedet. F\u00fcr Larissa Keller und Heike Santamaria, die beide nicht mehr zur Wahl angetreten sind, gab es lobende Worte von Herrn Paulowitsch. Auch Axel D\u00f6hring, der den Sprung in den Gemeinderat nicht mehr geschafft hat, wurde geb\u00fchrend Lebewohl gesagt. Wir, &hellip;<\/p>\n<p class=\"read-more\"> <a class=\"\" href=\"https:\/\/www.ogl-kernen.de\/?p=540\"> <span class=\"screen-reader-text\">Dank an die &#8222;alte&#8220; OGL-Fraktion<\/span> Weiterlesen &raquo;<\/a><\/p>\n","protected":false},"author":9,"featured_media":541,"comment_status":"closed","ping_status":"closed","sticky":false,"template":"","format":"standard","meta":{"site-sidebar-layout":"default","site-content-layout":"default","ast-global-header-display":"","ast-main-header-display":"","ast-hfb-above-header-display":"","ast-hfb-below-header-display":"","ast-hfb-mobile-header-display":"","site-post-title":"","ast-breadcrumbs-content":"","ast-featured-img":"","footer-sml-layout":"","theme-transparent-header-meta":"","adv-header-id-meta":"","stick-header-meta":"","header-above-stick-meta":"","header-main-stick-meta":"","header-below-stick-meta":"","footnotes":""},"categories":[1],"tags":[],"class_list":["post-540","post","type-post","status-publish","format-standard","has-post-thumbnail","hentry","category-allgemein"],"yoast_head":"<!-- This site is optimized with the Yoast SEO plugin v22.2 - https:\/\/yoast.com\/wordpress\/plugins\/seo\/ -->\n<title>Dank an die &quot;alte&quot; OGL-Fraktion - OGL Kernen<\/title>\n<meta name=\"robots\" content=\"index, follow, max-snippet:-1, max-image-preview:large, max-video-preview:-1\" \/>\n<link rel=\"canonical\" href=\"https:\/\/www.ogl-kernen.de\/?p=540\" \/>\n<meta property=\"og:locale\" content=\"de_DE\" \/>\n<meta property=\"og:type\" content=\"article\" \/>\n<meta property=\"og:title\" content=\"Dank an die &quot;alte&quot; OGL-Fraktion - OGL Kernen\" \/>\n<meta property=\"og:description\" content=\"Am Dienstag vergangener Woche wurden in der Sitzung des Gemeinderates die ausscheidenden Gemeinder\u00e4tinnen und Gemeinder\u00e4te verabschiedet. F\u00fcr Larissa Keller und Heike Santamaria, die beide nicht mehr zur Wahl angetreten sind, gab es lobende Worte von Herrn Paulowitsch. Auch Axel D\u00f6hring, der den Sprung in den Gemeinderat nicht mehr geschafft hat, wurde geb\u00fchrend Lebewohl gesagt. Wir, &hellip; Dank an die &#8222;alte&#8220; OGL-Fraktion Weiterlesen &raquo;\" \/>\n<meta property=\"og:url\" content=\"https:\/\/www.ogl-kernen.de\/?p=540\" \/>\n<meta property=\"og:site_name\" content=\"OGL Kernen\" \/>\n<meta property=\"article:published_time\" content=\"2024-07-30T11:25:50+00:00\" \/>\n<meta property=\"article:modified_time\" content=\"2024-08-02T11:30:25+00:00\" \/>\n<meta property=\"og:image\" content=\"https:\/\/www.ogl-kernen.de\/test\/wp-content\/uploads\/2024\/08\/OGL-alt.jpg\" \/>\n\t<meta property=\"og:image:width\" content=\"165\" \/>\n\t<meta property=\"og:image:height\" content=\"220\" \/>\n\t<meta property=\"og:image:type\" content=\"image\/jpeg\" \/>\n<meta name=\"author\" content=\"OGL\" \/>\n<meta name=\"twitter:card\" content=\"summary_large_image\" \/>\n<meta name=\"twitter:label1\" content=\"Verfasst von\" \/>\n\t<meta name=\"twitter:data1\" content=\"OGL\" \/>\n\t<meta name=\"twitter:label2\" content=\"Gesch\u00e4tzte Lesezeit\" \/>\n\t<meta name=\"twitter:data2\" content=\"1\u00a0Minute\" \/>\n<script type=\"application\/ld+json\" class=\"yoast-schema-graph\">{\"@context\":\"https:\/\/schema.org\",\"@graph\":[{\"@type\":\"Article\",\"@id\":\"https:\/\/www.ogl-kernen.de\/?p=540#article\",\"isPartOf\":{\"@id\":\"https:\/\/www.ogl-kernen.de\/?p=540\"},\"author\":{\"name\":\"OGL\",\"@id\":\"https:\/\/www.ogl-kernen.de\/#\/schema\/person\/8828a6a298bdd9f24dedf6bd48031fb6\"},\"headline\":\"Dank an die &#8222;alte&#8220; OGL-Fraktion\",\"datePublished\":\"2024-07-30T11:25:50+00:00\",\"dateModified\":\"2024-08-02T11:30:25+00:00\",\"mainEntityOfPage\":{\"@id\":\"https:\/\/www.ogl-kernen.de\/?p=540\"},\"wordCount\":147,\"publisher\":{\"@id\":\"https:\/\/www.ogl-kernen.de\/#organization\"},\"image\":{\"@id\":\"https:\/\/www.ogl-kernen.de\/?p=540#primaryimage\"},\"thumbnailUrl\":\"https:\/\/www.ogl-kernen.de\/test\/wp-content\/uploads\/2024\/08\/OGL-alt.jpg\",\"inLanguage\":\"de\"},{\"@type\":\"WebPage\",\"@id\":\"https:\/\/www.ogl-kernen.de\/?p=540\",\"url\":\"https:\/\/www.ogl-kernen.de\/?p=540\",\"name\":\"Dank an die \\\"alte\\\" OGL-Fraktion - OGL Kernen\",\"isPartOf\":{\"@id\":\"https:\/\/www.ogl-kernen.de\/#website\"},\"primaryImageOfPage\":{\"@id\":\"https:\/\/www.ogl-kernen.de\/?p=540#primaryimage\"},\"image\":{\"@id\":\"https:\/\/www.ogl-kernen.de\/?p=540#primaryimage\"},\"thumbnailUrl\":\"https:\/\/www.ogl-kernen.de\/test\/wp-content\/uploads\/2024\/08\/OGL-alt.jpg\",\"datePublished\":\"2024-07-30T11:25:50+00:00\",\"dateModified\":\"2024-08-02T11:30:25+00:00\",\"breadcrumb\":{\"@id\":\"https:\/\/www.ogl-kernen.de\/?p=540#breadcrumb\"},\"inLanguage\":\"de\",\"potentialAction\":[{\"@type\":\"ReadAction\",\"target\":[\"https:\/\/www.ogl-kernen.de\/?p=540\"]}]},{\"@type\":\"ImageObject\",\"inLanguage\":\"de\",\"@id\":\"https:\/\/www.ogl-kernen.de\/?p=540#primaryimage\",\"url\":\"https:\/\/www.ogl-kernen.de\/test\/wp-content\/uploads\/2024\/08\/OGL-alt.jpg\",\"contentUrl\":\"https:\/\/www.ogl-kernen.de\/test\/wp-content\/uploads\/2024\/08\/OGL-alt.jpg\",\"width\":165,\"height\":220,\"caption\":\"Kernen\"},{\"@type\":\"BreadcrumbList\",\"@id\":\"https:\/\/www.ogl-kernen.de\/?p=540#breadcrumb\",\"itemListElement\":[{\"@type\":\"ListItem\",\"position\":1,\"name\":\"Startseite\",\"item\":\"https:\/\/www.ogl-kernen.de\/\"},{\"@type\":\"ListItem\",\"position\":2,\"name\":\"Dank an die &#8222;alte&#8220; OGL-Fraktion\"}]},{\"@type\":\"WebSite\",\"@id\":\"https:\/\/www.ogl-kernen.de\/#website\",\"url\":\"https:\/\/www.ogl-kernen.de\/\",\"name\":\"OGL Kernen\",\"description\":\"nachhaltig - sozial - weltoffen\",\"publisher\":{\"@id\":\"https:\/\/www.ogl-kernen.de\/#organization\"},\"potentialAction\":[{\"@type\":\"SearchAction\",\"target\":{\"@type\":\"EntryPoint\",\"urlTemplate\":\"https:\/\/www.ogl-kernen.de\/?s={search_term_string}\"},\"query-input\":\"required name=search_term_string\"}],\"inLanguage\":\"de\"},{\"@type\":\"Organization\",\"@id\":\"https:\/\/www.ogl-kernen.de\/#organization\",\"name\":\"OGL Kernen\",\"url\":\"https:\/\/www.ogl-kernen.de\/\",\"logo\":{\"@type\":\"ImageObject\",\"inLanguage\":\"de\",\"@id\":\"https:\/\/www.ogl-kernen.de\/#\/schema\/logo\/image\/\",\"url\":\"https:\/\/www.ogl-kernen.de\/test\/wp-content\/uploads\/2021\/05\/cropped-Logo-ow-scaled-1.jpg\",\"contentUrl\":\"https:\/\/www.ogl-kernen.de\/test\/wp-content\/uploads\/2021\/05\/cropped-Logo-ow-scaled-1.jpg\",\"width\":2560,\"height\":478,\"caption\":\"OGL Kernen\"},\"image\":{\"@id\":\"https:\/\/www.ogl-kernen.de\/#\/schema\/logo\/image\/\"},\"sameAs\":[\"https:\/\/www.instagram.com\/ogl_kernen\/\"]},{\"@type\":\"Person\",\"@id\":\"https:\/\/www.ogl-kernen.de\/#\/schema\/person\/8828a6a298bdd9f24dedf6bd48031fb6\",\"name\":\"OGL\",\"image\":{\"@type\":\"ImageObject\",\"inLanguage\":\"de\",\"@id\":\"https:\/\/www.ogl-kernen.de\/#\/schema\/person\/image\/\",\"url\":\"https:\/\/secure.gravatar.com\/avatar\/c6b77e0c42bf9f94c5a55dee69be82d4ff97ce1a9259b7509fb5e2e3d33a3db1?s=96&d=mm&r=g\",\"contentUrl\":\"https:\/\/secure.gravatar.com\/avatar\/c6b77e0c42bf9f94c5a55dee69be82d4ff97ce1a9259b7509fb5e2e3d33a3db1?s=96&d=mm&r=g\",\"caption\":\"OGL\"},\"url\":\"https:\/\/www.ogl-kernen.de\/?author=9\"}]}<\/script>\n<!-- \/ Yoast SEO plugin. -->","yoast_head_json":{"title":"Dank an die \"alte\" OGL-Fraktion - OGL Kernen","robots":{"index":"index","follow":"follow","max-snippet":"max-snippet:-1","max-image-preview":"max-image-preview:large","max-video-preview":"max-video-preview:-1"},"canonical":"https:\/\/www.ogl-kernen.de\/?p=540","og_locale":"de_DE","og_type":"article","og_title":"Dank an die \"alte\" OGL-Fraktion - OGL Kernen","og_description":"Am Dienstag vergangener Woche wurden in der Sitzung des Gemeinderates die ausscheidenden Gemeinder\u00e4tinnen und Gemeinder\u00e4te verabschiedet. F\u00fcr Larissa Keller und Heike Santamaria, die beide nicht mehr zur Wahl angetreten sind, gab es lobende Worte von Herrn Paulowitsch. Auch Axel D\u00f6hring, der den Sprung in den Gemeinderat nicht mehr geschafft hat, wurde geb\u00fchrend Lebewohl gesagt. Wir, &hellip; Dank an die &#8222;alte&#8220; OGL-Fraktion Weiterlesen &raquo;","og_url":"https:\/\/www.ogl-kernen.de\/?p=540","og_site_name":"OGL Kernen","article_published_time":"2024-07-30T11:25:50+00:00","article_modified_time":"2024-08-02T11:30:25+00:00","og_image":[{"width":165,"height":220,"url":"https:\/\/www.ogl-kernen.de\/test\/wp-content\/uploads\/2024\/08\/OGL-alt.jpg","type":"image\/jpeg"}],"author":"OGL","twitter_card":"summary_large_image","twitter_misc":{"Verfasst von":"OGL","Gesch\u00e4tzte Lesezeit":"1\u00a0Minute"},"schema":{"@context":"https:\/\/schema.org","@graph":[{"@type":"Article","@id":"https:\/\/www.ogl-kernen.de\/?p=540#article","isPartOf":{"@id":"https:\/\/www.ogl-kernen.de\/?p=540"},"author":{"name":"OGL","@id":"https:\/\/www.ogl-kernen.de\/#\/schema\/person\/8828a6a298bdd9f24dedf6bd48031fb6"},"headline":"Dank an die &#8222;alte&#8220; OGL-Fraktion","datePublished":"2024-07-30T11:25:50+00:00","dateModified":"2024-08-02T11:30:25+00:00","mainEntityOfPage":{"@id":"https:\/\/www.ogl-kernen.de\/?p=540"},"wordCount":147,"publisher":{"@id":"https:\/\/www.ogl-kernen.de\/#organization"},"image":{"@id":"https:\/\/www.ogl-kernen.de\/?p=540#primaryimage"},"thumbnailUrl":"https:\/\/www.ogl-kernen.de\/test\/wp-content\/uploads\/2024\/08\/OGL-alt.jpg","inLanguage":"de"},{"@type":"WebPage","@id":"https:\/\/www.ogl-kernen.de\/?p=540","url":"https:\/\/www.ogl-kernen.de\/?p=540","name":"Dank an die \"alte\" OGL-Fraktion - OGL Kernen","isPartOf":{"@id":"https:\/\/www.ogl-kernen.de\/#website"},"primaryImageOfPage":{"@id":"https:\/\/www.ogl-kernen.de\/?p=540#primaryimage"},"image":{"@id":"https:\/\/www.ogl-kernen.de\/?p=540#primaryimage"},"thumbnailUrl":"https:\/\/www.ogl-kernen.de\/test\/wp-content\/uploads\/2024\/08\/OGL-alt.jpg","datePublished":"2024-07-30T11:25:50+00:00","dateModified":"2024-08-02T11:30:25+00:00","breadcrumb":{"@id":"https:\/\/www.ogl-kernen.de\/?p=540#breadcrumb"},"inLanguage":"de","potentialAction":[{"@type":"ReadAction","target":["https:\/\/www.ogl-kernen.de\/?p=540"]}]},{"@type":"ImageObject","inLanguage":"de","@id":"https:\/\/www.ogl-kernen.de\/?p=540#primaryimage","url":"https:\/\/www.ogl-kernen.de\/test\/wp-content\/uploads\/2024\/08\/OGL-alt.jpg","contentUrl":"https:\/\/www.ogl-kernen.de\/test\/wp-content\/uploads\/2024\/08\/OGL-alt.jpg","width":165,"height":220,"caption":"Kernen"},{"@type":"BreadcrumbList","@id":"https:\/\/www.ogl-kernen.de\/?p=540#breadcrumb","itemListElement":[{"@type":"ListItem","position":1,"name":"Startseite","item":"https:\/\/www.ogl-kernen.de\/"},{"@type":"ListItem","position":2,"name":"Dank an die &#8222;alte&#8220; OGL-Fraktion"}]},{"@type":"WebSite","@id":"https:\/\/www.ogl-kernen.de\/#website","url":"https:\/\/www.ogl-kernen.de\/","name":"OGL Kernen","description":"nachhaltig - sozial - weltoffen","publisher":{"@id":"https:\/\/www.ogl-kernen.de\/#organization"},"potentialAction":[{"@type":"SearchAction","target":{"@type":"EntryPoint","urlTemplate":"https:\/\/www.ogl-kernen.de\/?s={search_term_string}"},"query-input":"required name=search_term_string"}],"inLanguage":"de"},{"@type":"Organization","@id":"https:\/\/www.ogl-kernen.de\/#organization","name":"OGL Kernen","url":"https:\/\/www.ogl-kernen.de\/","logo":{"@type":"ImageObject","inLanguage":"de","@id":"https:\/\/www.ogl-kernen.de\/#\/schema\/logo\/image\/","url":"https:\/\/www.ogl-kernen.de\/test\/wp-content\/uploads\/2021\/05\/cropped-Logo-ow-scaled-1.jpg","contentUrl":"https:\/\/www.ogl-kernen.de\/test\/wp-content\/uploads\/2021\/05\/cropped-Logo-ow-scaled-1.jpg","width":2560,"height":478,"caption":"OGL Kernen"},"image":{"@id":"https:\/\/www.ogl-kernen.de\/#\/schema\/logo\/image\/"},"sameAs":["https:\/\/www.instagram.com\/ogl_kernen\/"]},{"@type":"Person","@id":"https:\/\/www.ogl-kernen.de\/#\/schema\/person\/8828a6a298bdd9f24dedf6bd48031fb6","name":"OGL","image":{"@type":"ImageObject","inLanguage":"de","@id":"https:\/\/www.ogl-kernen.de\/#\/schema\/person\/image\/","url":"https:\/\/secure.gravatar.com\/avatar\/c6b77e0c42bf9f94c5a55dee69be82d4ff97ce1a9259b7509fb5e2e3d33a3db1?s=96&d=mm&r=g","contentUrl":"https:\/\/secure.gravatar.com\/avatar\/c6b77e0c42bf9f94c5a55dee69be82d4ff97ce1a9259b7509fb5e2e3d33a3db1?s=96&d=mm&r=g","caption":"OGL"},"url":"https:\/\/www.ogl-kernen.de\/?author=9"}]}},"_links":{"self":[{"href":"https:\/\/www.ogl-kernen.de\/index.php?rest_route=\/wp\/v2\/posts\/540","targetHints":{"allow":["GET"]}}],"collection":[{"href":"https:\/\/www.ogl-kernen.de\/index.php?rest_route=\/wp\/v2\/posts"}],"about":[{"href":"https:\/\/www.ogl-kernen.de\/index.php?rest_route=\/wp\/v2\/types\/post"}],"author":[{"embeddable":true,"href":"https:\/\/www.ogl-kernen.de\/index.php?rest_route=\/wp\/v2\/users\/9"}],"replies":[{"embeddable":true,"href":"https:\/\/www.ogl-kernen.de\/index.php?rest_route=%2Fwp%2Fv2%2Fcomments&post=540"}],"version-history":[{"count":1,"href":"https:\/\/www.ogl-kernen.de\/index.php?rest_route=\/wp\/v2\/posts\/540\/revisions"}],"predecessor-version":[{"id":542,"href":"https:\/\/www.ogl-kernen.de\/index.php?rest_route=\/wp\/v2\/posts\/540\/revisions\/542"}],"wp:featuredmedia":[{"embeddable":true,"href":"https:\/\/www.ogl-kernen.de\/index.php?rest_route=\/wp\/v2\/media\/541"}],"wp:attachment":[{"href":"https:\/\/www.ogl-kernen.de\/index.php?rest_route=%2Fwp%2Fv2%2Fmedia&parent=540"}],"wp:term":[{"taxonomy":"category","embeddable":true,"href":"https:\/\/www.ogl-kernen.de\/index.php?rest_route=%2Fwp%2Fv2%2Fcategories&post=540"},{"taxonomy":"post_tag","embeddable":true,"href":"https:\/\/www.ogl-kernen.de\/index.php?rest_route=%2Fwp%2Fv2%2Ftags&post=540"}],"curies":[{"name":"wp","href":"https:\/\/api.w.org\/{rel}","templated":true}]}}