{"id":509,"date":"2024-03-14T13:30:28","date_gmt":"2024-03-14T12:30:28","guid":{"rendered":"https:\/\/www.ogl-kernen.de\/?p=509"},"modified":"2024-03-24T12:52:35","modified_gmt":"2024-03-24T11:52:35","slug":"wir-kandidieren-fuer-kernen-matthias-kramer-axel-doehring-claudia-schmidt","status":"publish","type":"post","link":"https:\/\/www.ogl-kernen.de\/?p=509","title":{"rendered":"Wir kandidieren f\u00fcr Kernen: <br>Matthias Kramer, Axel D\u00f6hring, Claudia Schmidt"},"content":{"rendered":"\n<p><strong>Matthias Kramer<\/strong>, 58 Jahre, verheiratet, 3 Kinder, Heilerziehungspfleger und Bankkaufmann, seit 2014 im Gemeinderat<\/p>\n\n\n\n<p>&#8222;Als Fraktionsvorsitzender der OGL ist es mir wichtig, dass Beschl\u00fcsse des Gemeinderates nachhaltig sind, besonders bei Verkehr, Bauen, Energieversorgung und Natur. Hier muss dringend ein Umdenken stattfinden, damit wir nicht zu Lasten k\u00fcnftiger Generationen leben. Unsere Demokratie sch\u00fctzen, das Ehrenamt sowie ein faires Miteinander f\u00f6rdern, daf\u00fcr will ich mich weiterhin einsetzen. Als Beirat der IG Streuobst, Gemeindeglied der EmK, Tischtennisspieler bei der Spvgg mache ich mich f\u00fcr unsere Natur, ein gutes Miteinander und den Sport stark.&#8220;<\/p>\n\n\n\n<p><strong>Axel D\u00f6hring<\/strong>, 62 Jahre, verheiratet, 2 Kinder, Prokurist (Personalleiter), seit 2022 im Gemeinderat<\/p>\n\n\n\n<p>&#8222;Ich m\u00f6chte unsere Heimat in Kernen so gestalten, dass sie f\u00fcr ALLE B\u00fcrger lebenswert bleibt. Mit Vernunft und Augenma\u00df \u00f6konomische und \u00f6kologische Kompromisse finden, in Vereinen selbst anpacken. Ich bin Vorstand im HHO, mache selbst Musik, spiele aktiv Tischtennis, engagiere mich regelm\u00e4\u00dfig musikalisch in der Tagespflege, initiiere Spendenaktionen, bin aktiv bei Schulen mit JUNIOR und halte Kurse. Nicht meckern &#8211; MACHEN!&#8220;<\/p>\n\n\n\n<p><strong>Claudia Schmidt<\/strong>, 56 Jahre, ledig, staatlich anerkannte Heilp\u00e4dagogin<\/p>\n\n\n\n<p>&#8222;Seit vielen Jahren wohne ich in Kernen und f\u00fchle mich sehr wohl hier. Damit auch in Zukunft Menschen gern in Kernen leben &#8211; daf\u00fcr m\u00f6chte ich mich einsetzen, darum kandidiere ich f\u00fcr den Gemeinderat. Die Unterst\u00fctzung und F\u00f6rderung der breitgef\u00e4cherten Vereinsarbeit und des ehrenamtlichen Engagements liegen mir sehr am Herzen, da diese f\u00fcr den sozialen Zusammenhalt in unserer Gemeinde sehr wichtig sind. Ich selbst bin Mitglied in der Spvgg und im DAV. Ich m\u00f6chte mich daf\u00fcr einsetzen, dass Kernen fu\u00dfg\u00e4nger- und fahrradfreundlicher wird. Denn von sauberer Luft, weniger L\u00e4rm und mehr Entschleunigung profitieren alle in Kernen.&#8220;<br>&nbsp;<\/p>\n\n\n\n<p>Foto: Herzog in Kernen<\/p>\n","protected":false},"excerpt":{"rendered":"<p>Matthias Kramer, 58 Jahre, verheiratet, 3 Kinder, Heilerziehungspfleger und Bankkaufmann, seit 2014 im Gemeinderat &#8222;Als Fraktionsvorsitzender der OGL ist es mir wichtig, dass Beschl\u00fcsse des Gemeinderates nachhaltig sind, besonders bei Verkehr, Bauen, Energieversorgung und Natur. Hier muss dringend ein Umdenken stattfinden, damit wir nicht zu Lasten k\u00fcnftiger Generationen leben. Unsere Demokratie sch\u00fctzen, das Ehrenamt sowie &hellip;<\/p>\n<p class=\"read-more\"> <a class=\"\" href=\"https:\/\/www.ogl-kernen.de\/?p=509\"> <span class=\"screen-reader-text\">Wir kandidieren f\u00fcr Kernen: <br \/>Matthias Kramer, Axel D\u00f6hring, Claudia Schmidt<\/span> Weiterlesen &raquo;<\/a><\/p>\n","protected":false},"author":9,"featured_media":511,"comment_status":"closed","ping_status":"closed","sticky":false,"template":"","format":"standard","meta":{"site-sidebar-layout":"default","site-content-layout":"default","ast-global-header-display":"","ast-main-header-display":"","ast-hfb-above-header-display":"","ast-hfb-below-header-display":"","ast-hfb-mobile-header-display":"","site-post-title":"","ast-breadcrumbs-content":"","ast-featured-img":"","footer-sml-layout":"","theme-transparent-header-meta":"","adv-header-id-meta":"","stick-header-meta":"","header-above-stick-meta":"","header-main-stick-meta":"","header-below-stick-meta":"","footnotes":""},"categories":[1,106],"tags":[104,103,97],"class_list":["post-509","post","type-post","status-publish","format-standard","has-post-thumbnail","hentry","category-allgemein","category-unsere-kandidatinnen-fuer-kernen","tag-kandidaten","tag-kandidatinnen","tag-kommunalwahl"],"yoast_head":"<!-- This site is optimized with the Yoast SEO plugin v22.2 - https:\/\/yoast.com\/wordpress\/plugins\/seo\/ -->\n<title>Wir kandidieren f\u00fcr Kernen: Matthias Kramer, Axel D\u00f6hring, Claudia Schmidt - OGL Kernen<\/title>\n<meta name=\"robots\" content=\"index, follow, max-snippet:-1, max-image-preview:large, max-video-preview:-1\" \/>\n<link rel=\"canonical\" href=\"https:\/\/www.ogl-kernen.de\/?p=509\" \/>\n<meta property=\"og:locale\" content=\"de_DE\" \/>\n<meta property=\"og:type\" content=\"article\" \/>\n<meta property=\"og:title\" content=\"Wir kandidieren f\u00fcr Kernen: Matthias Kramer, Axel D\u00f6hring, Claudia Schmidt - OGL Kernen\" \/>\n<meta property=\"og:description\" content=\"Matthias Kramer, 58 Jahre, verheiratet, 3 Kinder, Heilerziehungspfleger und Bankkaufmann, seit 2014 im Gemeinderat &#8222;Als Fraktionsvorsitzender der OGL ist es mir wichtig, dass Beschl\u00fcsse des Gemeinderates nachhaltig sind, besonders bei Verkehr, Bauen, Energieversorgung und Natur. Hier muss dringend ein Umdenken stattfinden, damit wir nicht zu Lasten k\u00fcnftiger Generationen leben. Unsere Demokratie sch\u00fctzen, das Ehrenamt sowie &hellip; Wir kandidieren f\u00fcr Kernen: Matthias Kramer, Axel D\u00f6hring, Claudia Schmidt Weiterlesen &raquo;\" \/>\n<meta property=\"og:url\" content=\"https:\/\/www.ogl-kernen.de\/?p=509\" \/>\n<meta property=\"og:site_name\" content=\"OGL Kernen\" \/>\n<meta property=\"article:published_time\" content=\"2024-03-14T12:30:28+00:00\" \/>\n<meta property=\"article:modified_time\" content=\"2024-03-24T11:52:35+00:00\" \/>\n<meta property=\"og:image\" content=\"https:\/\/www.ogl-kernen.de\/test\/wp-content\/uploads\/2024\/03\/Kramer_Doehring_Schmidt.jpg\" \/>\n\t<meta property=\"og:image:width\" content=\"591\" \/>\n\t<meta property=\"og:image:height\" content=\"1202\" \/>\n\t<meta property=\"og:image:type\" content=\"image\/jpeg\" \/>\n<meta name=\"author\" content=\"OGL\" \/>\n<meta name=\"twitter:card\" content=\"summary_large_image\" \/>\n<meta name=\"twitter:label1\" content=\"Verfasst von\" \/>\n\t<meta name=\"twitter:data1\" content=\"OGL\" \/>\n\t<meta name=\"twitter:label2\" content=\"Gesch\u00e4tzte Lesezeit\" \/>\n\t<meta name=\"twitter:data2\" content=\"2\u00a0Minuten\" \/>\n<script type=\"application\/ld+json\" class=\"yoast-schema-graph\">{\"@context\":\"https:\/\/schema.org\",\"@graph\":[{\"@type\":\"Article\",\"@id\":\"https:\/\/www.ogl-kernen.de\/?p=509#article\",\"isPartOf\":{\"@id\":\"https:\/\/www.ogl-kernen.de\/?p=509\"},\"author\":{\"name\":\"OGL\",\"@id\":\"https:\/\/www.ogl-kernen.de\/#\/schema\/person\/8828a6a298bdd9f24dedf6bd48031fb6\"},\"headline\":\"Wir kandidieren f\u00fcr Kernen: Matthias Kramer, Axel D\u00f6hring, Claudia Schmidt\",\"datePublished\":\"2024-03-14T12:30:28+00:00\",\"dateModified\":\"2024-03-24T11:52:35+00:00\",\"mainEntityOfPage\":{\"@id\":\"https:\/\/www.ogl-kernen.de\/?p=509\"},\"wordCount\":303,\"publisher\":{\"@id\":\"https:\/\/www.ogl-kernen.de\/#organization\"},\"image\":{\"@id\":\"https:\/\/www.ogl-kernen.de\/?p=509#primaryimage\"},\"thumbnailUrl\":\"https:\/\/www.ogl-kernen.de\/test\/wp-content\/uploads\/2024\/03\/Kramer_Doehring_Schmidt.jpg\",\"keywords\":[\"Kandidaten\",\"Kandidatinnen\",\"Kommunalwahl\"],\"articleSection\":{\"1\":\"Unsere Kandidat:innen f\u00fcr Kernen\"},\"inLanguage\":\"de\"},{\"@type\":\"WebPage\",\"@id\":\"https:\/\/www.ogl-kernen.de\/?p=509\",\"url\":\"https:\/\/www.ogl-kernen.de\/?p=509\",\"name\":\"Wir kandidieren f\u00fcr Kernen: Matthias Kramer, Axel D\u00f6hring, Claudia Schmidt - OGL Kernen\",\"isPartOf\":{\"@id\":\"https:\/\/www.ogl-kernen.de\/#website\"},\"primaryImageOfPage\":{\"@id\":\"https:\/\/www.ogl-kernen.de\/?p=509#primaryimage\"},\"image\":{\"@id\":\"https:\/\/www.ogl-kernen.de\/?p=509#primaryimage\"},\"thumbnailUrl\":\"https:\/\/www.ogl-kernen.de\/test\/wp-content\/uploads\/2024\/03\/Kramer_Doehring_Schmidt.jpg\",\"datePublished\":\"2024-03-14T12:30:28+00:00\",\"dateModified\":\"2024-03-24T11:52:35+00:00\",\"breadcrumb\":{\"@id\":\"https:\/\/www.ogl-kernen.de\/?p=509#breadcrumb\"},\"inLanguage\":\"de\",\"potentialAction\":[{\"@type\":\"ReadAction\",\"target\":[\"https:\/\/www.ogl-kernen.de\/?p=509\"]}]},{\"@type\":\"ImageObject\",\"inLanguage\":\"de\",\"@id\":\"https:\/\/www.ogl-kernen.de\/?p=509#primaryimage\",\"url\":\"https:\/\/www.ogl-kernen.de\/test\/wp-content\/uploads\/2024\/03\/Kramer_Doehring_Schmidt.jpg\",\"contentUrl\":\"https:\/\/www.ogl-kernen.de\/test\/wp-content\/uploads\/2024\/03\/Kramer_Doehring_Schmidt.jpg\",\"width\":591,\"height\":1202,\"caption\":\"Foto: Herzog in Kernen\"},{\"@type\":\"BreadcrumbList\",\"@id\":\"https:\/\/www.ogl-kernen.de\/?p=509#breadcrumb\",\"itemListElement\":[{\"@type\":\"ListItem\",\"position\":1,\"name\":\"Startseite\",\"item\":\"https:\/\/www.ogl-kernen.de\/\"},{\"@type\":\"ListItem\",\"position\":2,\"name\":\"Wir kandidieren f\u00fcr Kernen: Matthias Kramer, Axel D\u00f6hring, Claudia Schmidt\"}]},{\"@type\":\"WebSite\",\"@id\":\"https:\/\/www.ogl-kernen.de\/#website\",\"url\":\"https:\/\/www.ogl-kernen.de\/\",\"name\":\"OGL Kernen\",\"description\":\"nachhaltig - sozial - weltoffen\",\"publisher\":{\"@id\":\"https:\/\/www.ogl-kernen.de\/#organization\"},\"potentialAction\":[{\"@type\":\"SearchAction\",\"target\":{\"@type\":\"EntryPoint\",\"urlTemplate\":\"https:\/\/www.ogl-kernen.de\/?s={search_term_string}\"},\"query-input\":\"required name=search_term_string\"}],\"inLanguage\":\"de\"},{\"@type\":\"Organization\",\"@id\":\"https:\/\/www.ogl-kernen.de\/#organization\",\"name\":\"OGL Kernen\",\"url\":\"https:\/\/www.ogl-kernen.de\/\",\"logo\":{\"@type\":\"ImageObject\",\"inLanguage\":\"de\",\"@id\":\"https:\/\/www.ogl-kernen.de\/#\/schema\/logo\/image\/\",\"url\":\"https:\/\/www.ogl-kernen.de\/test\/wp-content\/uploads\/2021\/05\/cropped-Logo-ow-scaled-1.jpg\",\"contentUrl\":\"https:\/\/www.ogl-kernen.de\/test\/wp-content\/uploads\/2021\/05\/cropped-Logo-ow-scaled-1.jpg\",\"width\":2560,\"height\":478,\"caption\":\"OGL Kernen\"},\"image\":{\"@id\":\"https:\/\/www.ogl-kernen.de\/#\/schema\/logo\/image\/\"},\"sameAs\":[\"https:\/\/www.instagram.com\/ogl_kernen\/\"]},{\"@type\":\"Person\",\"@id\":\"https:\/\/www.ogl-kernen.de\/#\/schema\/person\/8828a6a298bdd9f24dedf6bd48031fb6\",\"name\":\"OGL\",\"image\":{\"@type\":\"ImageObject\",\"inLanguage\":\"de\",\"@id\":\"https:\/\/www.ogl-kernen.de\/#\/schema\/person\/image\/\",\"url\":\"https:\/\/secure.gravatar.com\/avatar\/c6b77e0c42bf9f94c5a55dee69be82d4ff97ce1a9259b7509fb5e2e3d33a3db1?s=96&d=mm&r=g\",\"contentUrl\":\"https:\/\/secure.gravatar.com\/avatar\/c6b77e0c42bf9f94c5a55dee69be82d4ff97ce1a9259b7509fb5e2e3d33a3db1?s=96&d=mm&r=g\",\"caption\":\"OGL\"},\"url\":\"https:\/\/www.ogl-kernen.de\/?author=9\"}]}<\/script>\n<!-- \/ Yoast SEO plugin. -->","yoast_head_json":{"title":"Wir kandidieren f\u00fcr Kernen: Matthias Kramer, Axel D\u00f6hring, Claudia Schmidt - OGL Kernen","robots":{"index":"index","follow":"follow","max-snippet":"max-snippet:-1","max-image-preview":"max-image-preview:large","max-video-preview":"max-video-preview:-1"},"canonical":"https:\/\/www.ogl-kernen.de\/?p=509","og_locale":"de_DE","og_type":"article","og_title":"Wir kandidieren f\u00fcr Kernen: Matthias Kramer, Axel D\u00f6hring, Claudia Schmidt - OGL Kernen","og_description":"Matthias Kramer, 58 Jahre, verheiratet, 3 Kinder, Heilerziehungspfleger und Bankkaufmann, seit 2014 im Gemeinderat &#8222;Als Fraktionsvorsitzender der OGL ist es mir wichtig, dass Beschl\u00fcsse des Gemeinderates nachhaltig sind, besonders bei Verkehr, Bauen, Energieversorgung und Natur. Hier muss dringend ein Umdenken stattfinden, damit wir nicht zu Lasten k\u00fcnftiger Generationen leben. Unsere Demokratie sch\u00fctzen, das Ehrenamt sowie &hellip; Wir kandidieren f\u00fcr Kernen: Matthias Kramer, Axel D\u00f6hring, Claudia Schmidt Weiterlesen &raquo;","og_url":"https:\/\/www.ogl-kernen.de\/?p=509","og_site_name":"OGL Kernen","article_published_time":"2024-03-14T12:30:28+00:00","article_modified_time":"2024-03-24T11:52:35+00:00","og_image":[{"width":591,"height":1202,"url":"https:\/\/www.ogl-kernen.de\/test\/wp-content\/uploads\/2024\/03\/Kramer_Doehring_Schmidt.jpg","type":"image\/jpeg"}],"author":"OGL","twitter_card":"summary_large_image","twitter_misc":{"Verfasst von":"OGL","Gesch\u00e4tzte Lesezeit":"2\u00a0Minuten"},"schema":{"@context":"https:\/\/schema.org","@graph":[{"@type":"Article","@id":"https:\/\/www.ogl-kernen.de\/?p=509#article","isPartOf":{"@id":"https:\/\/www.ogl-kernen.de\/?p=509"},"author":{"name":"OGL","@id":"https:\/\/www.ogl-kernen.de\/#\/schema\/person\/8828a6a298bdd9f24dedf6bd48031fb6"},"headline":"Wir kandidieren f\u00fcr Kernen: Matthias Kramer, Axel D\u00f6hring, Claudia Schmidt","datePublished":"2024-03-14T12:30:28+00:00","dateModified":"2024-03-24T11:52:35+00:00","mainEntityOfPage":{"@id":"https:\/\/www.ogl-kernen.de\/?p=509"},"wordCount":303,"publisher":{"@id":"https:\/\/www.ogl-kernen.de\/#organization"},"image":{"@id":"https:\/\/www.ogl-kernen.de\/?p=509#primaryimage"},"thumbnailUrl":"https:\/\/www.ogl-kernen.de\/test\/wp-content\/uploads\/2024\/03\/Kramer_Doehring_Schmidt.jpg","keywords":["Kandidaten","Kandidatinnen","Kommunalwahl"],"articleSection":{"1":"Unsere Kandidat:innen f\u00fcr Kernen"},"inLanguage":"de"},{"@type":"WebPage","@id":"https:\/\/www.ogl-kernen.de\/?p=509","url":"https:\/\/www.ogl-kernen.de\/?p=509","name":"Wir kandidieren f\u00fcr Kernen: Matthias Kramer, Axel D\u00f6hring, Claudia Schmidt - OGL Kernen","isPartOf":{"@id":"https:\/\/www.ogl-kernen.de\/#website"},"primaryImageOfPage":{"@id":"https:\/\/www.ogl-kernen.de\/?p=509#primaryimage"},"image":{"@id":"https:\/\/www.ogl-kernen.de\/?p=509#primaryimage"},"thumbnailUrl":"https:\/\/www.ogl-kernen.de\/test\/wp-content\/uploads\/2024\/03\/Kramer_Doehring_Schmidt.jpg","datePublished":"2024-03-14T12:30:28+00:00","dateModified":"2024-03-24T11:52:35+00:00","breadcrumb":{"@id":"https:\/\/www.ogl-kernen.de\/?p=509#breadcrumb"},"inLanguage":"de","potentialAction":[{"@type":"ReadAction","target":["https:\/\/www.ogl-kernen.de\/?p=509"]}]},{"@type":"ImageObject","inLanguage":"de","@id":"https:\/\/www.ogl-kernen.de\/?p=509#primaryimage","url":"https:\/\/www.ogl-kernen.de\/test\/wp-content\/uploads\/2024\/03\/Kramer_Doehring_Schmidt.jpg","contentUrl":"https:\/\/www.ogl-kernen.de\/test\/wp-content\/uploads\/2024\/03\/Kramer_Doehring_Schmidt.jpg","width":591,"height":1202,"caption":"Foto: Herzog in Kernen"},{"@type":"BreadcrumbList","@id":"https:\/\/www.ogl-kernen.de\/?p=509#breadcrumb","itemListElement":[{"@type":"ListItem","position":1,"name":"Startseite","item":"https:\/\/www.ogl-kernen.de\/"},{"@type":"ListItem","position":2,"name":"Wir kandidieren f\u00fcr Kernen: Matthias Kramer, Axel D\u00f6hring, Claudia Schmidt"}]},{"@type":"WebSite","@id":"https:\/\/www.ogl-kernen.de\/#website","url":"https:\/\/www.ogl-kernen.de\/","name":"OGL Kernen","description":"nachhaltig - sozial - weltoffen","publisher":{"@id":"https:\/\/www.ogl-kernen.de\/#organization"},"potentialAction":[{"@type":"SearchAction","target":{"@type":"EntryPoint","urlTemplate":"https:\/\/www.ogl-kernen.de\/?s={search_term_string}"},"query-input":"required name=search_term_string"}],"inLanguage":"de"},{"@type":"Organization","@id":"https:\/\/www.ogl-kernen.de\/#organization","name":"OGL Kernen","url":"https:\/\/www.ogl-kernen.de\/","logo":{"@type":"ImageObject","inLanguage":"de","@id":"https:\/\/www.ogl-kernen.de\/#\/schema\/logo\/image\/","url":"https:\/\/www.ogl-kernen.de\/test\/wp-content\/uploads\/2021\/05\/cropped-Logo-ow-scaled-1.jpg","contentUrl":"https:\/\/www.ogl-kernen.de\/test\/wp-content\/uploads\/2021\/05\/cropped-Logo-ow-scaled-1.jpg","width":2560,"height":478,"caption":"OGL Kernen"},"image":{"@id":"https:\/\/www.ogl-kernen.de\/#\/schema\/logo\/image\/"},"sameAs":["https:\/\/www.instagram.com\/ogl_kernen\/"]},{"@type":"Person","@id":"https:\/\/www.ogl-kernen.de\/#\/schema\/person\/8828a6a298bdd9f24dedf6bd48031fb6","name":"OGL","image":{"@type":"ImageObject","inLanguage":"de","@id":"https:\/\/www.ogl-kernen.de\/#\/schema\/person\/image\/","url":"https:\/\/secure.gravatar.com\/avatar\/c6b77e0c42bf9f94c5a55dee69be82d4ff97ce1a9259b7509fb5e2e3d33a3db1?s=96&d=mm&r=g","contentUrl":"https:\/\/secure.gravatar.com\/avatar\/c6b77e0c42bf9f94c5a55dee69be82d4ff97ce1a9259b7509fb5e2e3d33a3db1?s=96&d=mm&r=g","caption":"OGL"},"url":"https:\/\/www.ogl-kernen.de\/?author=9"}]}},"_links":{"self":[{"href":"https:\/\/www.ogl-kernen.de\/index.php?rest_route=\/wp\/v2\/posts\/509","targetHints":{"allow":["GET"]}}],"collection":[{"href":"https:\/\/www.ogl-kernen.de\/index.php?rest_route=\/wp\/v2\/posts"}],"about":[{"href":"https:\/\/www.ogl-kernen.de\/index.php?rest_route=\/wp\/v2\/types\/post"}],"author":[{"embeddable":true,"href":"https:\/\/www.ogl-kernen.de\/index.php?rest_route=\/wp\/v2\/users\/9"}],"replies":[{"embeddable":true,"href":"https:\/\/www.ogl-kernen.de\/index.php?rest_route=%2Fwp%2Fv2%2Fcomments&post=509"}],"version-history":[{"count":3,"href":"https:\/\/www.ogl-kernen.de\/index.php?rest_route=\/wp\/v2\/posts\/509\/revisions"}],"predecessor-version":[{"id":523,"href":"https:\/\/www.ogl-kernen.de\/index.php?rest_route=\/wp\/v2\/posts\/509\/revisions\/523"}],"wp:featuredmedia":[{"embeddable":true,"href":"https:\/\/www.ogl-kernen.de\/index.php?rest_route=\/wp\/v2\/media\/511"}],"wp:attachment":[{"href":"https:\/\/www.ogl-kernen.de\/index.php?rest_route=%2Fwp%2Fv2%2Fmedia&parent=509"}],"wp:term":[{"taxonomy":"category","embeddable":true,"href":"https:\/\/www.ogl-kernen.de\/index.php?rest_route=%2Fwp%2Fv2%2Fcategories&post=509"},{"taxonomy":"post_tag","embeddable":true,"href":"https:\/\/www.ogl-kernen.de\/index.php?rest_route=%2Fwp%2Fv2%2Ftags&post=509"}],"curies":[{"name":"wp","href":"https:\/\/api.w.org\/{rel}","templated":true}]}}