{"id":437,"date":"2024-02-21T11:10:52","date_gmt":"2024-02-21T10:10:52","guid":{"rendered":"https:\/\/www.ogl-kernen.de\/?p=437"},"modified":"2024-03-24T12:54:31","modified_gmt":"2024-03-24T11:54:31","slug":"wir-kandidieren-laura-wilhelm-peter-von-schnakenburg","status":"publish","type":"post","link":"https:\/\/www.ogl-kernen.de\/?p=437","title":{"rendered":"Wir kandidieren f\u00fcr Kernen: <br>Laura Wilhelm, Peter von Schnakenburg"},"content":{"rendered":"\n<p><strong>Laura Wilhelm<\/strong>, 52 Jahre, verheiratet, zwei Kinder und als Dipl.-Ing. (FH) Textildesignerin und N\u00e4hbuchautorin selbst\u00e4ndig t\u00e4tig.<\/p>\n\n\n\n<p>&#8222;Kreative und umsetzbare Ideen f\u00fcr mehr Nachhaltigkeit in Kernen! Daf\u00fcr m\u00f6chte ich mich einsetzen. Ich kandidiere f\u00fcr die OGL, weil ich einen Beitrag zur Demokratie und zu einem guten Miteinander in unserer Gemeinde leisten m\u00f6chte. Mir sind Respekt und Verstehen, ein menschlicher Umgang und Gespr\u00e4chsbereitschaft extrem wichtig. In meiner Freizeit verst\u00e4rke ich mit meiner Klarinette die Musikgruppe &#8222;Taktzente&#8220;. Zudem biete ich regelm\u00e4\u00dfig eine N\u00e4h-AG f\u00fcr die 4. Kl\u00e4ssler der Karl-Mauch-Schule an.&#8220;<\/p>\n\n\n\n<p><strong>Peter von Schnakenburg<\/strong>, 47 Jahre alt, verheiratet, zwei Kinder und von Beruf Diplom Geograph.<\/p>\n\n\n\n<p>&#8222;Warum ich f\u00fcr die OGL kandidiere? Um gr\u00fcne Zukunftsthemen in Kernen voranzubringen. Dazu geh\u00f6rt f\u00fcr mich, nicht immer weitere Bodenfl\u00e4chen zu versiegeln, sondern auch der n\u00e4chsten Generation ein intaktes Umfeld zu hinterlassen. Ich engagiere mich bei Nachhaltiges Kernen\/Pro Rad, in der evangelischen Kirchengemeinde und bin im Elternbeirat des Friedrich-Schiller-Gymnasiums Fellbach aktiv. Daher sind mir verkehrspolitische Themen,<br>gesellschaftlicher Zusammenhalt und gute Bildungsst\u00e4tten und -konzepte f\u00fcr unsere Kinder und Jugendlichen wichtig.&#8220;<\/p>\n\n\n\n<p>Foto: Herzog in Kernen<\/p>\n","protected":false},"excerpt":{"rendered":"<p>Laura Wilhelm, 52 Jahre, verheiratet, zwei Kinder und als Dipl.-Ing. (FH) Textildesignerin und N\u00e4hbuchautorin selbst\u00e4ndig t\u00e4tig. &#8222;Kreative und umsetzbare Ideen f\u00fcr mehr Nachhaltigkeit in Kernen! Daf\u00fcr m\u00f6chte ich mich einsetzen. Ich kandidiere f\u00fcr die OGL, weil ich einen Beitrag zur Demokratie und zu einem guten Miteinander in unserer Gemeinde leisten m\u00f6chte. Mir sind Respekt und &hellip;<\/p>\n<p class=\"read-more\"> <a class=\"\" href=\"https:\/\/www.ogl-kernen.de\/?p=437\"> <span class=\"screen-reader-text\">Wir kandidieren f\u00fcr Kernen: <br \/>Laura Wilhelm, Peter von Schnakenburg<\/span> Weiterlesen &raquo;<\/a><\/p>\n","protected":false},"author":9,"featured_media":470,"comment_status":"closed","ping_status":"closed","sticky":false,"template":"","format":"standard","meta":{"site-sidebar-layout":"default","site-content-layout":"default","ast-global-header-display":"","ast-main-header-display":"","ast-hfb-above-header-display":"","ast-hfb-below-header-display":"","ast-hfb-mobile-header-display":"","site-post-title":"","ast-breadcrumbs-content":"","ast-featured-img":"","footer-sml-layout":"","theme-transparent-header-meta":"","adv-header-id-meta":"","stick-header-meta":"","header-above-stick-meta":"","header-main-stick-meta":"","header-below-stick-meta":"","footnotes":""},"categories":[1,106],"tags":[104,103,97],"class_list":["post-437","post","type-post","status-publish","format-standard","has-post-thumbnail","hentry","category-allgemein","category-unsere-kandidatinnen-fuer-kernen","tag-kandidaten","tag-kandidatinnen","tag-kommunalwahl"],"yoast_head":"<!-- This site is optimized with the Yoast SEO plugin v22.2 - https:\/\/yoast.com\/wordpress\/plugins\/seo\/ -->\n<title>Wir kandidieren f\u00fcr Kernen: Laura Wilhelm, Peter von Schnakenburg - OGL Kernen<\/title>\n<meta name=\"robots\" content=\"index, follow, max-snippet:-1, max-image-preview:large, max-video-preview:-1\" \/>\n<link rel=\"canonical\" href=\"https:\/\/www.ogl-kernen.de\/?p=437\" \/>\n<meta property=\"og:locale\" content=\"de_DE\" \/>\n<meta property=\"og:type\" content=\"article\" \/>\n<meta property=\"og:title\" content=\"Wir kandidieren f\u00fcr Kernen: Laura Wilhelm, Peter von Schnakenburg - OGL Kernen\" \/>\n<meta property=\"og:description\" content=\"Laura Wilhelm, 52 Jahre, verheiratet, zwei Kinder und als Dipl.-Ing. (FH) Textildesignerin und N\u00e4hbuchautorin selbst\u00e4ndig t\u00e4tig. &#8222;Kreative und umsetzbare Ideen f\u00fcr mehr Nachhaltigkeit in Kernen! Daf\u00fcr m\u00f6chte ich mich einsetzen. Ich kandidiere f\u00fcr die OGL, weil ich einen Beitrag zur Demokratie und zu einem guten Miteinander in unserer Gemeinde leisten m\u00f6chte. Mir sind Respekt und &hellip; Wir kandidieren f\u00fcr Kernen: Laura Wilhelm, Peter von Schnakenburg Weiterlesen &raquo;\" \/>\n<meta property=\"og:url\" content=\"https:\/\/www.ogl-kernen.de\/?p=437\" \/>\n<meta property=\"og:site_name\" content=\"OGL Kernen\" \/>\n<meta property=\"article:published_time\" content=\"2024-02-21T10:10:52+00:00\" \/>\n<meta property=\"article:modified_time\" content=\"2024-03-24T11:54:31+00:00\" \/>\n<meta property=\"og:image\" content=\"https:\/\/www.ogl-kernen.de\/test\/wp-content\/uploads\/2024\/03\/Wilhelm_Schnakenburg.jpg\" \/>\n\t<meta property=\"og:image:width\" content=\"1192\" \/>\n\t<meta property=\"og:image:height\" content=\"394\" \/>\n\t<meta property=\"og:image:type\" content=\"image\/jpeg\" \/>\n<meta name=\"author\" content=\"OGL\" \/>\n<meta name=\"twitter:card\" content=\"summary_large_image\" \/>\n<meta name=\"twitter:label1\" content=\"Verfasst von\" \/>\n\t<meta name=\"twitter:data1\" content=\"OGL\" \/>\n\t<meta name=\"twitter:label2\" content=\"Gesch\u00e4tzte Lesezeit\" \/>\n\t<meta name=\"twitter:data2\" content=\"1\u00a0Minute\" \/>\n<script type=\"application\/ld+json\" class=\"yoast-schema-graph\">{\"@context\":\"https:\/\/schema.org\",\"@graph\":[{\"@type\":\"Article\",\"@id\":\"https:\/\/www.ogl-kernen.de\/?p=437#article\",\"isPartOf\":{\"@id\":\"https:\/\/www.ogl-kernen.de\/?p=437\"},\"author\":{\"name\":\"OGL\",\"@id\":\"https:\/\/www.ogl-kernen.de\/#\/schema\/person\/8828a6a298bdd9f24dedf6bd48031fb6\"},\"headline\":\"Wir kandidieren f\u00fcr Kernen: Laura Wilhelm, Peter von Schnakenburg\",\"datePublished\":\"2024-02-21T10:10:52+00:00\",\"dateModified\":\"2024-03-24T11:54:31+00:00\",\"mainEntityOfPage\":{\"@id\":\"https:\/\/www.ogl-kernen.de\/?p=437\"},\"wordCount\":205,\"publisher\":{\"@id\":\"https:\/\/www.ogl-kernen.de\/#organization\"},\"image\":{\"@id\":\"https:\/\/www.ogl-kernen.de\/?p=437#primaryimage\"},\"thumbnailUrl\":\"https:\/\/www.ogl-kernen.de\/test\/wp-content\/uploads\/2024\/03\/Wilhelm_Schnakenburg.jpg\",\"keywords\":[\"Kandidaten\",\"Kandidatinnen\",\"Kommunalwahl\"],\"articleSection\":{\"1\":\"Unsere Kandidat:innen f\u00fcr Kernen\"},\"inLanguage\":\"de\"},{\"@type\":\"WebPage\",\"@id\":\"https:\/\/www.ogl-kernen.de\/?p=437\",\"url\":\"https:\/\/www.ogl-kernen.de\/?p=437\",\"name\":\"Wir kandidieren f\u00fcr Kernen: Laura Wilhelm, Peter von Schnakenburg - OGL Kernen\",\"isPartOf\":{\"@id\":\"https:\/\/www.ogl-kernen.de\/#website\"},\"primaryImageOfPage\":{\"@id\":\"https:\/\/www.ogl-kernen.de\/?p=437#primaryimage\"},\"image\":{\"@id\":\"https:\/\/www.ogl-kernen.de\/?p=437#primaryimage\"},\"thumbnailUrl\":\"https:\/\/www.ogl-kernen.de\/test\/wp-content\/uploads\/2024\/03\/Wilhelm_Schnakenburg.jpg\",\"datePublished\":\"2024-02-21T10:10:52+00:00\",\"dateModified\":\"2024-03-24T11:54:31+00:00\",\"breadcrumb\":{\"@id\":\"https:\/\/www.ogl-kernen.de\/?p=437#breadcrumb\"},\"inLanguage\":\"de\",\"potentialAction\":[{\"@type\":\"ReadAction\",\"target\":[\"https:\/\/www.ogl-kernen.de\/?p=437\"]}]},{\"@type\":\"ImageObject\",\"inLanguage\":\"de\",\"@id\":\"https:\/\/www.ogl-kernen.de\/?p=437#primaryimage\",\"url\":\"https:\/\/www.ogl-kernen.de\/test\/wp-content\/uploads\/2024\/03\/Wilhelm_Schnakenburg.jpg\",\"contentUrl\":\"https:\/\/www.ogl-kernen.de\/test\/wp-content\/uploads\/2024\/03\/Wilhelm_Schnakenburg.jpg\",\"width\":1192,\"height\":394,\"caption\":\"Foto: Herzog in Kernen\"},{\"@type\":\"BreadcrumbList\",\"@id\":\"https:\/\/www.ogl-kernen.de\/?p=437#breadcrumb\",\"itemListElement\":[{\"@type\":\"ListItem\",\"position\":1,\"name\":\"Startseite\",\"item\":\"https:\/\/www.ogl-kernen.de\/\"},{\"@type\":\"ListItem\",\"position\":2,\"name\":\"Wir kandidieren f\u00fcr Kernen: Laura Wilhelm, Peter von Schnakenburg\"}]},{\"@type\":\"WebSite\",\"@id\":\"https:\/\/www.ogl-kernen.de\/#website\",\"url\":\"https:\/\/www.ogl-kernen.de\/\",\"name\":\"OGL Kernen\",\"description\":\"nachhaltig - sozial - weltoffen\",\"publisher\":{\"@id\":\"https:\/\/www.ogl-kernen.de\/#organization\"},\"potentialAction\":[{\"@type\":\"SearchAction\",\"target\":{\"@type\":\"EntryPoint\",\"urlTemplate\":\"https:\/\/www.ogl-kernen.de\/?s={search_term_string}\"},\"query-input\":\"required name=search_term_string\"}],\"inLanguage\":\"de\"},{\"@type\":\"Organization\",\"@id\":\"https:\/\/www.ogl-kernen.de\/#organization\",\"name\":\"OGL Kernen\",\"url\":\"https:\/\/www.ogl-kernen.de\/\",\"logo\":{\"@type\":\"ImageObject\",\"inLanguage\":\"de\",\"@id\":\"https:\/\/www.ogl-kernen.de\/#\/schema\/logo\/image\/\",\"url\":\"https:\/\/www.ogl-kernen.de\/test\/wp-content\/uploads\/2021\/05\/cropped-Logo-ow-scaled-1.jpg\",\"contentUrl\":\"https:\/\/www.ogl-kernen.de\/test\/wp-content\/uploads\/2021\/05\/cropped-Logo-ow-scaled-1.jpg\",\"width\":2560,\"height\":478,\"caption\":\"OGL Kernen\"},\"image\":{\"@id\":\"https:\/\/www.ogl-kernen.de\/#\/schema\/logo\/image\/\"},\"sameAs\":[\"https:\/\/www.instagram.com\/ogl_kernen\/\"]},{\"@type\":\"Person\",\"@id\":\"https:\/\/www.ogl-kernen.de\/#\/schema\/person\/8828a6a298bdd9f24dedf6bd48031fb6\",\"name\":\"OGL\",\"image\":{\"@type\":\"ImageObject\",\"inLanguage\":\"de\",\"@id\":\"https:\/\/www.ogl-kernen.de\/#\/schema\/person\/image\/\",\"url\":\"https:\/\/secure.gravatar.com\/avatar\/c6b77e0c42bf9f94c5a55dee69be82d4ff97ce1a9259b7509fb5e2e3d33a3db1?s=96&d=mm&r=g\",\"contentUrl\":\"https:\/\/secure.gravatar.com\/avatar\/c6b77e0c42bf9f94c5a55dee69be82d4ff97ce1a9259b7509fb5e2e3d33a3db1?s=96&d=mm&r=g\",\"caption\":\"OGL\"},\"url\":\"https:\/\/www.ogl-kernen.de\/?author=9\"}]}<\/script>\n<!-- \/ Yoast SEO plugin. -->","yoast_head_json":{"title":"Wir kandidieren f\u00fcr Kernen: Laura Wilhelm, Peter von Schnakenburg - OGL Kernen","robots":{"index":"index","follow":"follow","max-snippet":"max-snippet:-1","max-image-preview":"max-image-preview:large","max-video-preview":"max-video-preview:-1"},"canonical":"https:\/\/www.ogl-kernen.de\/?p=437","og_locale":"de_DE","og_type":"article","og_title":"Wir kandidieren f\u00fcr Kernen: Laura Wilhelm, Peter von Schnakenburg - OGL Kernen","og_description":"Laura Wilhelm, 52 Jahre, verheiratet, zwei Kinder und als Dipl.-Ing. (FH) Textildesignerin und N\u00e4hbuchautorin selbst\u00e4ndig t\u00e4tig. &#8222;Kreative und umsetzbare Ideen f\u00fcr mehr Nachhaltigkeit in Kernen! Daf\u00fcr m\u00f6chte ich mich einsetzen. Ich kandidiere f\u00fcr die OGL, weil ich einen Beitrag zur Demokratie und zu einem guten Miteinander in unserer Gemeinde leisten m\u00f6chte. Mir sind Respekt und &hellip; Wir kandidieren f\u00fcr Kernen: Laura Wilhelm, Peter von Schnakenburg Weiterlesen &raquo;","og_url":"https:\/\/www.ogl-kernen.de\/?p=437","og_site_name":"OGL Kernen","article_published_time":"2024-02-21T10:10:52+00:00","article_modified_time":"2024-03-24T11:54:31+00:00","og_image":[{"width":1192,"height":394,"url":"https:\/\/www.ogl-kernen.de\/test\/wp-content\/uploads\/2024\/03\/Wilhelm_Schnakenburg.jpg","type":"image\/jpeg"}],"author":"OGL","twitter_card":"summary_large_image","twitter_misc":{"Verfasst von":"OGL","Gesch\u00e4tzte Lesezeit":"1\u00a0Minute"},"schema":{"@context":"https:\/\/schema.org","@graph":[{"@type":"Article","@id":"https:\/\/www.ogl-kernen.de\/?p=437#article","isPartOf":{"@id":"https:\/\/www.ogl-kernen.de\/?p=437"},"author":{"name":"OGL","@id":"https:\/\/www.ogl-kernen.de\/#\/schema\/person\/8828a6a298bdd9f24dedf6bd48031fb6"},"headline":"Wir kandidieren f\u00fcr Kernen: Laura Wilhelm, Peter von Schnakenburg","datePublished":"2024-02-21T10:10:52+00:00","dateModified":"2024-03-24T11:54:31+00:00","mainEntityOfPage":{"@id":"https:\/\/www.ogl-kernen.de\/?p=437"},"wordCount":205,"publisher":{"@id":"https:\/\/www.ogl-kernen.de\/#organization"},"image":{"@id":"https:\/\/www.ogl-kernen.de\/?p=437#primaryimage"},"thumbnailUrl":"https:\/\/www.ogl-kernen.de\/test\/wp-content\/uploads\/2024\/03\/Wilhelm_Schnakenburg.jpg","keywords":["Kandidaten","Kandidatinnen","Kommunalwahl"],"articleSection":{"1":"Unsere Kandidat:innen f\u00fcr Kernen"},"inLanguage":"de"},{"@type":"WebPage","@id":"https:\/\/www.ogl-kernen.de\/?p=437","url":"https:\/\/www.ogl-kernen.de\/?p=437","name":"Wir kandidieren f\u00fcr Kernen: Laura Wilhelm, Peter von Schnakenburg - OGL Kernen","isPartOf":{"@id":"https:\/\/www.ogl-kernen.de\/#website"},"primaryImageOfPage":{"@id":"https:\/\/www.ogl-kernen.de\/?p=437#primaryimage"},"image":{"@id":"https:\/\/www.ogl-kernen.de\/?p=437#primaryimage"},"thumbnailUrl":"https:\/\/www.ogl-kernen.de\/test\/wp-content\/uploads\/2024\/03\/Wilhelm_Schnakenburg.jpg","datePublished":"2024-02-21T10:10:52+00:00","dateModified":"2024-03-24T11:54:31+00:00","breadcrumb":{"@id":"https:\/\/www.ogl-kernen.de\/?p=437#breadcrumb"},"inLanguage":"de","potentialAction":[{"@type":"ReadAction","target":["https:\/\/www.ogl-kernen.de\/?p=437"]}]},{"@type":"ImageObject","inLanguage":"de","@id":"https:\/\/www.ogl-kernen.de\/?p=437#primaryimage","url":"https:\/\/www.ogl-kernen.de\/test\/wp-content\/uploads\/2024\/03\/Wilhelm_Schnakenburg.jpg","contentUrl":"https:\/\/www.ogl-kernen.de\/test\/wp-content\/uploads\/2024\/03\/Wilhelm_Schnakenburg.jpg","width":1192,"height":394,"caption":"Foto: Herzog in Kernen"},{"@type":"BreadcrumbList","@id":"https:\/\/www.ogl-kernen.de\/?p=437#breadcrumb","itemListElement":[{"@type":"ListItem","position":1,"name":"Startseite","item":"https:\/\/www.ogl-kernen.de\/"},{"@type":"ListItem","position":2,"name":"Wir kandidieren f\u00fcr Kernen: Laura Wilhelm, Peter von Schnakenburg"}]},{"@type":"WebSite","@id":"https:\/\/www.ogl-kernen.de\/#website","url":"https:\/\/www.ogl-kernen.de\/","name":"OGL Kernen","description":"nachhaltig - sozial - weltoffen","publisher":{"@id":"https:\/\/www.ogl-kernen.de\/#organization"},"potentialAction":[{"@type":"SearchAction","target":{"@type":"EntryPoint","urlTemplate":"https:\/\/www.ogl-kernen.de\/?s={search_term_string}"},"query-input":"required name=search_term_string"}],"inLanguage":"de"},{"@type":"Organization","@id":"https:\/\/www.ogl-kernen.de\/#organization","name":"OGL Kernen","url":"https:\/\/www.ogl-kernen.de\/","logo":{"@type":"ImageObject","inLanguage":"de","@id":"https:\/\/www.ogl-kernen.de\/#\/schema\/logo\/image\/","url":"https:\/\/www.ogl-kernen.de\/test\/wp-content\/uploads\/2021\/05\/cropped-Logo-ow-scaled-1.jpg","contentUrl":"https:\/\/www.ogl-kernen.de\/test\/wp-content\/uploads\/2021\/05\/cropped-Logo-ow-scaled-1.jpg","width":2560,"height":478,"caption":"OGL Kernen"},"image":{"@id":"https:\/\/www.ogl-kernen.de\/#\/schema\/logo\/image\/"},"sameAs":["https:\/\/www.instagram.com\/ogl_kernen\/"]},{"@type":"Person","@id":"https:\/\/www.ogl-kernen.de\/#\/schema\/person\/8828a6a298bdd9f24dedf6bd48031fb6","name":"OGL","image":{"@type":"ImageObject","inLanguage":"de","@id":"https:\/\/www.ogl-kernen.de\/#\/schema\/person\/image\/","url":"https:\/\/secure.gravatar.com\/avatar\/c6b77e0c42bf9f94c5a55dee69be82d4ff97ce1a9259b7509fb5e2e3d33a3db1?s=96&d=mm&r=g","contentUrl":"https:\/\/secure.gravatar.com\/avatar\/c6b77e0c42bf9f94c5a55dee69be82d4ff97ce1a9259b7509fb5e2e3d33a3db1?s=96&d=mm&r=g","caption":"OGL"},"url":"https:\/\/www.ogl-kernen.de\/?author=9"}]}},"_links":{"self":[{"href":"https:\/\/www.ogl-kernen.de\/index.php?rest_route=\/wp\/v2\/posts\/437","targetHints":{"allow":["GET"]}}],"collection":[{"href":"https:\/\/www.ogl-kernen.de\/index.php?rest_route=\/wp\/v2\/posts"}],"about":[{"href":"https:\/\/www.ogl-kernen.de\/index.php?rest_route=\/wp\/v2\/types\/post"}],"author":[{"embeddable":true,"href":"https:\/\/www.ogl-kernen.de\/index.php?rest_route=\/wp\/v2\/users\/9"}],"replies":[{"embeddable":true,"href":"https:\/\/www.ogl-kernen.de\/index.php?rest_route=%2Fwp%2Fv2%2Fcomments&post=437"}],"version-history":[{"count":3,"href":"https:\/\/www.ogl-kernen.de\/index.php?rest_route=\/wp\/v2\/posts\/437\/revisions"}],"predecessor-version":[{"id":481,"href":"https:\/\/www.ogl-kernen.de\/index.php?rest_route=\/wp\/v2\/posts\/437\/revisions\/481"}],"wp:featuredmedia":[{"embeddable":true,"href":"https:\/\/www.ogl-kernen.de\/index.php?rest_route=\/wp\/v2\/media\/470"}],"wp:attachment":[{"href":"https:\/\/www.ogl-kernen.de\/index.php?rest_route=%2Fwp%2Fv2%2Fmedia&parent=437"}],"wp:term":[{"taxonomy":"category","embeddable":true,"href":"https:\/\/www.ogl-kernen.de\/index.php?rest_route=%2Fwp%2Fv2%2Fcategories&post=437"},{"taxonomy":"post_tag","embeddable":true,"href":"https:\/\/www.ogl-kernen.de\/index.php?rest_route=%2Fwp%2Fv2%2Ftags&post=437"}],"curies":[{"name":"wp","href":"https:\/\/api.w.org\/{rel}","templated":true}]}}