{"id":380,"date":"2023-05-17T18:09:00","date_gmt":"2023-05-17T16:09:00","guid":{"rendered":"https:\/\/www.ogl-kernen.de\/?p=380"},"modified":"2023-11-10T18:11:52","modified_gmt":"2023-11-10T17:11:52","slug":"neues-vorstandsmitglied","status":"publish","type":"post","link":"https:\/\/www.ogl-kernen.de\/?p=380","title":{"rendered":"Neues Vorstandsmitglied"},"content":{"rendered":"\n<p>Die OGL hat einen neuen Vorstand. Wolf-Georg F\u00e4rber wurde bei der letzten Mitgliederversammlung einstimmig in den Vorstand unserer W\u00e4hlervereinigung gew\u00e4hlt. Ausgeschieden ist Jacqueline Gerhardt, da sie aus Kernen wegzogen ist, was wir sehr bedauern. Aber mit Wolf-Georg haben wir einen engagierten und in Kernen bekannten B\u00fcrger f\u00fcr unseren Vorstand gewonnen. Wir w\u00fcnschen ihm alles Gute f\u00fcr seinen neuen Posten und gute Zusammenarbeit mit dem bisherigen Vorstand. Zudem wurde Norbert Kirchner zum Kassenpr\u00fcfer gew\u00e4hlt.<\/p>\n","protected":false},"excerpt":{"rendered":"<p>Die OGL hat einen neuen Vorstand. Wolf-Georg F\u00e4rber wurde bei der letzten Mitgliederversammlung einstimmig in den Vorstand unserer W\u00e4hlervereinigung gew\u00e4hlt. Ausgeschieden ist Jacqueline Gerhardt, da sie aus Kernen wegzogen ist, was wir sehr bedauern. Aber mit Wolf-Georg haben wir einen engagierten und in Kernen bekannten B\u00fcrger f\u00fcr unseren Vorstand gewonnen. Wir w\u00fcnschen ihm alles Gute &hellip;<\/p>\n<p class=\"read-more\"> <a class=\"\" href=\"https:\/\/www.ogl-kernen.de\/?p=380\"> <span class=\"screen-reader-text\">Neues Vorstandsmitglied<\/span> Weiterlesen &raquo;<\/a><\/p>\n","protected":false},"author":9,"featured_media":0,"comment_status":"closed","ping_status":"closed","sticky":false,"template":"","format":"standard","meta":{"site-sidebar-layout":"default","site-content-layout":"default","ast-global-header-display":"","ast-main-header-display":"","ast-hfb-above-header-display":"","ast-hfb-below-header-display":"","ast-hfb-mobile-header-display":"","site-post-title":"","ast-breadcrumbs-content":"","ast-featured-img":"","footer-sml-layout":"","theme-transparent-header-meta":"","adv-header-id-meta":"","stick-header-meta":"","header-above-stick-meta":"","header-main-stick-meta":"","header-below-stick-meta":"","footnotes":""},"categories":[1],"tags":[],"class_list":["post-380","post","type-post","status-publish","format-standard","hentry","category-allgemein"],"yoast_head":"<!-- This site is optimized with the Yoast SEO plugin v22.2 - https:\/\/yoast.com\/wordpress\/plugins\/seo\/ -->\n<title>Neues Vorstandsmitglied - OGL Kernen<\/title>\n<meta name=\"robots\" content=\"index, follow, max-snippet:-1, max-image-preview:large, max-video-preview:-1\" \/>\n<link rel=\"canonical\" href=\"https:\/\/www.ogl-kernen.de\/?p=380\" \/>\n<meta property=\"og:locale\" content=\"de_DE\" \/>\n<meta property=\"og:type\" content=\"article\" \/>\n<meta property=\"og:title\" content=\"Neues Vorstandsmitglied - OGL Kernen\" \/>\n<meta property=\"og:description\" content=\"Die OGL hat einen neuen Vorstand. Wolf-Georg F\u00e4rber wurde bei der letzten Mitgliederversammlung einstimmig in den Vorstand unserer W\u00e4hlervereinigung gew\u00e4hlt. Ausgeschieden ist Jacqueline Gerhardt, da sie aus Kernen wegzogen ist, was wir sehr bedauern. Aber mit Wolf-Georg haben wir einen engagierten und in Kernen bekannten B\u00fcrger f\u00fcr unseren Vorstand gewonnen. Wir w\u00fcnschen ihm alles Gute &hellip; Neues Vorstandsmitglied Weiterlesen &raquo;\" \/>\n<meta property=\"og:url\" content=\"https:\/\/www.ogl-kernen.de\/?p=380\" \/>\n<meta property=\"og:site_name\" content=\"OGL Kernen\" \/>\n<meta property=\"article:published_time\" content=\"2023-05-17T16:09:00+00:00\" \/>\n<meta property=\"article:modified_time\" content=\"2023-11-10T17:11:52+00:00\" \/>\n<meta name=\"author\" content=\"OGL\" \/>\n<meta name=\"twitter:card\" content=\"summary_large_image\" \/>\n<meta name=\"twitter:label1\" content=\"Verfasst von\" \/>\n\t<meta name=\"twitter:data1\" content=\"OGL\" \/>\n<script type=\"application\/ld+json\" class=\"yoast-schema-graph\">{\"@context\":\"https:\/\/schema.org\",\"@graph\":[{\"@type\":\"Article\",\"@id\":\"https:\/\/www.ogl-kernen.de\/?p=380#article\",\"isPartOf\":{\"@id\":\"https:\/\/www.ogl-kernen.de\/?p=380\"},\"author\":{\"name\":\"OGL\",\"@id\":\"https:\/\/www.ogl-kernen.de\/#\/schema\/person\/8828a6a298bdd9f24dedf6bd48031fb6\"},\"headline\":\"Neues Vorstandsmitglied\",\"datePublished\":\"2023-05-17T16:09:00+00:00\",\"dateModified\":\"2023-11-10T17:11:52+00:00\",\"mainEntityOfPage\":{\"@id\":\"https:\/\/www.ogl-kernen.de\/?p=380\"},\"wordCount\":84,\"publisher\":{\"@id\":\"https:\/\/www.ogl-kernen.de\/#organization\"},\"inLanguage\":\"de\"},{\"@type\":\"WebPage\",\"@id\":\"https:\/\/www.ogl-kernen.de\/?p=380\",\"url\":\"https:\/\/www.ogl-kernen.de\/?p=380\",\"name\":\"Neues Vorstandsmitglied - OGL Kernen\",\"isPartOf\":{\"@id\":\"https:\/\/www.ogl-kernen.de\/#website\"},\"datePublished\":\"2023-05-17T16:09:00+00:00\",\"dateModified\":\"2023-11-10T17:11:52+00:00\",\"breadcrumb\":{\"@id\":\"https:\/\/www.ogl-kernen.de\/?p=380#breadcrumb\"},\"inLanguage\":\"de\",\"potentialAction\":[{\"@type\":\"ReadAction\",\"target\":[\"https:\/\/www.ogl-kernen.de\/?p=380\"]}]},{\"@type\":\"BreadcrumbList\",\"@id\":\"https:\/\/www.ogl-kernen.de\/?p=380#breadcrumb\",\"itemListElement\":[{\"@type\":\"ListItem\",\"position\":1,\"name\":\"Startseite\",\"item\":\"https:\/\/www.ogl-kernen.de\/\"},{\"@type\":\"ListItem\",\"position\":2,\"name\":\"Neues Vorstandsmitglied\"}]},{\"@type\":\"WebSite\",\"@id\":\"https:\/\/www.ogl-kernen.de\/#website\",\"url\":\"https:\/\/www.ogl-kernen.de\/\",\"name\":\"OGL Kernen\",\"description\":\"nachhaltig - sozial - weltoffen\",\"publisher\":{\"@id\":\"https:\/\/www.ogl-kernen.de\/#organization\"},\"potentialAction\":[{\"@type\":\"SearchAction\",\"target\":{\"@type\":\"EntryPoint\",\"urlTemplate\":\"https:\/\/www.ogl-kernen.de\/?s={search_term_string}\"},\"query-input\":\"required name=search_term_string\"}],\"inLanguage\":\"de\"},{\"@type\":\"Organization\",\"@id\":\"https:\/\/www.ogl-kernen.de\/#organization\",\"name\":\"OGL Kernen\",\"url\":\"https:\/\/www.ogl-kernen.de\/\",\"logo\":{\"@type\":\"ImageObject\",\"inLanguage\":\"de\",\"@id\":\"https:\/\/www.ogl-kernen.de\/#\/schema\/logo\/image\/\",\"url\":\"https:\/\/www.ogl-kernen.de\/test\/wp-content\/uploads\/2021\/05\/cropped-Logo-ow-scaled-1.jpg\",\"contentUrl\":\"https:\/\/www.ogl-kernen.de\/test\/wp-content\/uploads\/2021\/05\/cropped-Logo-ow-scaled-1.jpg\",\"width\":2560,\"height\":478,\"caption\":\"OGL Kernen\"},\"image\":{\"@id\":\"https:\/\/www.ogl-kernen.de\/#\/schema\/logo\/image\/\"},\"sameAs\":[\"https:\/\/www.instagram.com\/ogl_kernen\/\"]},{\"@type\":\"Person\",\"@id\":\"https:\/\/www.ogl-kernen.de\/#\/schema\/person\/8828a6a298bdd9f24dedf6bd48031fb6\",\"name\":\"OGL\",\"image\":{\"@type\":\"ImageObject\",\"inLanguage\":\"de\",\"@id\":\"https:\/\/www.ogl-kernen.de\/#\/schema\/person\/image\/\",\"url\":\"https:\/\/secure.gravatar.com\/avatar\/c6b77e0c42bf9f94c5a55dee69be82d4ff97ce1a9259b7509fb5e2e3d33a3db1?s=96&d=mm&r=g\",\"contentUrl\":\"https:\/\/secure.gravatar.com\/avatar\/c6b77e0c42bf9f94c5a55dee69be82d4ff97ce1a9259b7509fb5e2e3d33a3db1?s=96&d=mm&r=g\",\"caption\":\"OGL\"},\"url\":\"https:\/\/www.ogl-kernen.de\/?author=9\"}]}<\/script>\n<!-- \/ Yoast SEO plugin. -->","yoast_head_json":{"title":"Neues Vorstandsmitglied - OGL Kernen","robots":{"index":"index","follow":"follow","max-snippet":"max-snippet:-1","max-image-preview":"max-image-preview:large","max-video-preview":"max-video-preview:-1"},"canonical":"https:\/\/www.ogl-kernen.de\/?p=380","og_locale":"de_DE","og_type":"article","og_title":"Neues Vorstandsmitglied - OGL Kernen","og_description":"Die OGL hat einen neuen Vorstand. Wolf-Georg F\u00e4rber wurde bei der letzten Mitgliederversammlung einstimmig in den Vorstand unserer W\u00e4hlervereinigung gew\u00e4hlt. Ausgeschieden ist Jacqueline Gerhardt, da sie aus Kernen wegzogen ist, was wir sehr bedauern. Aber mit Wolf-Georg haben wir einen engagierten und in Kernen bekannten B\u00fcrger f\u00fcr unseren Vorstand gewonnen. Wir w\u00fcnschen ihm alles Gute &hellip; Neues Vorstandsmitglied Weiterlesen &raquo;","og_url":"https:\/\/www.ogl-kernen.de\/?p=380","og_site_name":"OGL Kernen","article_published_time":"2023-05-17T16:09:00+00:00","article_modified_time":"2023-11-10T17:11:52+00:00","author":"OGL","twitter_card":"summary_large_image","twitter_misc":{"Verfasst von":"OGL"},"schema":{"@context":"https:\/\/schema.org","@graph":[{"@type":"Article","@id":"https:\/\/www.ogl-kernen.de\/?p=380#article","isPartOf":{"@id":"https:\/\/www.ogl-kernen.de\/?p=380"},"author":{"name":"OGL","@id":"https:\/\/www.ogl-kernen.de\/#\/schema\/person\/8828a6a298bdd9f24dedf6bd48031fb6"},"headline":"Neues Vorstandsmitglied","datePublished":"2023-05-17T16:09:00+00:00","dateModified":"2023-11-10T17:11:52+00:00","mainEntityOfPage":{"@id":"https:\/\/www.ogl-kernen.de\/?p=380"},"wordCount":84,"publisher":{"@id":"https:\/\/www.ogl-kernen.de\/#organization"},"inLanguage":"de"},{"@type":"WebPage","@id":"https:\/\/www.ogl-kernen.de\/?p=380","url":"https:\/\/www.ogl-kernen.de\/?p=380","name":"Neues Vorstandsmitglied - OGL Kernen","isPartOf":{"@id":"https:\/\/www.ogl-kernen.de\/#website"},"datePublished":"2023-05-17T16:09:00+00:00","dateModified":"2023-11-10T17:11:52+00:00","breadcrumb":{"@id":"https:\/\/www.ogl-kernen.de\/?p=380#breadcrumb"},"inLanguage":"de","potentialAction":[{"@type":"ReadAction","target":["https:\/\/www.ogl-kernen.de\/?p=380"]}]},{"@type":"BreadcrumbList","@id":"https:\/\/www.ogl-kernen.de\/?p=380#breadcrumb","itemListElement":[{"@type":"ListItem","position":1,"name":"Startseite","item":"https:\/\/www.ogl-kernen.de\/"},{"@type":"ListItem","position":2,"name":"Neues Vorstandsmitglied"}]},{"@type":"WebSite","@id":"https:\/\/www.ogl-kernen.de\/#website","url":"https:\/\/www.ogl-kernen.de\/","name":"OGL Kernen","description":"nachhaltig - sozial - weltoffen","publisher":{"@id":"https:\/\/www.ogl-kernen.de\/#organization"},"potentialAction":[{"@type":"SearchAction","target":{"@type":"EntryPoint","urlTemplate":"https:\/\/www.ogl-kernen.de\/?s={search_term_string}"},"query-input":"required name=search_term_string"}],"inLanguage":"de"},{"@type":"Organization","@id":"https:\/\/www.ogl-kernen.de\/#organization","name":"OGL Kernen","url":"https:\/\/www.ogl-kernen.de\/","logo":{"@type":"ImageObject","inLanguage":"de","@id":"https:\/\/www.ogl-kernen.de\/#\/schema\/logo\/image\/","url":"https:\/\/www.ogl-kernen.de\/test\/wp-content\/uploads\/2021\/05\/cropped-Logo-ow-scaled-1.jpg","contentUrl":"https:\/\/www.ogl-kernen.de\/test\/wp-content\/uploads\/2021\/05\/cropped-Logo-ow-scaled-1.jpg","width":2560,"height":478,"caption":"OGL Kernen"},"image":{"@id":"https:\/\/www.ogl-kernen.de\/#\/schema\/logo\/image\/"},"sameAs":["https:\/\/www.instagram.com\/ogl_kernen\/"]},{"@type":"Person","@id":"https:\/\/www.ogl-kernen.de\/#\/schema\/person\/8828a6a298bdd9f24dedf6bd48031fb6","name":"OGL","image":{"@type":"ImageObject","inLanguage":"de","@id":"https:\/\/www.ogl-kernen.de\/#\/schema\/person\/image\/","url":"https:\/\/secure.gravatar.com\/avatar\/c6b77e0c42bf9f94c5a55dee69be82d4ff97ce1a9259b7509fb5e2e3d33a3db1?s=96&d=mm&r=g","contentUrl":"https:\/\/secure.gravatar.com\/avatar\/c6b77e0c42bf9f94c5a55dee69be82d4ff97ce1a9259b7509fb5e2e3d33a3db1?s=96&d=mm&r=g","caption":"OGL"},"url":"https:\/\/www.ogl-kernen.de\/?author=9"}]}},"_links":{"self":[{"href":"https:\/\/www.ogl-kernen.de\/index.php?rest_route=\/wp\/v2\/posts\/380","targetHints":{"allow":["GET"]}}],"collection":[{"href":"https:\/\/www.ogl-kernen.de\/index.php?rest_route=\/wp\/v2\/posts"}],"about":[{"href":"https:\/\/www.ogl-kernen.de\/index.php?rest_route=\/wp\/v2\/types\/post"}],"author":[{"embeddable":true,"href":"https:\/\/www.ogl-kernen.de\/index.php?rest_route=\/wp\/v2\/users\/9"}],"replies":[{"embeddable":true,"href":"https:\/\/www.ogl-kernen.de\/index.php?rest_route=%2Fwp%2Fv2%2Fcomments&post=380"}],"version-history":[{"count":1,"href":"https:\/\/www.ogl-kernen.de\/index.php?rest_route=\/wp\/v2\/posts\/380\/revisions"}],"predecessor-version":[{"id":381,"href":"https:\/\/www.ogl-kernen.de\/index.php?rest_route=\/wp\/v2\/posts\/380\/revisions\/381"}],"wp:attachment":[{"href":"https:\/\/www.ogl-kernen.de\/index.php?rest_route=%2Fwp%2Fv2%2Fmedia&parent=380"}],"wp:term":[{"taxonomy":"category","embeddable":true,"href":"https:\/\/www.ogl-kernen.de\/index.php?rest_route=%2Fwp%2Fv2%2Fcategories&post=380"},{"taxonomy":"post_tag","embeddable":true,"href":"https:\/\/www.ogl-kernen.de\/index.php?rest_route=%2Fwp%2Fv2%2Ftags&post=380"}],"curies":[{"name":"wp","href":"https:\/\/api.w.org\/{rel}","templated":true}]}}