{"id":378,"date":"2023-06-01T18:05:00","date_gmt":"2023-06-01T16:05:00","guid":{"rendered":"https:\/\/www.ogl-kernen.de\/?p=378"},"modified":"2023-11-10T18:08:35","modified_gmt":"2023-11-10T17:08:35","slug":"mehr-ruhe-in-rommelshausen","status":"publish","type":"post","link":"https:\/\/www.ogl-kernen.de\/?p=378","title":{"rendered":"Mehr Ruhe in Rommelshausen"},"content":{"rendered":"\n<p>Fast ein Jahr ist es nun her, dass der Gemeinderat mit 18 Ja-Stimmen und einer Enthaltung ein Tempo-30-Limit auf den Durchgangsstra\u00dfen in Rommelshausen beschlossen hat. Ausgangspunkt war ein L\u00e4rmaktionsplan. Dieser kam zu dem Ergebnis, dass Anwohner*innen der Waiblinger, Fellbacher und Karlstra\u00dfe hohem Verkehrsl\u00e4rm ausgesetzt sind. <strong>Die L\u00e4rmwerte waren teilweise so hoch, dass sie als gesundheitssch\u00e4dlich eingestuft wurden und Kernen verpflichtet war, etwas dagegen zu tun<\/strong>. Fast ein Jahr haben die Verkehrsbeh\u00f6rde in Waiblingen und das Regierungspr\u00e4sidium Stuttgart gebraucht, gr\u00fcnes Licht f\u00fcr das Aufstellen von Tempo-30-Schildern zu geben. Aber nun ist es endlich so weit. Die Verkehrszeichen stehen und die Anwohner*innen, Fu\u00dfg\u00e4nger und Radfahrende d\u00fcrfen sich \u00fcber weniger Stra\u00dfenl\u00e4rm freuen. Und an den Busverkehr wurde auch gedacht. Damit die Busse durch die Geschwindigkeitsreduzierung nicht allzu viel an Zeit verlieren, wurden zwei Ma\u00dfnahmen ergriffen: Eine Reduzierung von Parkpl\u00e4tzen entlang der Waiblinger Stra\u00dfe (dadurch wird der Verkehr fl\u00fcssiger) und die M\u00f6glichkeit f\u00fcr die Busfahrer, Ampeln auf gr\u00fcne Welle zu schalten (sogenannte Vorrangsteuerung). Wir OGLer begr\u00fc\u00dfen alle diese Ma\u00dfnahmen. <strong>Tempo 30 reduziert den L\u00e4rm merklich.<\/strong> Die <strong>Wohnqualit\u00e4t<\/strong> an den Stra\u00dfen wird verbessert, ebenso die <strong>Aufenthaltsqualit\u00e4t<\/strong> entlang der Stra\u00dfen (Bsp. Cafe Reimann oder Vorplatz Rossmann). <strong>Fu\u00dfg\u00e4nger\u00fcberwege<\/strong> (Zebrastreifen) werden durch die geringere Geschwindigkeit <strong>sicherer <\/strong>gemacht, insbesondere f\u00fcr Kinder. <strong>Fahrradfahrende<\/strong> k\u00f6nnen sich bei Benutzung der Durchgangsstra\u00dfen ebenfalls sicherer f\u00fchlen. <strong>Wir hoffen, dass die motorisierten Verkehrsteilnehmer Tempo 30 einhalten und den geringen Zeitverlust f\u00fcr die Gesundheit und Sicherheit anderer Menschen gerne in Kauf nehmen. <\/strong>Denn: Wer nachrechnet, kommt zu der Erkenntnis, dass so viel Zeit gar nicht auf der Strecke bleibt. Und wer zu Fu\u00df l\u00e4uft, das Fahrrad oder den Bus benutzt, der braucht solche Rechenspiele erst gar nicht anzustellen.<\/p>\n\n\n\n<p>Matthias Kramer, OGL Kernen<\/p>\n","protected":false},"excerpt":{"rendered":"<p>Fast ein Jahr ist es nun her, dass der Gemeinderat mit 18 Ja-Stimmen und einer Enthaltung ein Tempo-30-Limit auf den Durchgangsstra\u00dfen in Rommelshausen beschlossen hat. Ausgangspunkt war ein L\u00e4rmaktionsplan. Dieser kam zu dem Ergebnis, dass Anwohner*innen der Waiblinger, Fellbacher und Karlstra\u00dfe hohem Verkehrsl\u00e4rm ausgesetzt sind. Die L\u00e4rmwerte waren teilweise so hoch, dass sie als gesundheitssch\u00e4dlich &hellip;<\/p>\n<p class=\"read-more\"> <a class=\"\" href=\"https:\/\/www.ogl-kernen.de\/?p=378\"> <span class=\"screen-reader-text\">Mehr Ruhe in Rommelshausen<\/span> Weiterlesen &raquo;<\/a><\/p>\n","protected":false},"author":3,"featured_media":0,"comment_status":"closed","ping_status":"closed","sticky":false,"template":"","format":"standard","meta":{"site-sidebar-layout":"default","site-content-layout":"default","ast-global-header-display":"","ast-main-header-display":"","ast-hfb-above-header-display":"","ast-hfb-below-header-display":"","ast-hfb-mobile-header-display":"","site-post-title":"","ast-breadcrumbs-content":"","ast-featured-img":"","footer-sml-layout":"","theme-transparent-header-meta":"","adv-header-id-meta":"","stick-header-meta":"","header-above-stick-meta":"","header-main-stick-meta":"","header-below-stick-meta":"","footnotes":""},"categories":[4],"tags":[82,13,91],"class_list":["post-378","post","type-post","status-publish","format-standard","hentry","category-fraktion","tag-laermaktionsplan","tag-tempo-30","tag-verkehrslaerm"],"yoast_head":"<!-- This site is optimized with the Yoast SEO plugin v22.2 - https:\/\/yoast.com\/wordpress\/plugins\/seo\/ -->\n<title>Mehr Ruhe in Rommelshausen - OGL Kernen<\/title>\n<meta name=\"robots\" content=\"index, follow, max-snippet:-1, max-image-preview:large, max-video-preview:-1\" \/>\n<link rel=\"canonical\" href=\"https:\/\/www.ogl-kernen.de\/?p=378\" \/>\n<meta property=\"og:locale\" content=\"de_DE\" \/>\n<meta property=\"og:type\" content=\"article\" \/>\n<meta property=\"og:title\" content=\"Mehr Ruhe in Rommelshausen - OGL Kernen\" \/>\n<meta property=\"og:description\" content=\"Fast ein Jahr ist es nun her, dass der Gemeinderat mit 18 Ja-Stimmen und einer Enthaltung ein Tempo-30-Limit auf den Durchgangsstra\u00dfen in Rommelshausen beschlossen hat. Ausgangspunkt war ein L\u00e4rmaktionsplan. Dieser kam zu dem Ergebnis, dass Anwohner*innen der Waiblinger, Fellbacher und Karlstra\u00dfe hohem Verkehrsl\u00e4rm ausgesetzt sind. Die L\u00e4rmwerte waren teilweise so hoch, dass sie als gesundheitssch\u00e4dlich &hellip; Mehr Ruhe in Rommelshausen Weiterlesen &raquo;\" \/>\n<meta property=\"og:url\" content=\"https:\/\/www.ogl-kernen.de\/?p=378\" \/>\n<meta property=\"og:site_name\" content=\"OGL Kernen\" \/>\n<meta property=\"article:published_time\" content=\"2023-06-01T16:05:00+00:00\" \/>\n<meta property=\"article:modified_time\" content=\"2023-11-10T17:08:35+00:00\" \/>\n<meta name=\"author\" content=\"Matthias Kramer\" \/>\n<meta name=\"twitter:card\" content=\"summary_large_image\" \/>\n<meta name=\"twitter:label1\" content=\"Verfasst von\" \/>\n\t<meta name=\"twitter:data1\" content=\"Matthias Kramer\" \/>\n\t<meta name=\"twitter:label2\" content=\"Gesch\u00e4tzte Lesezeit\" \/>\n\t<meta name=\"twitter:data2\" content=\"2\u00a0Minuten\" \/>\n<script type=\"application\/ld+json\" class=\"yoast-schema-graph\">{\"@context\":\"https:\/\/schema.org\",\"@graph\":[{\"@type\":\"Article\",\"@id\":\"https:\/\/www.ogl-kernen.de\/?p=378#article\",\"isPartOf\":{\"@id\":\"https:\/\/www.ogl-kernen.de\/?p=378\"},\"author\":{\"name\":\"Matthias Kramer\",\"@id\":\"https:\/\/www.ogl-kernen.de\/#\/schema\/person\/92d45b78564a61718a56f762c5c32250\"},\"headline\":\"Mehr Ruhe in Rommelshausen\",\"datePublished\":\"2023-06-01T16:05:00+00:00\",\"dateModified\":\"2023-11-10T17:08:35+00:00\",\"mainEntityOfPage\":{\"@id\":\"https:\/\/www.ogl-kernen.de\/?p=378\"},\"wordCount\":319,\"publisher\":{\"@id\":\"https:\/\/www.ogl-kernen.de\/#organization\"},\"keywords\":[\"L\u00e4rmaktionsplan\",\"Tempo 30\",\"Verkehrsl\u00e4rm\"],\"articleSection\":[\"Fraktion\"],\"inLanguage\":\"de\"},{\"@type\":\"WebPage\",\"@id\":\"https:\/\/www.ogl-kernen.de\/?p=378\",\"url\":\"https:\/\/www.ogl-kernen.de\/?p=378\",\"name\":\"Mehr Ruhe in Rommelshausen - OGL Kernen\",\"isPartOf\":{\"@id\":\"https:\/\/www.ogl-kernen.de\/#website\"},\"datePublished\":\"2023-06-01T16:05:00+00:00\",\"dateModified\":\"2023-11-10T17:08:35+00:00\",\"breadcrumb\":{\"@id\":\"https:\/\/www.ogl-kernen.de\/?p=378#breadcrumb\"},\"inLanguage\":\"de\",\"potentialAction\":[{\"@type\":\"ReadAction\",\"target\":[\"https:\/\/www.ogl-kernen.de\/?p=378\"]}]},{\"@type\":\"BreadcrumbList\",\"@id\":\"https:\/\/www.ogl-kernen.de\/?p=378#breadcrumb\",\"itemListElement\":[{\"@type\":\"ListItem\",\"position\":1,\"name\":\"Startseite\",\"item\":\"https:\/\/www.ogl-kernen.de\/\"},{\"@type\":\"ListItem\",\"position\":2,\"name\":\"Mehr Ruhe in Rommelshausen\"}]},{\"@type\":\"WebSite\",\"@id\":\"https:\/\/www.ogl-kernen.de\/#website\",\"url\":\"https:\/\/www.ogl-kernen.de\/\",\"name\":\"OGL Kernen\",\"description\":\"nachhaltig - sozial - weltoffen\",\"publisher\":{\"@id\":\"https:\/\/www.ogl-kernen.de\/#organization\"},\"potentialAction\":[{\"@type\":\"SearchAction\",\"target\":{\"@type\":\"EntryPoint\",\"urlTemplate\":\"https:\/\/www.ogl-kernen.de\/?s={search_term_string}\"},\"query-input\":\"required name=search_term_string\"}],\"inLanguage\":\"de\"},{\"@type\":\"Organization\",\"@id\":\"https:\/\/www.ogl-kernen.de\/#organization\",\"name\":\"OGL Kernen\",\"url\":\"https:\/\/www.ogl-kernen.de\/\",\"logo\":{\"@type\":\"ImageObject\",\"inLanguage\":\"de\",\"@id\":\"https:\/\/www.ogl-kernen.de\/#\/schema\/logo\/image\/\",\"url\":\"https:\/\/www.ogl-kernen.de\/test\/wp-content\/uploads\/2021\/05\/cropped-Logo-ow-scaled-1.jpg\",\"contentUrl\":\"https:\/\/www.ogl-kernen.de\/test\/wp-content\/uploads\/2021\/05\/cropped-Logo-ow-scaled-1.jpg\",\"width\":2560,\"height\":478,\"caption\":\"OGL Kernen\"},\"image\":{\"@id\":\"https:\/\/www.ogl-kernen.de\/#\/schema\/logo\/image\/\"},\"sameAs\":[\"https:\/\/www.instagram.com\/ogl_kernen\/\"]},{\"@type\":\"Person\",\"@id\":\"https:\/\/www.ogl-kernen.de\/#\/schema\/person\/92d45b78564a61718a56f762c5c32250\",\"name\":\"Matthias Kramer\",\"image\":{\"@type\":\"ImageObject\",\"inLanguage\":\"de\",\"@id\":\"https:\/\/www.ogl-kernen.de\/#\/schema\/person\/image\/\",\"url\":\"https:\/\/secure.gravatar.com\/avatar\/eca732170f439564e0de7ff140dc083abd1fcf055dfd83a8985c214a6afa79c9?s=96&d=mm&r=g\",\"contentUrl\":\"https:\/\/secure.gravatar.com\/avatar\/eca732170f439564e0de7ff140dc083abd1fcf055dfd83a8985c214a6afa79c9?s=96&d=mm&r=g\",\"caption\":\"Matthias Kramer\"},\"url\":\"https:\/\/www.ogl-kernen.de\/?author=3\"}]}<\/script>\n<!-- \/ Yoast SEO plugin. -->","yoast_head_json":{"title":"Mehr Ruhe in Rommelshausen - OGL Kernen","robots":{"index":"index","follow":"follow","max-snippet":"max-snippet:-1","max-image-preview":"max-image-preview:large","max-video-preview":"max-video-preview:-1"},"canonical":"https:\/\/www.ogl-kernen.de\/?p=378","og_locale":"de_DE","og_type":"article","og_title":"Mehr Ruhe in Rommelshausen - OGL Kernen","og_description":"Fast ein Jahr ist es nun her, dass der Gemeinderat mit 18 Ja-Stimmen und einer Enthaltung ein Tempo-30-Limit auf den Durchgangsstra\u00dfen in Rommelshausen beschlossen hat. Ausgangspunkt war ein L\u00e4rmaktionsplan. Dieser kam zu dem Ergebnis, dass Anwohner*innen der Waiblinger, Fellbacher und Karlstra\u00dfe hohem Verkehrsl\u00e4rm ausgesetzt sind. Die L\u00e4rmwerte waren teilweise so hoch, dass sie als gesundheitssch\u00e4dlich &hellip; Mehr Ruhe in Rommelshausen Weiterlesen &raquo;","og_url":"https:\/\/www.ogl-kernen.de\/?p=378","og_site_name":"OGL Kernen","article_published_time":"2023-06-01T16:05:00+00:00","article_modified_time":"2023-11-10T17:08:35+00:00","author":"Matthias Kramer","twitter_card":"summary_large_image","twitter_misc":{"Verfasst von":"Matthias Kramer","Gesch\u00e4tzte Lesezeit":"2\u00a0Minuten"},"schema":{"@context":"https:\/\/schema.org","@graph":[{"@type":"Article","@id":"https:\/\/www.ogl-kernen.de\/?p=378#article","isPartOf":{"@id":"https:\/\/www.ogl-kernen.de\/?p=378"},"author":{"name":"Matthias Kramer","@id":"https:\/\/www.ogl-kernen.de\/#\/schema\/person\/92d45b78564a61718a56f762c5c32250"},"headline":"Mehr Ruhe in Rommelshausen","datePublished":"2023-06-01T16:05:00+00:00","dateModified":"2023-11-10T17:08:35+00:00","mainEntityOfPage":{"@id":"https:\/\/www.ogl-kernen.de\/?p=378"},"wordCount":319,"publisher":{"@id":"https:\/\/www.ogl-kernen.de\/#organization"},"keywords":["L\u00e4rmaktionsplan","Tempo 30","Verkehrsl\u00e4rm"],"articleSection":["Fraktion"],"inLanguage":"de"},{"@type":"WebPage","@id":"https:\/\/www.ogl-kernen.de\/?p=378","url":"https:\/\/www.ogl-kernen.de\/?p=378","name":"Mehr Ruhe in Rommelshausen - OGL Kernen","isPartOf":{"@id":"https:\/\/www.ogl-kernen.de\/#website"},"datePublished":"2023-06-01T16:05:00+00:00","dateModified":"2023-11-10T17:08:35+00:00","breadcrumb":{"@id":"https:\/\/www.ogl-kernen.de\/?p=378#breadcrumb"},"inLanguage":"de","potentialAction":[{"@type":"ReadAction","target":["https:\/\/www.ogl-kernen.de\/?p=378"]}]},{"@type":"BreadcrumbList","@id":"https:\/\/www.ogl-kernen.de\/?p=378#breadcrumb","itemListElement":[{"@type":"ListItem","position":1,"name":"Startseite","item":"https:\/\/www.ogl-kernen.de\/"},{"@type":"ListItem","position":2,"name":"Mehr Ruhe in Rommelshausen"}]},{"@type":"WebSite","@id":"https:\/\/www.ogl-kernen.de\/#website","url":"https:\/\/www.ogl-kernen.de\/","name":"OGL Kernen","description":"nachhaltig - sozial - weltoffen","publisher":{"@id":"https:\/\/www.ogl-kernen.de\/#organization"},"potentialAction":[{"@type":"SearchAction","target":{"@type":"EntryPoint","urlTemplate":"https:\/\/www.ogl-kernen.de\/?s={search_term_string}"},"query-input":"required name=search_term_string"}],"inLanguage":"de"},{"@type":"Organization","@id":"https:\/\/www.ogl-kernen.de\/#organization","name":"OGL Kernen","url":"https:\/\/www.ogl-kernen.de\/","logo":{"@type":"ImageObject","inLanguage":"de","@id":"https:\/\/www.ogl-kernen.de\/#\/schema\/logo\/image\/","url":"https:\/\/www.ogl-kernen.de\/test\/wp-content\/uploads\/2021\/05\/cropped-Logo-ow-scaled-1.jpg","contentUrl":"https:\/\/www.ogl-kernen.de\/test\/wp-content\/uploads\/2021\/05\/cropped-Logo-ow-scaled-1.jpg","width":2560,"height":478,"caption":"OGL Kernen"},"image":{"@id":"https:\/\/www.ogl-kernen.de\/#\/schema\/logo\/image\/"},"sameAs":["https:\/\/www.instagram.com\/ogl_kernen\/"]},{"@type":"Person","@id":"https:\/\/www.ogl-kernen.de\/#\/schema\/person\/92d45b78564a61718a56f762c5c32250","name":"Matthias Kramer","image":{"@type":"ImageObject","inLanguage":"de","@id":"https:\/\/www.ogl-kernen.de\/#\/schema\/person\/image\/","url":"https:\/\/secure.gravatar.com\/avatar\/eca732170f439564e0de7ff140dc083abd1fcf055dfd83a8985c214a6afa79c9?s=96&d=mm&r=g","contentUrl":"https:\/\/secure.gravatar.com\/avatar\/eca732170f439564e0de7ff140dc083abd1fcf055dfd83a8985c214a6afa79c9?s=96&d=mm&r=g","caption":"Matthias Kramer"},"url":"https:\/\/www.ogl-kernen.de\/?author=3"}]}},"_links":{"self":[{"href":"https:\/\/www.ogl-kernen.de\/index.php?rest_route=\/wp\/v2\/posts\/378","targetHints":{"allow":["GET"]}}],"collection":[{"href":"https:\/\/www.ogl-kernen.de\/index.php?rest_route=\/wp\/v2\/posts"}],"about":[{"href":"https:\/\/www.ogl-kernen.de\/index.php?rest_route=\/wp\/v2\/types\/post"}],"author":[{"embeddable":true,"href":"https:\/\/www.ogl-kernen.de\/index.php?rest_route=\/wp\/v2\/users\/3"}],"replies":[{"embeddable":true,"href":"https:\/\/www.ogl-kernen.de\/index.php?rest_route=%2Fwp%2Fv2%2Fcomments&post=378"}],"version-history":[{"count":1,"href":"https:\/\/www.ogl-kernen.de\/index.php?rest_route=\/wp\/v2\/posts\/378\/revisions"}],"predecessor-version":[{"id":379,"href":"https:\/\/www.ogl-kernen.de\/index.php?rest_route=\/wp\/v2\/posts\/378\/revisions\/379"}],"wp:attachment":[{"href":"https:\/\/www.ogl-kernen.de\/index.php?rest_route=%2Fwp%2Fv2%2Fmedia&parent=378"}],"wp:term":[{"taxonomy":"category","embeddable":true,"href":"https:\/\/www.ogl-kernen.de\/index.php?rest_route=%2Fwp%2Fv2%2Fcategories&post=378"},{"taxonomy":"post_tag","embeddable":true,"href":"https:\/\/www.ogl-kernen.de\/index.php?rest_route=%2Fwp%2Fv2%2Ftags&post=378"}],"curies":[{"name":"wp","href":"https:\/\/api.w.org\/{rel}","templated":true}]}}