{"id":374,"date":"2023-06-28T17:57:00","date_gmt":"2023-06-28T15:57:00","guid":{"rendered":"https:\/\/www.ogl-kernen.de\/?p=374"},"modified":"2023-11-10T18:00:52","modified_gmt":"2023-11-10T17:00:52","slug":"antraege-der-ogl-im-gr","status":"publish","type":"post","link":"https:\/\/www.ogl-kernen.de\/?p=374","title":{"rendered":"Antr\u00e4ge der OGL im GR"},"content":{"rendered":"\n<p>Zwei Antr\u00e4ge, die von der OGL-Fraktion federf\u00fchrend vorbereitet wurden, standen letzten Donnerstag in der Sitzung des Gemeinderats zur Abstimmung. Vorab: Beiden Antr\u00e4gen wurde einstimmig zugestimmt.<\/p>\n\n\n\n<p>Zum einen geht es um das <strong>Aufstellen von drei Fahrradanlehnb\u00fcgeln<\/strong> in der Waiblinger Stra\u00dfe\/Unter den Arkaden. Zusammen mit Freundliches Kernen, den angrenzenden Gesch\u00e4ften, ProRad und der UFW-Fraktion machten wir uns Gedanken, wie man die Einkaufsm\u00f6glichkeiten f\u00fcr Radfahrende in Kernen verbessern kann und damit noch mehr Menschen zum Einkaufen mit dem Fahrrad motiviert. Gen\u00fcgend sichere Abstellpl\u00e4tze, sprich Fahrradanlehnb\u00fcgel, sind eine M\u00f6glichkeit. Der Platz direkt hinter der Bushaltestelle &#8222;Unter den Arkaden&#8220; schien uns daf\u00fcr bestens geeignet zu sein. Von dort aus sind viele Gesch\u00e4fte fu\u00dfl\u00e4ufig gut und schnell erreichbar. Zudem fehlen in diesem Bereich sinnvolle Abstellanlagen. Die Idee, sich bei der Umsetzung des Antrages auch finanziell zu beteiligen, wurde von allen Beteiligten begr\u00fc\u00dft. <strong>Insgesamt 1000 Euro, was in etwa dem Einkaufswert der drei B\u00fcgel entspricht, werden OGL, UFW, ProRad, Freundliches Kernen und die angrenzenden Gesch\u00e4fte beisteuern<\/strong>. In unseren Augen eine gelungene Aktion. Ein Dank an alle Beteiligten und an &#8222;unseren K\u00fcmmerer&#8220; Herrn Baars, der unterst\u00fctzend mitgewirkt hat. Wir freuen uns jetzt schon auf die Fahrradb\u00fcgel.<\/p>\n\n\n\n<p>Im zweiten Antrag geht es um ein <strong>kommunales F\u00f6rderprogramm f\u00fcr die Anschaffung von Balkon-Solaranlagen<\/strong>. Hier wurde folgender Beschluss gefasst: &#8222;Die Gemeinde Kernen gew\u00e4hrt Kerner B\u00fcrger*innen einen Zuschuss f\u00fcr die Installation einer Balkonsolaranlage. <strong>Pro Haushalt wird maximal eine Anlage mit 100 Euro bezuschusst, unabh\u00e4ngig davon, ob ein oder zwei Module errichtet werden<\/strong>. Insgesamt <strong>10.000 Euro werden hierf\u00fcr bereitgestellt<\/strong>.&#8220; Ein solches F\u00f6rderprogramm beschleunigt eine gr\u00f6\u00dfere Sensibilisierung der Bev\u00f6lkerung beim Thema Klimaschutz und initiiert einen Schub beim Ausbau regenerativer Energien. So k\u00f6nnen auch Menschen, denen nur ein Balkon (mit guter Sonnenausrichtung) und kein Dach zur Verf\u00fcgung steht, eigenen Strom produzieren. Einen \u00e4hnlichen Antrag hatte die OGL bereits vor zwei Jahren gestellt. Damals wurde dieser jedoch abgelehnt und nur beschlossen, die F\u00f6rderung von PV bei der Erstellung eines Klimaschutzkonzeptes mit aufzunehmen. Nachdem nun unser interkommunales Klimaschutz-Gesch\u00e4ftsstellenteam komplett ist, haben wir OGLer zusammen mit PFB und SPD einen Antrag auf PV-F\u00f6rderung neu gestellt. Dieses Mal mit Erfolg. <strong>Jetzt liegt es an Ihnen<\/strong>, aktiv zu werden und etwas zur Energiewende beizutragen. Das Genehmigungsverfahren und die Installation von Balkon-\/Stecker-PVs gestalten sich \u00fcbrigens relativ einfach. Mehr Infos zur F\u00f6rderung und das Antragsformular finden sich ab 1. Juli auf kernen.de. Erst ab diesem Datum ist eine Antragstellung m\u00f6glich. Am besten sich jetzt schon Gedanken machen und dann z\u00fcgig handeln. Denn irgendwann wird der F\u00f6rdertopf leer sein.<\/p>\n\n\n\n<p>Matthias Kramer<\/p>\n","protected":false},"excerpt":{"rendered":"<p>Zwei Antr\u00e4ge, die von der OGL-Fraktion federf\u00fchrend vorbereitet wurden, standen letzten Donnerstag in der Sitzung des Gemeinderats zur Abstimmung. Vorab: Beiden Antr\u00e4gen wurde einstimmig zugestimmt. Zum einen geht es um das Aufstellen von drei Fahrradanlehnb\u00fcgeln in der Waiblinger Stra\u00dfe\/Unter den Arkaden. Zusammen mit Freundliches Kernen, den angrenzenden Gesch\u00e4ften, ProRad und der UFW-Fraktion machten wir uns &hellip;<\/p>\n<p class=\"read-more\"> <a class=\"\" href=\"https:\/\/www.ogl-kernen.de\/?p=374\"> <span class=\"screen-reader-text\">Antr\u00e4ge der OGL im GR<\/span> Weiterlesen &raquo;<\/a><\/p>\n","protected":false},"author":3,"featured_media":0,"comment_status":"closed","ping_status":"closed","sticky":false,"template":"","format":"standard","meta":{"site-sidebar-layout":"default","site-content-layout":"default","ast-global-header-display":"","ast-main-header-display":"","ast-hfb-above-header-display":"","ast-hfb-below-header-display":"","ast-hfb-mobile-header-display":"","site-post-title":"","ast-breadcrumbs-content":"","ast-featured-img":"","footer-sml-layout":"","theme-transparent-header-meta":"","adv-header-id-meta":"","stick-header-meta":"","header-above-stick-meta":"","header-main-stick-meta":"","header-below-stick-meta":"","footnotes":""},"categories":[4],"tags":[90,12,45],"class_list":["post-374","post","type-post","status-publish","format-standard","hentry","category-fraktion","tag-balkon-solaranlage","tag-fahrrad","tag-photovoltaik"],"yoast_head":"<!-- This site is optimized with the Yoast SEO plugin v22.2 - https:\/\/yoast.com\/wordpress\/plugins\/seo\/ -->\n<title>Antr\u00e4ge der OGL im GR - OGL Kernen<\/title>\n<meta name=\"robots\" content=\"index, follow, max-snippet:-1, max-image-preview:large, max-video-preview:-1\" \/>\n<link rel=\"canonical\" href=\"https:\/\/www.ogl-kernen.de\/?p=374\" \/>\n<meta property=\"og:locale\" content=\"de_DE\" \/>\n<meta property=\"og:type\" content=\"article\" \/>\n<meta property=\"og:title\" content=\"Antr\u00e4ge der OGL im GR - OGL Kernen\" \/>\n<meta property=\"og:description\" content=\"Zwei Antr\u00e4ge, die von der OGL-Fraktion federf\u00fchrend vorbereitet wurden, standen letzten Donnerstag in der Sitzung des Gemeinderats zur Abstimmung. Vorab: Beiden Antr\u00e4gen wurde einstimmig zugestimmt. Zum einen geht es um das Aufstellen von drei Fahrradanlehnb\u00fcgeln in der Waiblinger Stra\u00dfe\/Unter den Arkaden. Zusammen mit Freundliches Kernen, den angrenzenden Gesch\u00e4ften, ProRad und der UFW-Fraktion machten wir uns &hellip; Antr\u00e4ge der OGL im GR Weiterlesen &raquo;\" \/>\n<meta property=\"og:url\" content=\"https:\/\/www.ogl-kernen.de\/?p=374\" \/>\n<meta property=\"og:site_name\" content=\"OGL Kernen\" \/>\n<meta property=\"article:published_time\" content=\"2023-06-28T15:57:00+00:00\" \/>\n<meta property=\"article:modified_time\" content=\"2023-11-10T17:00:52+00:00\" \/>\n<meta name=\"author\" content=\"Matthias Kramer\" \/>\n<meta name=\"twitter:card\" content=\"summary_large_image\" \/>\n<meta name=\"twitter:label1\" content=\"Verfasst von\" \/>\n\t<meta name=\"twitter:data1\" content=\"Matthias Kramer\" \/>\n\t<meta name=\"twitter:label2\" content=\"Gesch\u00e4tzte Lesezeit\" \/>\n\t<meta name=\"twitter:data2\" content=\"2\u00a0Minuten\" \/>\n<script type=\"application\/ld+json\" class=\"yoast-schema-graph\">{\"@context\":\"https:\/\/schema.org\",\"@graph\":[{\"@type\":\"Article\",\"@id\":\"https:\/\/www.ogl-kernen.de\/?p=374#article\",\"isPartOf\":{\"@id\":\"https:\/\/www.ogl-kernen.de\/?p=374\"},\"author\":{\"name\":\"Matthias Kramer\",\"@id\":\"https:\/\/www.ogl-kernen.de\/#\/schema\/person\/92d45b78564a61718a56f762c5c32250\"},\"headline\":\"Antr\u00e4ge der OGL im GR\",\"datePublished\":\"2023-06-28T15:57:00+00:00\",\"dateModified\":\"2023-11-10T17:00:52+00:00\",\"mainEntityOfPage\":{\"@id\":\"https:\/\/www.ogl-kernen.de\/?p=374\"},\"wordCount\":454,\"publisher\":{\"@id\":\"https:\/\/www.ogl-kernen.de\/#organization\"},\"keywords\":[\"Balkon-Solaranlage\",\"Fahrrad\",\"Photovoltaik\"],\"articleSection\":[\"Fraktion\"],\"inLanguage\":\"de\"},{\"@type\":\"WebPage\",\"@id\":\"https:\/\/www.ogl-kernen.de\/?p=374\",\"url\":\"https:\/\/www.ogl-kernen.de\/?p=374\",\"name\":\"Antr\u00e4ge der OGL im GR - OGL Kernen\",\"isPartOf\":{\"@id\":\"https:\/\/www.ogl-kernen.de\/#website\"},\"datePublished\":\"2023-06-28T15:57:00+00:00\",\"dateModified\":\"2023-11-10T17:00:52+00:00\",\"breadcrumb\":{\"@id\":\"https:\/\/www.ogl-kernen.de\/?p=374#breadcrumb\"},\"inLanguage\":\"de\",\"potentialAction\":[{\"@type\":\"ReadAction\",\"target\":[\"https:\/\/www.ogl-kernen.de\/?p=374\"]}]},{\"@type\":\"BreadcrumbList\",\"@id\":\"https:\/\/www.ogl-kernen.de\/?p=374#breadcrumb\",\"itemListElement\":[{\"@type\":\"ListItem\",\"position\":1,\"name\":\"Startseite\",\"item\":\"https:\/\/www.ogl-kernen.de\/\"},{\"@type\":\"ListItem\",\"position\":2,\"name\":\"Antr\u00e4ge der OGL im GR\"}]},{\"@type\":\"WebSite\",\"@id\":\"https:\/\/www.ogl-kernen.de\/#website\",\"url\":\"https:\/\/www.ogl-kernen.de\/\",\"name\":\"OGL Kernen\",\"description\":\"nachhaltig - sozial - weltoffen\",\"publisher\":{\"@id\":\"https:\/\/www.ogl-kernen.de\/#organization\"},\"potentialAction\":[{\"@type\":\"SearchAction\",\"target\":{\"@type\":\"EntryPoint\",\"urlTemplate\":\"https:\/\/www.ogl-kernen.de\/?s={search_term_string}\"},\"query-input\":\"required name=search_term_string\"}],\"inLanguage\":\"de\"},{\"@type\":\"Organization\",\"@id\":\"https:\/\/www.ogl-kernen.de\/#organization\",\"name\":\"OGL Kernen\",\"url\":\"https:\/\/www.ogl-kernen.de\/\",\"logo\":{\"@type\":\"ImageObject\",\"inLanguage\":\"de\",\"@id\":\"https:\/\/www.ogl-kernen.de\/#\/schema\/logo\/image\/\",\"url\":\"https:\/\/www.ogl-kernen.de\/test\/wp-content\/uploads\/2021\/05\/cropped-Logo-ow-scaled-1.jpg\",\"contentUrl\":\"https:\/\/www.ogl-kernen.de\/test\/wp-content\/uploads\/2021\/05\/cropped-Logo-ow-scaled-1.jpg\",\"width\":2560,\"height\":478,\"caption\":\"OGL Kernen\"},\"image\":{\"@id\":\"https:\/\/www.ogl-kernen.de\/#\/schema\/logo\/image\/\"},\"sameAs\":[\"https:\/\/www.instagram.com\/ogl_kernen\/\"]},{\"@type\":\"Person\",\"@id\":\"https:\/\/www.ogl-kernen.de\/#\/schema\/person\/92d45b78564a61718a56f762c5c32250\",\"name\":\"Matthias Kramer\",\"image\":{\"@type\":\"ImageObject\",\"inLanguage\":\"de\",\"@id\":\"https:\/\/www.ogl-kernen.de\/#\/schema\/person\/image\/\",\"url\":\"https:\/\/secure.gravatar.com\/avatar\/eca732170f439564e0de7ff140dc083abd1fcf055dfd83a8985c214a6afa79c9?s=96&d=mm&r=g\",\"contentUrl\":\"https:\/\/secure.gravatar.com\/avatar\/eca732170f439564e0de7ff140dc083abd1fcf055dfd83a8985c214a6afa79c9?s=96&d=mm&r=g\",\"caption\":\"Matthias Kramer\"},\"url\":\"https:\/\/www.ogl-kernen.de\/?author=3\"}]}<\/script>\n<!-- \/ Yoast SEO plugin. -->","yoast_head_json":{"title":"Antr\u00e4ge der OGL im GR - OGL Kernen","robots":{"index":"index","follow":"follow","max-snippet":"max-snippet:-1","max-image-preview":"max-image-preview:large","max-video-preview":"max-video-preview:-1"},"canonical":"https:\/\/www.ogl-kernen.de\/?p=374","og_locale":"de_DE","og_type":"article","og_title":"Antr\u00e4ge der OGL im GR - OGL Kernen","og_description":"Zwei Antr\u00e4ge, die von der OGL-Fraktion federf\u00fchrend vorbereitet wurden, standen letzten Donnerstag in der Sitzung des Gemeinderats zur Abstimmung. Vorab: Beiden Antr\u00e4gen wurde einstimmig zugestimmt. Zum einen geht es um das Aufstellen von drei Fahrradanlehnb\u00fcgeln in der Waiblinger Stra\u00dfe\/Unter den Arkaden. Zusammen mit Freundliches Kernen, den angrenzenden Gesch\u00e4ften, ProRad und der UFW-Fraktion machten wir uns &hellip; Antr\u00e4ge der OGL im GR Weiterlesen &raquo;","og_url":"https:\/\/www.ogl-kernen.de\/?p=374","og_site_name":"OGL Kernen","article_published_time":"2023-06-28T15:57:00+00:00","article_modified_time":"2023-11-10T17:00:52+00:00","author":"Matthias Kramer","twitter_card":"summary_large_image","twitter_misc":{"Verfasst von":"Matthias Kramer","Gesch\u00e4tzte Lesezeit":"2\u00a0Minuten"},"schema":{"@context":"https:\/\/schema.org","@graph":[{"@type":"Article","@id":"https:\/\/www.ogl-kernen.de\/?p=374#article","isPartOf":{"@id":"https:\/\/www.ogl-kernen.de\/?p=374"},"author":{"name":"Matthias Kramer","@id":"https:\/\/www.ogl-kernen.de\/#\/schema\/person\/92d45b78564a61718a56f762c5c32250"},"headline":"Antr\u00e4ge der OGL im GR","datePublished":"2023-06-28T15:57:00+00:00","dateModified":"2023-11-10T17:00:52+00:00","mainEntityOfPage":{"@id":"https:\/\/www.ogl-kernen.de\/?p=374"},"wordCount":454,"publisher":{"@id":"https:\/\/www.ogl-kernen.de\/#organization"},"keywords":["Balkon-Solaranlage","Fahrrad","Photovoltaik"],"articleSection":["Fraktion"],"inLanguage":"de"},{"@type":"WebPage","@id":"https:\/\/www.ogl-kernen.de\/?p=374","url":"https:\/\/www.ogl-kernen.de\/?p=374","name":"Antr\u00e4ge der OGL im GR - OGL Kernen","isPartOf":{"@id":"https:\/\/www.ogl-kernen.de\/#website"},"datePublished":"2023-06-28T15:57:00+00:00","dateModified":"2023-11-10T17:00:52+00:00","breadcrumb":{"@id":"https:\/\/www.ogl-kernen.de\/?p=374#breadcrumb"},"inLanguage":"de","potentialAction":[{"@type":"ReadAction","target":["https:\/\/www.ogl-kernen.de\/?p=374"]}]},{"@type":"BreadcrumbList","@id":"https:\/\/www.ogl-kernen.de\/?p=374#breadcrumb","itemListElement":[{"@type":"ListItem","position":1,"name":"Startseite","item":"https:\/\/www.ogl-kernen.de\/"},{"@type":"ListItem","position":2,"name":"Antr\u00e4ge der OGL im GR"}]},{"@type":"WebSite","@id":"https:\/\/www.ogl-kernen.de\/#website","url":"https:\/\/www.ogl-kernen.de\/","name":"OGL Kernen","description":"nachhaltig - sozial - weltoffen","publisher":{"@id":"https:\/\/www.ogl-kernen.de\/#organization"},"potentialAction":[{"@type":"SearchAction","target":{"@type":"EntryPoint","urlTemplate":"https:\/\/www.ogl-kernen.de\/?s={search_term_string}"},"query-input":"required name=search_term_string"}],"inLanguage":"de"},{"@type":"Organization","@id":"https:\/\/www.ogl-kernen.de\/#organization","name":"OGL Kernen","url":"https:\/\/www.ogl-kernen.de\/","logo":{"@type":"ImageObject","inLanguage":"de","@id":"https:\/\/www.ogl-kernen.de\/#\/schema\/logo\/image\/","url":"https:\/\/www.ogl-kernen.de\/test\/wp-content\/uploads\/2021\/05\/cropped-Logo-ow-scaled-1.jpg","contentUrl":"https:\/\/www.ogl-kernen.de\/test\/wp-content\/uploads\/2021\/05\/cropped-Logo-ow-scaled-1.jpg","width":2560,"height":478,"caption":"OGL Kernen"},"image":{"@id":"https:\/\/www.ogl-kernen.de\/#\/schema\/logo\/image\/"},"sameAs":["https:\/\/www.instagram.com\/ogl_kernen\/"]},{"@type":"Person","@id":"https:\/\/www.ogl-kernen.de\/#\/schema\/person\/92d45b78564a61718a56f762c5c32250","name":"Matthias Kramer","image":{"@type":"ImageObject","inLanguage":"de","@id":"https:\/\/www.ogl-kernen.de\/#\/schema\/person\/image\/","url":"https:\/\/secure.gravatar.com\/avatar\/eca732170f439564e0de7ff140dc083abd1fcf055dfd83a8985c214a6afa79c9?s=96&d=mm&r=g","contentUrl":"https:\/\/secure.gravatar.com\/avatar\/eca732170f439564e0de7ff140dc083abd1fcf055dfd83a8985c214a6afa79c9?s=96&d=mm&r=g","caption":"Matthias Kramer"},"url":"https:\/\/www.ogl-kernen.de\/?author=3"}]}},"_links":{"self":[{"href":"https:\/\/www.ogl-kernen.de\/index.php?rest_route=\/wp\/v2\/posts\/374","targetHints":{"allow":["GET"]}}],"collection":[{"href":"https:\/\/www.ogl-kernen.de\/index.php?rest_route=\/wp\/v2\/posts"}],"about":[{"href":"https:\/\/www.ogl-kernen.de\/index.php?rest_route=\/wp\/v2\/types\/post"}],"author":[{"embeddable":true,"href":"https:\/\/www.ogl-kernen.de\/index.php?rest_route=\/wp\/v2\/users\/3"}],"replies":[{"embeddable":true,"href":"https:\/\/www.ogl-kernen.de\/index.php?rest_route=%2Fwp%2Fv2%2Fcomments&post=374"}],"version-history":[{"count":1,"href":"https:\/\/www.ogl-kernen.de\/index.php?rest_route=\/wp\/v2\/posts\/374\/revisions"}],"predecessor-version":[{"id":375,"href":"https:\/\/www.ogl-kernen.de\/index.php?rest_route=\/wp\/v2\/posts\/374\/revisions\/375"}],"wp:attachment":[{"href":"https:\/\/www.ogl-kernen.de\/index.php?rest_route=%2Fwp%2Fv2%2Fmedia&parent=374"}],"wp:term":[{"taxonomy":"category","embeddable":true,"href":"https:\/\/www.ogl-kernen.de\/index.php?rest_route=%2Fwp%2Fv2%2Fcategories&post=374"},{"taxonomy":"post_tag","embeddable":true,"href":"https:\/\/www.ogl-kernen.de\/index.php?rest_route=%2Fwp%2Fv2%2Ftags&post=374"}],"curies":[{"name":"wp","href":"https:\/\/api.w.org\/{rel}","templated":true}]}}