{"id":361,"date":"2023-01-25T17:53:48","date_gmt":"2023-01-25T16:53:48","guid":{"rendered":"https:\/\/www.ogl-kernen.de\/?p=361"},"modified":"2023-05-12T17:55:38","modified_gmt":"2023-05-12T15:55:38","slug":"berlin-berlin-wir-waren-in-berlin-teil-i","status":"publish","type":"post","link":"https:\/\/www.ogl-kernen.de\/?p=361","title":{"rendered":"Berlin \u2013 Berlin &#8211; wir waren in Berlin (Teil I)"},"content":{"rendered":"\n<p>Wer, wie, was? Generationen sind mit den Fragen und der dazugeh\u00f6rigen Musik aus der Sesamstra\u00dfe aufgewachsen. Wer gestaltet Politik im Hintergrund? Wie funktioniert Politik? Was machen die in Berlin denn \u00fcberhaupt? Auf Einladung der Stuttgarter Bundestagsabgeordneten der Gr\u00fcnen, Dr. Anna Christmann, waren 45 B\u00fcrgerinnen und B\u00fcrger aus Kernen und Umgebung f\u00fcr vier Tage zu einer politischen Studienfahrt in Berlin. \u201eWieso, weshalb, warum ?\u201c In die Strukturen der parlamentarischen Arbeit in Berlin haben wir einen Einblick bekommen, nicht in Parteipolitik.<\/p>\n\n\n\n<p>Politik gestalten bedeutet pr\u00e4zise aufeinander abgestimmte Abl\u00e4ufe und Strukturen. Wir leben in einer hochentwickelten Industriegesellschaft, die mit der EU verwoben ist. Dazu kommen Anforderungen der Globalisierung und des Kilmaschutzes. So straff organisiert und mit so viel Koordination und Abstimmung habe ich mir dies nicht vorgestellt. Unter Zeitdruck werden dann oft Kompromisse erarbeitet.<\/p>\n\n\n\n<p>Die Unzul\u00e4nglichkeiten politischer Entscheidungen sind uns pr\u00e4senter als gelungene Umsetzungen von Politik. In den letzten Monaten konnten wir erleben, wie Menschen den politischen Entscheidungstr\u00e4gern die Legitimation absprechen und ihre Sicht als absolute Wahrheit einsetzen. Demokratie bedeutet auch die st\u00e4ndige Auseinandersetzung um umsetzbare L\u00f6sungen. Dazu geh\u00f6rt auch mit ausgehandelten Kompromissen zu leben.<\/p>\n\n\n\n<p>Helmut Reder<\/p>\n","protected":false},"excerpt":{"rendered":"<p>Wer, wie, was? Generationen sind mit den Fragen und der dazugeh\u00f6rigen Musik aus der Sesamstra\u00dfe aufgewachsen. Wer gestaltet Politik im Hintergrund? Wie funktioniert Politik? Was machen die in Berlin denn \u00fcberhaupt? Auf Einladung der Stuttgarter Bundestagsabgeordneten der Gr\u00fcnen, Dr. Anna Christmann, waren 45 B\u00fcrgerinnen und B\u00fcrger aus Kernen und Umgebung f\u00fcr vier Tage zu einer &hellip;<\/p>\n<p class=\"read-more\"> <a class=\"\" href=\"https:\/\/www.ogl-kernen.de\/?p=361\"> <span class=\"screen-reader-text\">Berlin \u2013 Berlin &#8211; wir waren in Berlin (Teil I)<\/span> Weiterlesen &raquo;<\/a><\/p>\n","protected":false},"author":9,"featured_media":0,"comment_status":"closed","ping_status":"closed","sticky":false,"template":"","format":"standard","meta":{"site-sidebar-layout":"default","site-content-layout":"default","ast-global-header-display":"","ast-main-header-display":"","ast-hfb-above-header-display":"","ast-hfb-below-header-display":"","ast-hfb-mobile-header-display":"","site-post-title":"","ast-breadcrumbs-content":"","ast-featured-img":"","footer-sml-layout":"","theme-transparent-header-meta":"","adv-header-id-meta":"","stick-header-meta":"","header-above-stick-meta":"","header-main-stick-meta":"","header-below-stick-meta":"","footnotes":""},"categories":[1],"tags":[],"class_list":["post-361","post","type-post","status-publish","format-standard","hentry","category-allgemein"],"yoast_head":"<!-- This site is optimized with the Yoast SEO plugin v22.2 - https:\/\/yoast.com\/wordpress\/plugins\/seo\/ -->\n<title>Berlin \u2013 Berlin - wir waren in Berlin (Teil I) - OGL Kernen<\/title>\n<meta name=\"robots\" content=\"index, follow, max-snippet:-1, max-image-preview:large, max-video-preview:-1\" \/>\n<link rel=\"canonical\" href=\"https:\/\/www.ogl-kernen.de\/?p=361\" \/>\n<meta property=\"og:locale\" content=\"de_DE\" \/>\n<meta property=\"og:type\" content=\"article\" \/>\n<meta property=\"og:title\" content=\"Berlin \u2013 Berlin - wir waren in Berlin (Teil I) - OGL Kernen\" \/>\n<meta property=\"og:description\" content=\"Wer, wie, was? Generationen sind mit den Fragen und der dazugeh\u00f6rigen Musik aus der Sesamstra\u00dfe aufgewachsen. Wer gestaltet Politik im Hintergrund? Wie funktioniert Politik? Was machen die in Berlin denn \u00fcberhaupt? Auf Einladung der Stuttgarter Bundestagsabgeordneten der Gr\u00fcnen, Dr. Anna Christmann, waren 45 B\u00fcrgerinnen und B\u00fcrger aus Kernen und Umgebung f\u00fcr vier Tage zu einer &hellip; Berlin \u2013 Berlin &#8211; wir waren in Berlin (Teil I) Weiterlesen &raquo;\" \/>\n<meta property=\"og:url\" content=\"https:\/\/www.ogl-kernen.de\/?p=361\" \/>\n<meta property=\"og:site_name\" content=\"OGL Kernen\" \/>\n<meta property=\"article:published_time\" content=\"2023-01-25T16:53:48+00:00\" \/>\n<meta property=\"article:modified_time\" content=\"2023-05-12T15:55:38+00:00\" \/>\n<meta name=\"author\" content=\"OGL\" \/>\n<meta name=\"twitter:card\" content=\"summary_large_image\" \/>\n<meta name=\"twitter:label1\" content=\"Verfasst von\" \/>\n\t<meta name=\"twitter:data1\" content=\"OGL\" \/>\n\t<meta name=\"twitter:label2\" content=\"Gesch\u00e4tzte Lesezeit\" \/>\n\t<meta name=\"twitter:data2\" content=\"1\u00a0Minute\" \/>\n<script type=\"application\/ld+json\" class=\"yoast-schema-graph\">{\"@context\":\"https:\/\/schema.org\",\"@graph\":[{\"@type\":\"Article\",\"@id\":\"https:\/\/www.ogl-kernen.de\/?p=361#article\",\"isPartOf\":{\"@id\":\"https:\/\/www.ogl-kernen.de\/?p=361\"},\"author\":{\"name\":\"OGL\",\"@id\":\"https:\/\/www.ogl-kernen.de\/#\/schema\/person\/8828a6a298bdd9f24dedf6bd48031fb6\"},\"headline\":\"Berlin \u2013 Berlin &#8211; wir waren in Berlin (Teil I)\",\"datePublished\":\"2023-01-25T16:53:48+00:00\",\"dateModified\":\"2023-05-12T15:55:38+00:00\",\"mainEntityOfPage\":{\"@id\":\"https:\/\/www.ogl-kernen.de\/?p=361\"},\"wordCount\":205,\"publisher\":{\"@id\":\"https:\/\/www.ogl-kernen.de\/#organization\"},\"inLanguage\":\"de\"},{\"@type\":\"WebPage\",\"@id\":\"https:\/\/www.ogl-kernen.de\/?p=361\",\"url\":\"https:\/\/www.ogl-kernen.de\/?p=361\",\"name\":\"Berlin \u2013 Berlin - wir waren in Berlin (Teil I) - OGL Kernen\",\"isPartOf\":{\"@id\":\"https:\/\/www.ogl-kernen.de\/#website\"},\"datePublished\":\"2023-01-25T16:53:48+00:00\",\"dateModified\":\"2023-05-12T15:55:38+00:00\",\"breadcrumb\":{\"@id\":\"https:\/\/www.ogl-kernen.de\/?p=361#breadcrumb\"},\"inLanguage\":\"de\",\"potentialAction\":[{\"@type\":\"ReadAction\",\"target\":[\"https:\/\/www.ogl-kernen.de\/?p=361\"]}]},{\"@type\":\"BreadcrumbList\",\"@id\":\"https:\/\/www.ogl-kernen.de\/?p=361#breadcrumb\",\"itemListElement\":[{\"@type\":\"ListItem\",\"position\":1,\"name\":\"Startseite\",\"item\":\"https:\/\/www.ogl-kernen.de\/\"},{\"@type\":\"ListItem\",\"position\":2,\"name\":\"Berlin \u2013 Berlin &#8211; wir waren in Berlin (Teil I)\"}]},{\"@type\":\"WebSite\",\"@id\":\"https:\/\/www.ogl-kernen.de\/#website\",\"url\":\"https:\/\/www.ogl-kernen.de\/\",\"name\":\"OGL Kernen\",\"description\":\"nachhaltig - sozial - weltoffen\",\"publisher\":{\"@id\":\"https:\/\/www.ogl-kernen.de\/#organization\"},\"potentialAction\":[{\"@type\":\"SearchAction\",\"target\":{\"@type\":\"EntryPoint\",\"urlTemplate\":\"https:\/\/www.ogl-kernen.de\/?s={search_term_string}\"},\"query-input\":\"required name=search_term_string\"}],\"inLanguage\":\"de\"},{\"@type\":\"Organization\",\"@id\":\"https:\/\/www.ogl-kernen.de\/#organization\",\"name\":\"OGL Kernen\",\"url\":\"https:\/\/www.ogl-kernen.de\/\",\"logo\":{\"@type\":\"ImageObject\",\"inLanguage\":\"de\",\"@id\":\"https:\/\/www.ogl-kernen.de\/#\/schema\/logo\/image\/\",\"url\":\"https:\/\/www.ogl-kernen.de\/test\/wp-content\/uploads\/2021\/05\/cropped-Logo-ow-scaled-1.jpg\",\"contentUrl\":\"https:\/\/www.ogl-kernen.de\/test\/wp-content\/uploads\/2021\/05\/cropped-Logo-ow-scaled-1.jpg\",\"width\":2560,\"height\":478,\"caption\":\"OGL Kernen\"},\"image\":{\"@id\":\"https:\/\/www.ogl-kernen.de\/#\/schema\/logo\/image\/\"},\"sameAs\":[\"https:\/\/www.instagram.com\/ogl_kernen\/\"]},{\"@type\":\"Person\",\"@id\":\"https:\/\/www.ogl-kernen.de\/#\/schema\/person\/8828a6a298bdd9f24dedf6bd48031fb6\",\"name\":\"OGL\",\"image\":{\"@type\":\"ImageObject\",\"inLanguage\":\"de\",\"@id\":\"https:\/\/www.ogl-kernen.de\/#\/schema\/person\/image\/\",\"url\":\"https:\/\/secure.gravatar.com\/avatar\/c6b77e0c42bf9f94c5a55dee69be82d4ff97ce1a9259b7509fb5e2e3d33a3db1?s=96&d=mm&r=g\",\"contentUrl\":\"https:\/\/secure.gravatar.com\/avatar\/c6b77e0c42bf9f94c5a55dee69be82d4ff97ce1a9259b7509fb5e2e3d33a3db1?s=96&d=mm&r=g\",\"caption\":\"OGL\"},\"url\":\"https:\/\/www.ogl-kernen.de\/?author=9\"}]}<\/script>\n<!-- \/ Yoast SEO plugin. -->","yoast_head_json":{"title":"Berlin \u2013 Berlin - wir waren in Berlin (Teil I) - OGL Kernen","robots":{"index":"index","follow":"follow","max-snippet":"max-snippet:-1","max-image-preview":"max-image-preview:large","max-video-preview":"max-video-preview:-1"},"canonical":"https:\/\/www.ogl-kernen.de\/?p=361","og_locale":"de_DE","og_type":"article","og_title":"Berlin \u2013 Berlin - wir waren in Berlin (Teil I) - OGL Kernen","og_description":"Wer, wie, was? Generationen sind mit den Fragen und der dazugeh\u00f6rigen Musik aus der Sesamstra\u00dfe aufgewachsen. Wer gestaltet Politik im Hintergrund? Wie funktioniert Politik? Was machen die in Berlin denn \u00fcberhaupt? Auf Einladung der Stuttgarter Bundestagsabgeordneten der Gr\u00fcnen, Dr. Anna Christmann, waren 45 B\u00fcrgerinnen und B\u00fcrger aus Kernen und Umgebung f\u00fcr vier Tage zu einer &hellip; Berlin \u2013 Berlin &#8211; wir waren in Berlin (Teil I) Weiterlesen &raquo;","og_url":"https:\/\/www.ogl-kernen.de\/?p=361","og_site_name":"OGL Kernen","article_published_time":"2023-01-25T16:53:48+00:00","article_modified_time":"2023-05-12T15:55:38+00:00","author":"OGL","twitter_card":"summary_large_image","twitter_misc":{"Verfasst von":"OGL","Gesch\u00e4tzte Lesezeit":"1\u00a0Minute"},"schema":{"@context":"https:\/\/schema.org","@graph":[{"@type":"Article","@id":"https:\/\/www.ogl-kernen.de\/?p=361#article","isPartOf":{"@id":"https:\/\/www.ogl-kernen.de\/?p=361"},"author":{"name":"OGL","@id":"https:\/\/www.ogl-kernen.de\/#\/schema\/person\/8828a6a298bdd9f24dedf6bd48031fb6"},"headline":"Berlin \u2013 Berlin &#8211; wir waren in Berlin (Teil I)","datePublished":"2023-01-25T16:53:48+00:00","dateModified":"2023-05-12T15:55:38+00:00","mainEntityOfPage":{"@id":"https:\/\/www.ogl-kernen.de\/?p=361"},"wordCount":205,"publisher":{"@id":"https:\/\/www.ogl-kernen.de\/#organization"},"inLanguage":"de"},{"@type":"WebPage","@id":"https:\/\/www.ogl-kernen.de\/?p=361","url":"https:\/\/www.ogl-kernen.de\/?p=361","name":"Berlin \u2013 Berlin - wir waren in Berlin (Teil I) - OGL Kernen","isPartOf":{"@id":"https:\/\/www.ogl-kernen.de\/#website"},"datePublished":"2023-01-25T16:53:48+00:00","dateModified":"2023-05-12T15:55:38+00:00","breadcrumb":{"@id":"https:\/\/www.ogl-kernen.de\/?p=361#breadcrumb"},"inLanguage":"de","potentialAction":[{"@type":"ReadAction","target":["https:\/\/www.ogl-kernen.de\/?p=361"]}]},{"@type":"BreadcrumbList","@id":"https:\/\/www.ogl-kernen.de\/?p=361#breadcrumb","itemListElement":[{"@type":"ListItem","position":1,"name":"Startseite","item":"https:\/\/www.ogl-kernen.de\/"},{"@type":"ListItem","position":2,"name":"Berlin \u2013 Berlin &#8211; wir waren in Berlin (Teil I)"}]},{"@type":"WebSite","@id":"https:\/\/www.ogl-kernen.de\/#website","url":"https:\/\/www.ogl-kernen.de\/","name":"OGL Kernen","description":"nachhaltig - sozial - weltoffen","publisher":{"@id":"https:\/\/www.ogl-kernen.de\/#organization"},"potentialAction":[{"@type":"SearchAction","target":{"@type":"EntryPoint","urlTemplate":"https:\/\/www.ogl-kernen.de\/?s={search_term_string}"},"query-input":"required name=search_term_string"}],"inLanguage":"de"},{"@type":"Organization","@id":"https:\/\/www.ogl-kernen.de\/#organization","name":"OGL Kernen","url":"https:\/\/www.ogl-kernen.de\/","logo":{"@type":"ImageObject","inLanguage":"de","@id":"https:\/\/www.ogl-kernen.de\/#\/schema\/logo\/image\/","url":"https:\/\/www.ogl-kernen.de\/test\/wp-content\/uploads\/2021\/05\/cropped-Logo-ow-scaled-1.jpg","contentUrl":"https:\/\/www.ogl-kernen.de\/test\/wp-content\/uploads\/2021\/05\/cropped-Logo-ow-scaled-1.jpg","width":2560,"height":478,"caption":"OGL Kernen"},"image":{"@id":"https:\/\/www.ogl-kernen.de\/#\/schema\/logo\/image\/"},"sameAs":["https:\/\/www.instagram.com\/ogl_kernen\/"]},{"@type":"Person","@id":"https:\/\/www.ogl-kernen.de\/#\/schema\/person\/8828a6a298bdd9f24dedf6bd48031fb6","name":"OGL","image":{"@type":"ImageObject","inLanguage":"de","@id":"https:\/\/www.ogl-kernen.de\/#\/schema\/person\/image\/","url":"https:\/\/secure.gravatar.com\/avatar\/c6b77e0c42bf9f94c5a55dee69be82d4ff97ce1a9259b7509fb5e2e3d33a3db1?s=96&d=mm&r=g","contentUrl":"https:\/\/secure.gravatar.com\/avatar\/c6b77e0c42bf9f94c5a55dee69be82d4ff97ce1a9259b7509fb5e2e3d33a3db1?s=96&d=mm&r=g","caption":"OGL"},"url":"https:\/\/www.ogl-kernen.de\/?author=9"}]}},"_links":{"self":[{"href":"https:\/\/www.ogl-kernen.de\/index.php?rest_route=\/wp\/v2\/posts\/361","targetHints":{"allow":["GET"]}}],"collection":[{"href":"https:\/\/www.ogl-kernen.de\/index.php?rest_route=\/wp\/v2\/posts"}],"about":[{"href":"https:\/\/www.ogl-kernen.de\/index.php?rest_route=\/wp\/v2\/types\/post"}],"author":[{"embeddable":true,"href":"https:\/\/www.ogl-kernen.de\/index.php?rest_route=\/wp\/v2\/users\/9"}],"replies":[{"embeddable":true,"href":"https:\/\/www.ogl-kernen.de\/index.php?rest_route=%2Fwp%2Fv2%2Fcomments&post=361"}],"version-history":[{"count":1,"href":"https:\/\/www.ogl-kernen.de\/index.php?rest_route=\/wp\/v2\/posts\/361\/revisions"}],"predecessor-version":[{"id":362,"href":"https:\/\/www.ogl-kernen.de\/index.php?rest_route=\/wp\/v2\/posts\/361\/revisions\/362"}],"wp:attachment":[{"href":"https:\/\/www.ogl-kernen.de\/index.php?rest_route=%2Fwp%2Fv2%2Fmedia&parent=361"}],"wp:term":[{"taxonomy":"category","embeddable":true,"href":"https:\/\/www.ogl-kernen.de\/index.php?rest_route=%2Fwp%2Fv2%2Fcategories&post=361"},{"taxonomy":"post_tag","embeddable":true,"href":"https:\/\/www.ogl-kernen.de\/index.php?rest_route=%2Fwp%2Fv2%2Ftags&post=361"}],"curies":[{"name":"wp","href":"https:\/\/api.w.org\/{rel}","templated":true}]}}