{"id":355,"date":"2023-03-01T17:34:44","date_gmt":"2023-03-01T16:34:44","guid":{"rendered":"https:\/\/www.ogl-kernen.de\/?p=355"},"modified":"2023-05-12T17:40:40","modified_gmt":"2023-05-12T15:40:40","slug":"schafe-sind-die-besseren-rasenmaeher","status":"publish","type":"post","link":"https:\/\/www.ogl-kernen.de\/?p=355","title":{"rendered":"Schafe sind die besseren Rasenm\u00e4her"},"content":{"rendered":"\n<p>Der Haushalt der Kommune f\u00fcr das Jahr 2023 soll diesen Donnerstag in der Gemeinderatssitzung beschlossen werden. Hohe Energiepreise, ein Anstieg der Kreisumlage und h\u00f6here Personalkosten konnten leider nur bedingt durch Sparma\u00dfnahmen und die ge\u00e4nderten Hebes\u00e4tze kompensiert werden und f\u00fchren daher zu einer \u00e4u\u00dferst angespannten Haushaltslage. Die Fraktionen hatten sich im Vorfeld, auch als Zeichen des Zusammenhalts, darauf geeinigt, nur gemeinsam getragene Antr\u00e4ge mit geringen finanziellen Auswirkungen zu stellen.<\/p>\n\n\n\n<p>Der Antrag der OGL dient dem Erhalt unserer wertvollen Streuobstwiesen. Damit diese nicht verwildern, f\u00f6rdert die Kommune das M\u00e4hen der Streuobstwiesen. Wer seine Streuobstwiese ein oder zwei mal im Jahr m\u00e4ht, kann bei der Verwaltung einen Zuschuss beantragen. Auch f\u00fcr das sogenannte Beweiden gibt es eine finanzielle F\u00f6rderung. Im Gegensatz zum M\u00e4hen mit Ger\u00e4ten ist das Beweiden jedoch gedeckelt und damit schlechter gestellt. Eine Ungleichbehandlung, die f\u00fcr uns OGLer wenig Sinn ergibt. Zumal Beweiden die weitaus bessere Methode zum Erhalt der Artenvielfalt auf unseren Wiesen ist. Das Landwirtschaftsministerium vertritt auf der eigenen Internetseite die Position, dass das \u201eM\u00e4hen und Mulchen (Gras liegen lassen) nur eingeschr\u00e4nkt geeignet ist Weidegesellschaften zu erhalten; es fehlt der Einfluss des selektiven Fra\u00df- und anderen Tierverhaltens, welches zum typischen Strukturreichtum der Weide f\u00fchrt.\u201c Wir OGLer begr\u00fc\u00dfen es, dass die anderen Fraktionen dies auch so sehen und f\u00fcr eine \u00dcberarbeitung der bisherigen F\u00f6rderrichtlinien sind. Die Verwaltung hat sich bereits grunds\u00e4tzlich positiv zu diesem Antrag positioniert. Die kleinen \u00c4nderungsvorschl\u00e4ge zu unserem Antrag finden wir sinnvoll und gut.<\/p>\n\n\n\n<p>Des weiteren haben wir als Fraktionen noch weitere zwei Antr\u00e4ge gemeinsam unterzeichnet. Der eine sieht eine Bezuschussung von Tageseltern von zus\u00e4tzlich zwei Euro pro Stunde pro Kind vor, der andere die Einf\u00fchrung eines Weihnachtswunschbaumes, um Kindern von finanziell benachteiligten Familien einen Weihnachtswunsch zu erf\u00fcllen.<\/p>\n\n\n\n<p>Geeinigt haben wir uns auch darauf, dass es keine oftmals nur der Profilierung und Abgrenzung dienenden Haushaltsreden der Fraktionen geben wird. Denn in diesen schwierigen Zeiten wollen wir gerade im Gemeinderat mehr das Gemeinsame in den Vordergrund r\u00fccken, trotz manch berechtigten und unterschiedlichen Positionen.<\/p>\n\n\n\n<p>Matthias Kramer, OGL Kernen<\/p>\n","protected":false},"excerpt":{"rendered":"<p>Der Haushalt der Kommune f\u00fcr das Jahr 2023 soll diesen Donnerstag in der Gemeinderatssitzung beschlossen werden. Hohe Energiepreise, ein Anstieg der Kreisumlage und h\u00f6here Personalkosten konnten leider nur bedingt durch Sparma\u00dfnahmen und die ge\u00e4nderten Hebes\u00e4tze kompensiert werden und f\u00fchren daher zu einer \u00e4u\u00dferst angespannten Haushaltslage. Die Fraktionen hatten sich im Vorfeld, auch als Zeichen des &hellip;<\/p>\n<p class=\"read-more\"> <a class=\"\" href=\"https:\/\/www.ogl-kernen.de\/?p=355\"> <span class=\"screen-reader-text\">Schafe sind die besseren Rasenm\u00e4her<\/span> Weiterlesen &raquo;<\/a><\/p>\n","protected":false},"author":3,"featured_media":0,"comment_status":"closed","ping_status":"closed","sticky":false,"template":"","format":"standard","meta":{"site-sidebar-layout":"default","site-content-layout":"default","ast-global-header-display":"","ast-main-header-display":"","ast-hfb-above-header-display":"","ast-hfb-below-header-display":"","ast-hfb-mobile-header-display":"","site-post-title":"","ast-breadcrumbs-content":"","ast-featured-img":"","footer-sml-layout":"","theme-transparent-header-meta":"","adv-header-id-meta":"","stick-header-meta":"","header-above-stick-meta":"","header-main-stick-meta":"","header-below-stick-meta":"","footnotes":""},"categories":[4],"tags":[49,35],"class_list":["post-355","post","type-post","status-publish","format-standard","hentry","category-fraktion","tag-haushalt","tag-streuobstwiesen"],"yoast_head":"<!-- This site is optimized with the Yoast SEO plugin v22.2 - https:\/\/yoast.com\/wordpress\/plugins\/seo\/ -->\n<title>Schafe sind die besseren Rasenm\u00e4her - OGL Kernen<\/title>\n<meta name=\"robots\" content=\"index, follow, max-snippet:-1, max-image-preview:large, max-video-preview:-1\" \/>\n<link rel=\"canonical\" href=\"https:\/\/www.ogl-kernen.de\/?p=355\" \/>\n<meta property=\"og:locale\" content=\"de_DE\" \/>\n<meta property=\"og:type\" content=\"article\" \/>\n<meta property=\"og:title\" content=\"Schafe sind die besseren Rasenm\u00e4her - OGL Kernen\" \/>\n<meta property=\"og:description\" content=\"Der Haushalt der Kommune f\u00fcr das Jahr 2023 soll diesen Donnerstag in der Gemeinderatssitzung beschlossen werden. Hohe Energiepreise, ein Anstieg der Kreisumlage und h\u00f6here Personalkosten konnten leider nur bedingt durch Sparma\u00dfnahmen und die ge\u00e4nderten Hebes\u00e4tze kompensiert werden und f\u00fchren daher zu einer \u00e4u\u00dferst angespannten Haushaltslage. Die Fraktionen hatten sich im Vorfeld, auch als Zeichen des &hellip; Schafe sind die besseren Rasenm\u00e4her Weiterlesen &raquo;\" \/>\n<meta property=\"og:url\" content=\"https:\/\/www.ogl-kernen.de\/?p=355\" \/>\n<meta property=\"og:site_name\" content=\"OGL Kernen\" \/>\n<meta property=\"article:published_time\" content=\"2023-03-01T16:34:44+00:00\" \/>\n<meta property=\"article:modified_time\" content=\"2023-05-12T15:40:40+00:00\" \/>\n<meta name=\"author\" content=\"Matthias Kramer\" \/>\n<meta name=\"twitter:card\" content=\"summary_large_image\" \/>\n<meta name=\"twitter:label1\" content=\"Verfasst von\" \/>\n\t<meta name=\"twitter:data1\" content=\"Matthias Kramer\" \/>\n\t<meta name=\"twitter:label2\" content=\"Gesch\u00e4tzte Lesezeit\" \/>\n\t<meta name=\"twitter:data2\" content=\"2\u00a0Minuten\" \/>\n<script type=\"application\/ld+json\" class=\"yoast-schema-graph\">{\"@context\":\"https:\/\/schema.org\",\"@graph\":[{\"@type\":\"Article\",\"@id\":\"https:\/\/www.ogl-kernen.de\/?p=355#article\",\"isPartOf\":{\"@id\":\"https:\/\/www.ogl-kernen.de\/?p=355\"},\"author\":{\"name\":\"Matthias Kramer\",\"@id\":\"https:\/\/www.ogl-kernen.de\/#\/schema\/person\/92d45b78564a61718a56f762c5c32250\"},\"headline\":\"Schafe sind die besseren Rasenm\u00e4her\",\"datePublished\":\"2023-03-01T16:34:44+00:00\",\"dateModified\":\"2023-05-12T15:40:40+00:00\",\"mainEntityOfPage\":{\"@id\":\"https:\/\/www.ogl-kernen.de\/?p=355\"},\"wordCount\":364,\"publisher\":{\"@id\":\"https:\/\/www.ogl-kernen.de\/#organization\"},\"keywords\":[\"Haushalt\",\"Streuobstwiesen\"],\"articleSection\":[\"Fraktion\"],\"inLanguage\":\"de\"},{\"@type\":\"WebPage\",\"@id\":\"https:\/\/www.ogl-kernen.de\/?p=355\",\"url\":\"https:\/\/www.ogl-kernen.de\/?p=355\",\"name\":\"Schafe sind die besseren Rasenm\u00e4her - OGL Kernen\",\"isPartOf\":{\"@id\":\"https:\/\/www.ogl-kernen.de\/#website\"},\"datePublished\":\"2023-03-01T16:34:44+00:00\",\"dateModified\":\"2023-05-12T15:40:40+00:00\",\"breadcrumb\":{\"@id\":\"https:\/\/www.ogl-kernen.de\/?p=355#breadcrumb\"},\"inLanguage\":\"de\",\"potentialAction\":[{\"@type\":\"ReadAction\",\"target\":[\"https:\/\/www.ogl-kernen.de\/?p=355\"]}]},{\"@type\":\"BreadcrumbList\",\"@id\":\"https:\/\/www.ogl-kernen.de\/?p=355#breadcrumb\",\"itemListElement\":[{\"@type\":\"ListItem\",\"position\":1,\"name\":\"Startseite\",\"item\":\"https:\/\/www.ogl-kernen.de\/\"},{\"@type\":\"ListItem\",\"position\":2,\"name\":\"Schafe sind die besseren Rasenm\u00e4her\"}]},{\"@type\":\"WebSite\",\"@id\":\"https:\/\/www.ogl-kernen.de\/#website\",\"url\":\"https:\/\/www.ogl-kernen.de\/\",\"name\":\"OGL Kernen\",\"description\":\"nachhaltig - sozial - weltoffen\",\"publisher\":{\"@id\":\"https:\/\/www.ogl-kernen.de\/#organization\"},\"potentialAction\":[{\"@type\":\"SearchAction\",\"target\":{\"@type\":\"EntryPoint\",\"urlTemplate\":\"https:\/\/www.ogl-kernen.de\/?s={search_term_string}\"},\"query-input\":\"required name=search_term_string\"}],\"inLanguage\":\"de\"},{\"@type\":\"Organization\",\"@id\":\"https:\/\/www.ogl-kernen.de\/#organization\",\"name\":\"OGL Kernen\",\"url\":\"https:\/\/www.ogl-kernen.de\/\",\"logo\":{\"@type\":\"ImageObject\",\"inLanguage\":\"de\",\"@id\":\"https:\/\/www.ogl-kernen.de\/#\/schema\/logo\/image\/\",\"url\":\"https:\/\/www.ogl-kernen.de\/test\/wp-content\/uploads\/2021\/05\/cropped-Logo-ow-scaled-1.jpg\",\"contentUrl\":\"https:\/\/www.ogl-kernen.de\/test\/wp-content\/uploads\/2021\/05\/cropped-Logo-ow-scaled-1.jpg\",\"width\":2560,\"height\":478,\"caption\":\"OGL Kernen\"},\"image\":{\"@id\":\"https:\/\/www.ogl-kernen.de\/#\/schema\/logo\/image\/\"},\"sameAs\":[\"https:\/\/www.instagram.com\/ogl_kernen\/\"]},{\"@type\":\"Person\",\"@id\":\"https:\/\/www.ogl-kernen.de\/#\/schema\/person\/92d45b78564a61718a56f762c5c32250\",\"name\":\"Matthias Kramer\",\"image\":{\"@type\":\"ImageObject\",\"inLanguage\":\"de\",\"@id\":\"https:\/\/www.ogl-kernen.de\/#\/schema\/person\/image\/\",\"url\":\"https:\/\/secure.gravatar.com\/avatar\/eca732170f439564e0de7ff140dc083abd1fcf055dfd83a8985c214a6afa79c9?s=96&d=mm&r=g\",\"contentUrl\":\"https:\/\/secure.gravatar.com\/avatar\/eca732170f439564e0de7ff140dc083abd1fcf055dfd83a8985c214a6afa79c9?s=96&d=mm&r=g\",\"caption\":\"Matthias Kramer\"},\"url\":\"https:\/\/www.ogl-kernen.de\/?author=3\"}]}<\/script>\n<!-- \/ Yoast SEO plugin. -->","yoast_head_json":{"title":"Schafe sind die besseren Rasenm\u00e4her - OGL Kernen","robots":{"index":"index","follow":"follow","max-snippet":"max-snippet:-1","max-image-preview":"max-image-preview:large","max-video-preview":"max-video-preview:-1"},"canonical":"https:\/\/www.ogl-kernen.de\/?p=355","og_locale":"de_DE","og_type":"article","og_title":"Schafe sind die besseren Rasenm\u00e4her - OGL Kernen","og_description":"Der Haushalt der Kommune f\u00fcr das Jahr 2023 soll diesen Donnerstag in der Gemeinderatssitzung beschlossen werden. Hohe Energiepreise, ein Anstieg der Kreisumlage und h\u00f6here Personalkosten konnten leider nur bedingt durch Sparma\u00dfnahmen und die ge\u00e4nderten Hebes\u00e4tze kompensiert werden und f\u00fchren daher zu einer \u00e4u\u00dferst angespannten Haushaltslage. Die Fraktionen hatten sich im Vorfeld, auch als Zeichen des &hellip; Schafe sind die besseren Rasenm\u00e4her Weiterlesen &raquo;","og_url":"https:\/\/www.ogl-kernen.de\/?p=355","og_site_name":"OGL Kernen","article_published_time":"2023-03-01T16:34:44+00:00","article_modified_time":"2023-05-12T15:40:40+00:00","author":"Matthias Kramer","twitter_card":"summary_large_image","twitter_misc":{"Verfasst von":"Matthias Kramer","Gesch\u00e4tzte Lesezeit":"2\u00a0Minuten"},"schema":{"@context":"https:\/\/schema.org","@graph":[{"@type":"Article","@id":"https:\/\/www.ogl-kernen.de\/?p=355#article","isPartOf":{"@id":"https:\/\/www.ogl-kernen.de\/?p=355"},"author":{"name":"Matthias Kramer","@id":"https:\/\/www.ogl-kernen.de\/#\/schema\/person\/92d45b78564a61718a56f762c5c32250"},"headline":"Schafe sind die besseren Rasenm\u00e4her","datePublished":"2023-03-01T16:34:44+00:00","dateModified":"2023-05-12T15:40:40+00:00","mainEntityOfPage":{"@id":"https:\/\/www.ogl-kernen.de\/?p=355"},"wordCount":364,"publisher":{"@id":"https:\/\/www.ogl-kernen.de\/#organization"},"keywords":["Haushalt","Streuobstwiesen"],"articleSection":["Fraktion"],"inLanguage":"de"},{"@type":"WebPage","@id":"https:\/\/www.ogl-kernen.de\/?p=355","url":"https:\/\/www.ogl-kernen.de\/?p=355","name":"Schafe sind die besseren Rasenm\u00e4her - OGL Kernen","isPartOf":{"@id":"https:\/\/www.ogl-kernen.de\/#website"},"datePublished":"2023-03-01T16:34:44+00:00","dateModified":"2023-05-12T15:40:40+00:00","breadcrumb":{"@id":"https:\/\/www.ogl-kernen.de\/?p=355#breadcrumb"},"inLanguage":"de","potentialAction":[{"@type":"ReadAction","target":["https:\/\/www.ogl-kernen.de\/?p=355"]}]},{"@type":"BreadcrumbList","@id":"https:\/\/www.ogl-kernen.de\/?p=355#breadcrumb","itemListElement":[{"@type":"ListItem","position":1,"name":"Startseite","item":"https:\/\/www.ogl-kernen.de\/"},{"@type":"ListItem","position":2,"name":"Schafe sind die besseren Rasenm\u00e4her"}]},{"@type":"WebSite","@id":"https:\/\/www.ogl-kernen.de\/#website","url":"https:\/\/www.ogl-kernen.de\/","name":"OGL Kernen","description":"nachhaltig - sozial - weltoffen","publisher":{"@id":"https:\/\/www.ogl-kernen.de\/#organization"},"potentialAction":[{"@type":"SearchAction","target":{"@type":"EntryPoint","urlTemplate":"https:\/\/www.ogl-kernen.de\/?s={search_term_string}"},"query-input":"required name=search_term_string"}],"inLanguage":"de"},{"@type":"Organization","@id":"https:\/\/www.ogl-kernen.de\/#organization","name":"OGL Kernen","url":"https:\/\/www.ogl-kernen.de\/","logo":{"@type":"ImageObject","inLanguage":"de","@id":"https:\/\/www.ogl-kernen.de\/#\/schema\/logo\/image\/","url":"https:\/\/www.ogl-kernen.de\/test\/wp-content\/uploads\/2021\/05\/cropped-Logo-ow-scaled-1.jpg","contentUrl":"https:\/\/www.ogl-kernen.de\/test\/wp-content\/uploads\/2021\/05\/cropped-Logo-ow-scaled-1.jpg","width":2560,"height":478,"caption":"OGL Kernen"},"image":{"@id":"https:\/\/www.ogl-kernen.de\/#\/schema\/logo\/image\/"},"sameAs":["https:\/\/www.instagram.com\/ogl_kernen\/"]},{"@type":"Person","@id":"https:\/\/www.ogl-kernen.de\/#\/schema\/person\/92d45b78564a61718a56f762c5c32250","name":"Matthias Kramer","image":{"@type":"ImageObject","inLanguage":"de","@id":"https:\/\/www.ogl-kernen.de\/#\/schema\/person\/image\/","url":"https:\/\/secure.gravatar.com\/avatar\/eca732170f439564e0de7ff140dc083abd1fcf055dfd83a8985c214a6afa79c9?s=96&d=mm&r=g","contentUrl":"https:\/\/secure.gravatar.com\/avatar\/eca732170f439564e0de7ff140dc083abd1fcf055dfd83a8985c214a6afa79c9?s=96&d=mm&r=g","caption":"Matthias Kramer"},"url":"https:\/\/www.ogl-kernen.de\/?author=3"}]}},"_links":{"self":[{"href":"https:\/\/www.ogl-kernen.de\/index.php?rest_route=\/wp\/v2\/posts\/355","targetHints":{"allow":["GET"]}}],"collection":[{"href":"https:\/\/www.ogl-kernen.de\/index.php?rest_route=\/wp\/v2\/posts"}],"about":[{"href":"https:\/\/www.ogl-kernen.de\/index.php?rest_route=\/wp\/v2\/types\/post"}],"author":[{"embeddable":true,"href":"https:\/\/www.ogl-kernen.de\/index.php?rest_route=\/wp\/v2\/users\/3"}],"replies":[{"embeddable":true,"href":"https:\/\/www.ogl-kernen.de\/index.php?rest_route=%2Fwp%2Fv2%2Fcomments&post=355"}],"version-history":[{"count":1,"href":"https:\/\/www.ogl-kernen.de\/index.php?rest_route=\/wp\/v2\/posts\/355\/revisions"}],"predecessor-version":[{"id":356,"href":"https:\/\/www.ogl-kernen.de\/index.php?rest_route=\/wp\/v2\/posts\/355\/revisions\/356"}],"wp:attachment":[{"href":"https:\/\/www.ogl-kernen.de\/index.php?rest_route=%2Fwp%2Fv2%2Fmedia&parent=355"}],"wp:term":[{"taxonomy":"category","embeddable":true,"href":"https:\/\/www.ogl-kernen.de\/index.php?rest_route=%2Fwp%2Fv2%2Fcategories&post=355"},{"taxonomy":"post_tag","embeddable":true,"href":"https:\/\/www.ogl-kernen.de\/index.php?rest_route=%2Fwp%2Fv2%2Ftags&post=355"}],"curies":[{"name":"wp","href":"https:\/\/api.w.org\/{rel}","templated":true}]}}