{"id":353,"date":"2023-03-22T17:28:13","date_gmt":"2023-03-22T16:28:13","guid":{"rendered":"https:\/\/www.ogl-kernen.de\/?p=353"},"modified":"2023-05-12T17:32:43","modified_gmt":"2023-05-12T15:32:43","slug":"10-neue-parkplaetze-beim-buergerhaus","status":"publish","type":"post","link":"https:\/\/www.ogl-kernen.de\/?p=353","title":{"rendered":"10 neue Parkpl\u00e4tze beim B\u00fcrgerhaus"},"content":{"rendered":"\n<p>Das B\u00fcrgerhaus ist um eine Attraktion reicher. 10 komfortable Parkpl\u00e4tze entlang der Stettener Stra\u00dfe wurden vor kurzem eingerichtet. Besucher*innen des B\u00fcrgerhauses und des Markt- und Rathausplatzes m\u00fcssen jetzt nicht mehr vergeblich nach Abstellm\u00f6glichkeiten f\u00fcr ihr Fahrzeug Ausschau halten. Das illegale Parken hat nun ein Ende. Mitte Dezember letzten Jahres hatte der Gemeinderat auf Antrag der OGL-Fraktion einer Vermehrung der Parkpl\u00e4tze vor dem B\u00fcrgerhaus zugestimmt. Und so gibt es jetzt direkt neben dem Seiteneingang des Caf\u00e9 Merlins <strong>statt eines PKW-Parkplatzes f\u00fcnf h\u00fcbsche Anlehnb\u00fcgel mit Parkm\u00f6glichkeit f\u00fcr bis zu 10 Fahrr\u00e4dern.<\/strong> Und dieses Parkangebot wird auch schon flei\u00dfig genutzt. Zus\u00e4tzlich wurde sogar noch eine <strong>Fahrrad-Reparatur-Station<\/strong> installiert. Ist das nicht toll?<\/p>\n\n\n\n<p>Unser Dank gilt dem Gemeinderat, der Verwaltung f\u00fcr die schnelle und professionelle Umsetzung des Beschlusses und Herrn B\u00fcrgermeister Paulowitsch f\u00fcr dessen Zustimmung. Ein mutiges und zukunftsgerichtetes Zeichen wurde gesetzt.<\/p>\n\n\n\n<p>Haben Sie noch weitere Ideen, wo in Kernen Fahrradabstellpl\u00e4tze geschaffen werden sollten? Dann lassen Sie es uns wissen. Schreiben Sie uns eine Mail an kontakt@ogl-kernen.de.<\/p>\n\n\n\n<p>Larissa Keller, Heike Santamaria, Axel D\u00f6hring, Matthias Kramer<\/p>\n","protected":false},"excerpt":{"rendered":"<p>Das B\u00fcrgerhaus ist um eine Attraktion reicher. 10 komfortable Parkpl\u00e4tze entlang der Stettener Stra\u00dfe wurden vor kurzem eingerichtet. Besucher*innen des B\u00fcrgerhauses und des Markt- und Rathausplatzes m\u00fcssen jetzt nicht mehr vergeblich nach Abstellm\u00f6glichkeiten f\u00fcr ihr Fahrzeug Ausschau halten. Das illegale Parken hat nun ein Ende. Mitte Dezember letzten Jahres hatte der Gemeinderat auf Antrag der &hellip;<\/p>\n<p class=\"read-more\"> <a class=\"\" href=\"https:\/\/www.ogl-kernen.de\/?p=353\"> <span class=\"screen-reader-text\">10 neue Parkpl\u00e4tze beim B\u00fcrgerhaus<\/span> Weiterlesen &raquo;<\/a><\/p>\n","protected":false},"author":4,"featured_media":0,"comment_status":"closed","ping_status":"closed","sticky":false,"template":"","format":"standard","meta":{"site-sidebar-layout":"default","site-content-layout":"default","ast-global-header-display":"","ast-main-header-display":"","ast-hfb-above-header-display":"","ast-hfb-below-header-display":"","ast-hfb-mobile-header-display":"","site-post-title":"","ast-breadcrumbs-content":"","ast-featured-img":"","footer-sml-layout":"","theme-transparent-header-meta":"","adv-header-id-meta":"","stick-header-meta":"","header-above-stick-meta":"","header-main-stick-meta":"","header-below-stick-meta":"","footnotes":""},"categories":[4],"tags":[12],"class_list":["post-353","post","type-post","status-publish","format-standard","hentry","category-fraktion","tag-fahrrad"],"yoast_head":"<!-- This site is optimized with the Yoast SEO plugin v22.2 - https:\/\/yoast.com\/wordpress\/plugins\/seo\/ -->\n<title>10 neue Parkpl\u00e4tze beim B\u00fcrgerhaus - OGL Kernen<\/title>\n<meta name=\"robots\" content=\"index, follow, max-snippet:-1, max-image-preview:large, max-video-preview:-1\" \/>\n<link rel=\"canonical\" href=\"https:\/\/www.ogl-kernen.de\/?p=353\" \/>\n<meta property=\"og:locale\" content=\"de_DE\" \/>\n<meta property=\"og:type\" content=\"article\" \/>\n<meta property=\"og:title\" content=\"10 neue Parkpl\u00e4tze beim B\u00fcrgerhaus - OGL Kernen\" \/>\n<meta property=\"og:description\" content=\"Das B\u00fcrgerhaus ist um eine Attraktion reicher. 10 komfortable Parkpl\u00e4tze entlang der Stettener Stra\u00dfe wurden vor kurzem eingerichtet. Besucher*innen des B\u00fcrgerhauses und des Markt- und Rathausplatzes m\u00fcssen jetzt nicht mehr vergeblich nach Abstellm\u00f6glichkeiten f\u00fcr ihr Fahrzeug Ausschau halten. Das illegale Parken hat nun ein Ende. Mitte Dezember letzten Jahres hatte der Gemeinderat auf Antrag der &hellip; 10 neue Parkpl\u00e4tze beim B\u00fcrgerhaus Weiterlesen &raquo;\" \/>\n<meta property=\"og:url\" content=\"https:\/\/www.ogl-kernen.de\/?p=353\" \/>\n<meta property=\"og:site_name\" content=\"OGL Kernen\" \/>\n<meta property=\"article:published_time\" content=\"2023-03-22T16:28:13+00:00\" \/>\n<meta property=\"article:modified_time\" content=\"2023-05-12T15:32:43+00:00\" \/>\n<meta name=\"author\" content=\"OGL-Fraktion\" \/>\n<meta name=\"twitter:card\" content=\"summary_large_image\" \/>\n<meta name=\"twitter:label1\" content=\"Verfasst von\" \/>\n\t<meta name=\"twitter:data1\" content=\"OGL-Fraktion\" \/>\n\t<meta name=\"twitter:label2\" content=\"Gesch\u00e4tzte Lesezeit\" \/>\n\t<meta name=\"twitter:data2\" content=\"1\u00a0Minute\" \/>\n<script type=\"application\/ld+json\" class=\"yoast-schema-graph\">{\"@context\":\"https:\/\/schema.org\",\"@graph\":[{\"@type\":\"Article\",\"@id\":\"https:\/\/www.ogl-kernen.de\/?p=353#article\",\"isPartOf\":{\"@id\":\"https:\/\/www.ogl-kernen.de\/?p=353\"},\"author\":{\"name\":\"OGL-Fraktion\",\"@id\":\"https:\/\/www.ogl-kernen.de\/#\/schema\/person\/383318e5abf332671b59f3be3324ae21\"},\"headline\":\"10 neue Parkpl\u00e4tze beim B\u00fcrgerhaus\",\"datePublished\":\"2023-03-22T16:28:13+00:00\",\"dateModified\":\"2023-05-12T15:32:43+00:00\",\"mainEntityOfPage\":{\"@id\":\"https:\/\/www.ogl-kernen.de\/?p=353\"},\"wordCount\":199,\"publisher\":{\"@id\":\"https:\/\/www.ogl-kernen.de\/#organization\"},\"keywords\":[\"Fahrrad\"],\"articleSection\":[\"Fraktion\"],\"inLanguage\":\"de\"},{\"@type\":\"WebPage\",\"@id\":\"https:\/\/www.ogl-kernen.de\/?p=353\",\"url\":\"https:\/\/www.ogl-kernen.de\/?p=353\",\"name\":\"10 neue Parkpl\u00e4tze beim B\u00fcrgerhaus - OGL Kernen\",\"isPartOf\":{\"@id\":\"https:\/\/www.ogl-kernen.de\/#website\"},\"datePublished\":\"2023-03-22T16:28:13+00:00\",\"dateModified\":\"2023-05-12T15:32:43+00:00\",\"breadcrumb\":{\"@id\":\"https:\/\/www.ogl-kernen.de\/?p=353#breadcrumb\"},\"inLanguage\":\"de\",\"potentialAction\":[{\"@type\":\"ReadAction\",\"target\":[\"https:\/\/www.ogl-kernen.de\/?p=353\"]}]},{\"@type\":\"BreadcrumbList\",\"@id\":\"https:\/\/www.ogl-kernen.de\/?p=353#breadcrumb\",\"itemListElement\":[{\"@type\":\"ListItem\",\"position\":1,\"name\":\"Startseite\",\"item\":\"https:\/\/www.ogl-kernen.de\/\"},{\"@type\":\"ListItem\",\"position\":2,\"name\":\"10 neue Parkpl\u00e4tze beim B\u00fcrgerhaus\"}]},{\"@type\":\"WebSite\",\"@id\":\"https:\/\/www.ogl-kernen.de\/#website\",\"url\":\"https:\/\/www.ogl-kernen.de\/\",\"name\":\"OGL Kernen\",\"description\":\"nachhaltig - sozial - weltoffen\",\"publisher\":{\"@id\":\"https:\/\/www.ogl-kernen.de\/#organization\"},\"potentialAction\":[{\"@type\":\"SearchAction\",\"target\":{\"@type\":\"EntryPoint\",\"urlTemplate\":\"https:\/\/www.ogl-kernen.de\/?s={search_term_string}\"},\"query-input\":\"required name=search_term_string\"}],\"inLanguage\":\"de\"},{\"@type\":\"Organization\",\"@id\":\"https:\/\/www.ogl-kernen.de\/#organization\",\"name\":\"OGL Kernen\",\"url\":\"https:\/\/www.ogl-kernen.de\/\",\"logo\":{\"@type\":\"ImageObject\",\"inLanguage\":\"de\",\"@id\":\"https:\/\/www.ogl-kernen.de\/#\/schema\/logo\/image\/\",\"url\":\"https:\/\/www.ogl-kernen.de\/test\/wp-content\/uploads\/2021\/05\/cropped-Logo-ow-scaled-1.jpg\",\"contentUrl\":\"https:\/\/www.ogl-kernen.de\/test\/wp-content\/uploads\/2021\/05\/cropped-Logo-ow-scaled-1.jpg\",\"width\":2560,\"height\":478,\"caption\":\"OGL Kernen\"},\"image\":{\"@id\":\"https:\/\/www.ogl-kernen.de\/#\/schema\/logo\/image\/\"},\"sameAs\":[\"https:\/\/www.instagram.com\/ogl_kernen\/\"]},{\"@type\":\"Person\",\"@id\":\"https:\/\/www.ogl-kernen.de\/#\/schema\/person\/383318e5abf332671b59f3be3324ae21\",\"name\":\"OGL-Fraktion\",\"image\":{\"@type\":\"ImageObject\",\"inLanguage\":\"de\",\"@id\":\"https:\/\/www.ogl-kernen.de\/#\/schema\/person\/image\/\",\"url\":\"https:\/\/secure.gravatar.com\/avatar\/8c277aa77efd458be4e74c5e4711238f1c207f7ab927c95bd12c4e7ae71a3314?s=96&d=mm&r=g\",\"contentUrl\":\"https:\/\/secure.gravatar.com\/avatar\/8c277aa77efd458be4e74c5e4711238f1c207f7ab927c95bd12c4e7ae71a3314?s=96&d=mm&r=g\",\"caption\":\"OGL-Fraktion\"},\"url\":\"https:\/\/www.ogl-kernen.de\/?author=4\"}]}<\/script>\n<!-- \/ Yoast SEO plugin. -->","yoast_head_json":{"title":"10 neue Parkpl\u00e4tze beim B\u00fcrgerhaus - OGL Kernen","robots":{"index":"index","follow":"follow","max-snippet":"max-snippet:-1","max-image-preview":"max-image-preview:large","max-video-preview":"max-video-preview:-1"},"canonical":"https:\/\/www.ogl-kernen.de\/?p=353","og_locale":"de_DE","og_type":"article","og_title":"10 neue Parkpl\u00e4tze beim B\u00fcrgerhaus - OGL Kernen","og_description":"Das B\u00fcrgerhaus ist um eine Attraktion reicher. 10 komfortable Parkpl\u00e4tze entlang der Stettener Stra\u00dfe wurden vor kurzem eingerichtet. Besucher*innen des B\u00fcrgerhauses und des Markt- und Rathausplatzes m\u00fcssen jetzt nicht mehr vergeblich nach Abstellm\u00f6glichkeiten f\u00fcr ihr Fahrzeug Ausschau halten. Das illegale Parken hat nun ein Ende. Mitte Dezember letzten Jahres hatte der Gemeinderat auf Antrag der &hellip; 10 neue Parkpl\u00e4tze beim B\u00fcrgerhaus Weiterlesen &raquo;","og_url":"https:\/\/www.ogl-kernen.de\/?p=353","og_site_name":"OGL Kernen","article_published_time":"2023-03-22T16:28:13+00:00","article_modified_time":"2023-05-12T15:32:43+00:00","author":"OGL-Fraktion","twitter_card":"summary_large_image","twitter_misc":{"Verfasst von":"OGL-Fraktion","Gesch\u00e4tzte Lesezeit":"1\u00a0Minute"},"schema":{"@context":"https:\/\/schema.org","@graph":[{"@type":"Article","@id":"https:\/\/www.ogl-kernen.de\/?p=353#article","isPartOf":{"@id":"https:\/\/www.ogl-kernen.de\/?p=353"},"author":{"name":"OGL-Fraktion","@id":"https:\/\/www.ogl-kernen.de\/#\/schema\/person\/383318e5abf332671b59f3be3324ae21"},"headline":"10 neue Parkpl\u00e4tze beim B\u00fcrgerhaus","datePublished":"2023-03-22T16:28:13+00:00","dateModified":"2023-05-12T15:32:43+00:00","mainEntityOfPage":{"@id":"https:\/\/www.ogl-kernen.de\/?p=353"},"wordCount":199,"publisher":{"@id":"https:\/\/www.ogl-kernen.de\/#organization"},"keywords":["Fahrrad"],"articleSection":["Fraktion"],"inLanguage":"de"},{"@type":"WebPage","@id":"https:\/\/www.ogl-kernen.de\/?p=353","url":"https:\/\/www.ogl-kernen.de\/?p=353","name":"10 neue Parkpl\u00e4tze beim B\u00fcrgerhaus - OGL Kernen","isPartOf":{"@id":"https:\/\/www.ogl-kernen.de\/#website"},"datePublished":"2023-03-22T16:28:13+00:00","dateModified":"2023-05-12T15:32:43+00:00","breadcrumb":{"@id":"https:\/\/www.ogl-kernen.de\/?p=353#breadcrumb"},"inLanguage":"de","potentialAction":[{"@type":"ReadAction","target":["https:\/\/www.ogl-kernen.de\/?p=353"]}]},{"@type":"BreadcrumbList","@id":"https:\/\/www.ogl-kernen.de\/?p=353#breadcrumb","itemListElement":[{"@type":"ListItem","position":1,"name":"Startseite","item":"https:\/\/www.ogl-kernen.de\/"},{"@type":"ListItem","position":2,"name":"10 neue Parkpl\u00e4tze beim B\u00fcrgerhaus"}]},{"@type":"WebSite","@id":"https:\/\/www.ogl-kernen.de\/#website","url":"https:\/\/www.ogl-kernen.de\/","name":"OGL Kernen","description":"nachhaltig - sozial - weltoffen","publisher":{"@id":"https:\/\/www.ogl-kernen.de\/#organization"},"potentialAction":[{"@type":"SearchAction","target":{"@type":"EntryPoint","urlTemplate":"https:\/\/www.ogl-kernen.de\/?s={search_term_string}"},"query-input":"required name=search_term_string"}],"inLanguage":"de"},{"@type":"Organization","@id":"https:\/\/www.ogl-kernen.de\/#organization","name":"OGL Kernen","url":"https:\/\/www.ogl-kernen.de\/","logo":{"@type":"ImageObject","inLanguage":"de","@id":"https:\/\/www.ogl-kernen.de\/#\/schema\/logo\/image\/","url":"https:\/\/www.ogl-kernen.de\/test\/wp-content\/uploads\/2021\/05\/cropped-Logo-ow-scaled-1.jpg","contentUrl":"https:\/\/www.ogl-kernen.de\/test\/wp-content\/uploads\/2021\/05\/cropped-Logo-ow-scaled-1.jpg","width":2560,"height":478,"caption":"OGL Kernen"},"image":{"@id":"https:\/\/www.ogl-kernen.de\/#\/schema\/logo\/image\/"},"sameAs":["https:\/\/www.instagram.com\/ogl_kernen\/"]},{"@type":"Person","@id":"https:\/\/www.ogl-kernen.de\/#\/schema\/person\/383318e5abf332671b59f3be3324ae21","name":"OGL-Fraktion","image":{"@type":"ImageObject","inLanguage":"de","@id":"https:\/\/www.ogl-kernen.de\/#\/schema\/person\/image\/","url":"https:\/\/secure.gravatar.com\/avatar\/8c277aa77efd458be4e74c5e4711238f1c207f7ab927c95bd12c4e7ae71a3314?s=96&d=mm&r=g","contentUrl":"https:\/\/secure.gravatar.com\/avatar\/8c277aa77efd458be4e74c5e4711238f1c207f7ab927c95bd12c4e7ae71a3314?s=96&d=mm&r=g","caption":"OGL-Fraktion"},"url":"https:\/\/www.ogl-kernen.de\/?author=4"}]}},"_links":{"self":[{"href":"https:\/\/www.ogl-kernen.de\/index.php?rest_route=\/wp\/v2\/posts\/353","targetHints":{"allow":["GET"]}}],"collection":[{"href":"https:\/\/www.ogl-kernen.de\/index.php?rest_route=\/wp\/v2\/posts"}],"about":[{"href":"https:\/\/www.ogl-kernen.de\/index.php?rest_route=\/wp\/v2\/types\/post"}],"author":[{"embeddable":true,"href":"https:\/\/www.ogl-kernen.de\/index.php?rest_route=\/wp\/v2\/users\/4"}],"replies":[{"embeddable":true,"href":"https:\/\/www.ogl-kernen.de\/index.php?rest_route=%2Fwp%2Fv2%2Fcomments&post=353"}],"version-history":[{"count":1,"href":"https:\/\/www.ogl-kernen.de\/index.php?rest_route=\/wp\/v2\/posts\/353\/revisions"}],"predecessor-version":[{"id":354,"href":"https:\/\/www.ogl-kernen.de\/index.php?rest_route=\/wp\/v2\/posts\/353\/revisions\/354"}],"wp:attachment":[{"href":"https:\/\/www.ogl-kernen.de\/index.php?rest_route=%2Fwp%2Fv2%2Fmedia&parent=353"}],"wp:term":[{"taxonomy":"category","embeddable":true,"href":"https:\/\/www.ogl-kernen.de\/index.php?rest_route=%2Fwp%2Fv2%2Fcategories&post=353"},{"taxonomy":"post_tag","embeddable":true,"href":"https:\/\/www.ogl-kernen.de\/index.php?rest_route=%2Fwp%2Fv2%2Ftags&post=353"}],"curies":[{"name":"wp","href":"https:\/\/api.w.org\/{rel}","templated":true}]}}