{"id":349,"date":"2023-04-20T17:12:59","date_gmt":"2023-04-20T15:12:59","guid":{"rendered":"https:\/\/www.ogl-kernen.de\/?p=349"},"modified":"2023-05-12T17:18:29","modified_gmt":"2023-05-12T15:18:29","slug":"naechstes-treffen","status":"publish","type":"post","link":"https:\/\/www.ogl-kernen.de\/?p=349","title":{"rendered":"N\u00e4chstes Treffen"},"content":{"rendered":"\n<p>Herzliche Einladung zu einem Treffen n\u00e4chste Woche. Wir wollen unter anderem \u00fcber das Mobilit\u00e4tskonzept der Gemeinde ins Gespr\u00e4ch kommen. Wie steht es um die Infrastruktur f\u00fcr Radfahrende und Fu\u00dfg\u00e4nger hier bei uns in Kernen? Welchen Stellenwert hat der \u00f6ffentliche Nahverkehr, und welchen der motorisierte Individualverkehr? Welche Vorschl\u00e4ge gibt es von Seiten des beauftragten Verkehrsplanungsb\u00fcros BERNARD zu den einzelnen Bereichen? Interessierte d\u00fcrfen gerne vorbeischauen. Mittwoch, 26.April 2023 um 19 Uhr in der Begegnungsst\u00e4tte von Rommelshausen (beim Haupteingang vom Haus Edelberg, Stettener Stra\u00dfe 37).<\/p>\n\n\n\n<p>Jacqueline Gerhardt, Peter Haas und Matthias Kramer<\/p>\n","protected":false},"excerpt":{"rendered":"<p>Herzliche Einladung zu einem Treffen n\u00e4chste Woche. Wir wollen unter anderem \u00fcber das Mobilit\u00e4tskonzept der Gemeinde ins Gespr\u00e4ch kommen. Wie steht es um die Infrastruktur f\u00fcr Radfahrende und Fu\u00dfg\u00e4nger hier bei uns in Kernen? Welchen Stellenwert hat der \u00f6ffentliche Nahverkehr, und welchen der motorisierte Individualverkehr? Welche Vorschl\u00e4ge gibt es von Seiten des beauftragten Verkehrsplanungsb\u00fcros BERNARD &hellip;<\/p>\n<p class=\"read-more\"> <a class=\"\" href=\"https:\/\/www.ogl-kernen.de\/?p=349\"> <span class=\"screen-reader-text\">N\u00e4chstes Treffen<\/span> Weiterlesen &raquo;<\/a><\/p>\n","protected":false},"author":3,"featured_media":0,"comment_status":"closed","ping_status":"closed","sticky":false,"template":"","format":"standard","meta":{"site-sidebar-layout":"default","site-content-layout":"default","ast-global-header-display":"","ast-main-header-display":"","ast-hfb-above-header-display":"","ast-hfb-below-header-display":"","ast-hfb-mobile-header-display":"","site-post-title":"","ast-breadcrumbs-content":"","ast-featured-img":"","footer-sml-layout":"","theme-transparent-header-meta":"","adv-header-id-meta":"","stick-header-meta":"","header-above-stick-meta":"","header-main-stick-meta":"","header-below-stick-meta":"","footnotes":""},"categories":[1],"tags":[18],"class_list":["post-349","post","type-post","status-publish","format-standard","hentry","category-allgemein","tag-mobilitaetskonzept"],"yoast_head":"<!-- This site is optimized with the Yoast SEO plugin v22.2 - https:\/\/yoast.com\/wordpress\/plugins\/seo\/ -->\n<title>N\u00e4chstes Treffen - OGL Kernen<\/title>\n<meta name=\"robots\" content=\"index, follow, max-snippet:-1, max-image-preview:large, max-video-preview:-1\" \/>\n<link rel=\"canonical\" href=\"https:\/\/www.ogl-kernen.de\/?p=349\" \/>\n<meta property=\"og:locale\" content=\"de_DE\" \/>\n<meta property=\"og:type\" content=\"article\" \/>\n<meta property=\"og:title\" content=\"N\u00e4chstes Treffen - OGL Kernen\" \/>\n<meta property=\"og:description\" content=\"Herzliche Einladung zu einem Treffen n\u00e4chste Woche. Wir wollen unter anderem \u00fcber das Mobilit\u00e4tskonzept der Gemeinde ins Gespr\u00e4ch kommen. Wie steht es um die Infrastruktur f\u00fcr Radfahrende und Fu\u00dfg\u00e4nger hier bei uns in Kernen? Welchen Stellenwert hat der \u00f6ffentliche Nahverkehr, und welchen der motorisierte Individualverkehr? Welche Vorschl\u00e4ge gibt es von Seiten des beauftragten Verkehrsplanungsb\u00fcros BERNARD &hellip; N\u00e4chstes Treffen Weiterlesen &raquo;\" \/>\n<meta property=\"og:url\" content=\"https:\/\/www.ogl-kernen.de\/?p=349\" \/>\n<meta property=\"og:site_name\" content=\"OGL Kernen\" \/>\n<meta property=\"article:published_time\" content=\"2023-04-20T15:12:59+00:00\" \/>\n<meta property=\"article:modified_time\" content=\"2023-05-12T15:18:29+00:00\" \/>\n<meta name=\"author\" content=\"Matthias Kramer\" \/>\n<meta name=\"twitter:card\" content=\"summary_large_image\" \/>\n<meta name=\"twitter:label1\" content=\"Verfasst von\" \/>\n\t<meta name=\"twitter:data1\" content=\"Matthias Kramer\" \/>\n<script type=\"application\/ld+json\" class=\"yoast-schema-graph\">{\"@context\":\"https:\/\/schema.org\",\"@graph\":[{\"@type\":\"Article\",\"@id\":\"https:\/\/www.ogl-kernen.de\/?p=349#article\",\"isPartOf\":{\"@id\":\"https:\/\/www.ogl-kernen.de\/?p=349\"},\"author\":{\"name\":\"Matthias Kramer\",\"@id\":\"https:\/\/www.ogl-kernen.de\/#\/schema\/person\/92d45b78564a61718a56f762c5c32250\"},\"headline\":\"N\u00e4chstes Treffen\",\"datePublished\":\"2023-04-20T15:12:59+00:00\",\"dateModified\":\"2023-05-12T15:18:29+00:00\",\"mainEntityOfPage\":{\"@id\":\"https:\/\/www.ogl-kernen.de\/?p=349\"},\"wordCount\":100,\"publisher\":{\"@id\":\"https:\/\/www.ogl-kernen.de\/#organization\"},\"keywords\":[\"Mobilit\u00e4tskonzept\"],\"inLanguage\":\"de\"},{\"@type\":\"WebPage\",\"@id\":\"https:\/\/www.ogl-kernen.de\/?p=349\",\"url\":\"https:\/\/www.ogl-kernen.de\/?p=349\",\"name\":\"N\u00e4chstes Treffen - OGL Kernen\",\"isPartOf\":{\"@id\":\"https:\/\/www.ogl-kernen.de\/#website\"},\"datePublished\":\"2023-04-20T15:12:59+00:00\",\"dateModified\":\"2023-05-12T15:18:29+00:00\",\"breadcrumb\":{\"@id\":\"https:\/\/www.ogl-kernen.de\/?p=349#breadcrumb\"},\"inLanguage\":\"de\",\"potentialAction\":[{\"@type\":\"ReadAction\",\"target\":[\"https:\/\/www.ogl-kernen.de\/?p=349\"]}]},{\"@type\":\"BreadcrumbList\",\"@id\":\"https:\/\/www.ogl-kernen.de\/?p=349#breadcrumb\",\"itemListElement\":[{\"@type\":\"ListItem\",\"position\":1,\"name\":\"Startseite\",\"item\":\"https:\/\/www.ogl-kernen.de\/\"},{\"@type\":\"ListItem\",\"position\":2,\"name\":\"N\u00e4chstes Treffen\"}]},{\"@type\":\"WebSite\",\"@id\":\"https:\/\/www.ogl-kernen.de\/#website\",\"url\":\"https:\/\/www.ogl-kernen.de\/\",\"name\":\"OGL Kernen\",\"description\":\"nachhaltig - sozial - weltoffen\",\"publisher\":{\"@id\":\"https:\/\/www.ogl-kernen.de\/#organization\"},\"potentialAction\":[{\"@type\":\"SearchAction\",\"target\":{\"@type\":\"EntryPoint\",\"urlTemplate\":\"https:\/\/www.ogl-kernen.de\/?s={search_term_string}\"},\"query-input\":\"required name=search_term_string\"}],\"inLanguage\":\"de\"},{\"@type\":\"Organization\",\"@id\":\"https:\/\/www.ogl-kernen.de\/#organization\",\"name\":\"OGL Kernen\",\"url\":\"https:\/\/www.ogl-kernen.de\/\",\"logo\":{\"@type\":\"ImageObject\",\"inLanguage\":\"de\",\"@id\":\"https:\/\/www.ogl-kernen.de\/#\/schema\/logo\/image\/\",\"url\":\"https:\/\/www.ogl-kernen.de\/test\/wp-content\/uploads\/2021\/05\/cropped-Logo-ow-scaled-1.jpg\",\"contentUrl\":\"https:\/\/www.ogl-kernen.de\/test\/wp-content\/uploads\/2021\/05\/cropped-Logo-ow-scaled-1.jpg\",\"width\":2560,\"height\":478,\"caption\":\"OGL Kernen\"},\"image\":{\"@id\":\"https:\/\/www.ogl-kernen.de\/#\/schema\/logo\/image\/\"},\"sameAs\":[\"https:\/\/www.instagram.com\/ogl_kernen\/\"]},{\"@type\":\"Person\",\"@id\":\"https:\/\/www.ogl-kernen.de\/#\/schema\/person\/92d45b78564a61718a56f762c5c32250\",\"name\":\"Matthias Kramer\",\"image\":{\"@type\":\"ImageObject\",\"inLanguage\":\"de\",\"@id\":\"https:\/\/www.ogl-kernen.de\/#\/schema\/person\/image\/\",\"url\":\"https:\/\/secure.gravatar.com\/avatar\/eca732170f439564e0de7ff140dc083abd1fcf055dfd83a8985c214a6afa79c9?s=96&d=mm&r=g\",\"contentUrl\":\"https:\/\/secure.gravatar.com\/avatar\/eca732170f439564e0de7ff140dc083abd1fcf055dfd83a8985c214a6afa79c9?s=96&d=mm&r=g\",\"caption\":\"Matthias Kramer\"},\"url\":\"https:\/\/www.ogl-kernen.de\/?author=3\"}]}<\/script>\n<!-- \/ Yoast SEO plugin. -->","yoast_head_json":{"title":"N\u00e4chstes Treffen - OGL Kernen","robots":{"index":"index","follow":"follow","max-snippet":"max-snippet:-1","max-image-preview":"max-image-preview:large","max-video-preview":"max-video-preview:-1"},"canonical":"https:\/\/www.ogl-kernen.de\/?p=349","og_locale":"de_DE","og_type":"article","og_title":"N\u00e4chstes Treffen - OGL Kernen","og_description":"Herzliche Einladung zu einem Treffen n\u00e4chste Woche. Wir wollen unter anderem \u00fcber das Mobilit\u00e4tskonzept der Gemeinde ins Gespr\u00e4ch kommen. Wie steht es um die Infrastruktur f\u00fcr Radfahrende und Fu\u00dfg\u00e4nger hier bei uns in Kernen? Welchen Stellenwert hat der \u00f6ffentliche Nahverkehr, und welchen der motorisierte Individualverkehr? Welche Vorschl\u00e4ge gibt es von Seiten des beauftragten Verkehrsplanungsb\u00fcros BERNARD &hellip; N\u00e4chstes Treffen Weiterlesen &raquo;","og_url":"https:\/\/www.ogl-kernen.de\/?p=349","og_site_name":"OGL Kernen","article_published_time":"2023-04-20T15:12:59+00:00","article_modified_time":"2023-05-12T15:18:29+00:00","author":"Matthias Kramer","twitter_card":"summary_large_image","twitter_misc":{"Verfasst von":"Matthias Kramer"},"schema":{"@context":"https:\/\/schema.org","@graph":[{"@type":"Article","@id":"https:\/\/www.ogl-kernen.de\/?p=349#article","isPartOf":{"@id":"https:\/\/www.ogl-kernen.de\/?p=349"},"author":{"name":"Matthias Kramer","@id":"https:\/\/www.ogl-kernen.de\/#\/schema\/person\/92d45b78564a61718a56f762c5c32250"},"headline":"N\u00e4chstes Treffen","datePublished":"2023-04-20T15:12:59+00:00","dateModified":"2023-05-12T15:18:29+00:00","mainEntityOfPage":{"@id":"https:\/\/www.ogl-kernen.de\/?p=349"},"wordCount":100,"publisher":{"@id":"https:\/\/www.ogl-kernen.de\/#organization"},"keywords":["Mobilit\u00e4tskonzept"],"inLanguage":"de"},{"@type":"WebPage","@id":"https:\/\/www.ogl-kernen.de\/?p=349","url":"https:\/\/www.ogl-kernen.de\/?p=349","name":"N\u00e4chstes Treffen - OGL Kernen","isPartOf":{"@id":"https:\/\/www.ogl-kernen.de\/#website"},"datePublished":"2023-04-20T15:12:59+00:00","dateModified":"2023-05-12T15:18:29+00:00","breadcrumb":{"@id":"https:\/\/www.ogl-kernen.de\/?p=349#breadcrumb"},"inLanguage":"de","potentialAction":[{"@type":"ReadAction","target":["https:\/\/www.ogl-kernen.de\/?p=349"]}]},{"@type":"BreadcrumbList","@id":"https:\/\/www.ogl-kernen.de\/?p=349#breadcrumb","itemListElement":[{"@type":"ListItem","position":1,"name":"Startseite","item":"https:\/\/www.ogl-kernen.de\/"},{"@type":"ListItem","position":2,"name":"N\u00e4chstes Treffen"}]},{"@type":"WebSite","@id":"https:\/\/www.ogl-kernen.de\/#website","url":"https:\/\/www.ogl-kernen.de\/","name":"OGL Kernen","description":"nachhaltig - sozial - weltoffen","publisher":{"@id":"https:\/\/www.ogl-kernen.de\/#organization"},"potentialAction":[{"@type":"SearchAction","target":{"@type":"EntryPoint","urlTemplate":"https:\/\/www.ogl-kernen.de\/?s={search_term_string}"},"query-input":"required name=search_term_string"}],"inLanguage":"de"},{"@type":"Organization","@id":"https:\/\/www.ogl-kernen.de\/#organization","name":"OGL Kernen","url":"https:\/\/www.ogl-kernen.de\/","logo":{"@type":"ImageObject","inLanguage":"de","@id":"https:\/\/www.ogl-kernen.de\/#\/schema\/logo\/image\/","url":"https:\/\/www.ogl-kernen.de\/test\/wp-content\/uploads\/2021\/05\/cropped-Logo-ow-scaled-1.jpg","contentUrl":"https:\/\/www.ogl-kernen.de\/test\/wp-content\/uploads\/2021\/05\/cropped-Logo-ow-scaled-1.jpg","width":2560,"height":478,"caption":"OGL Kernen"},"image":{"@id":"https:\/\/www.ogl-kernen.de\/#\/schema\/logo\/image\/"},"sameAs":["https:\/\/www.instagram.com\/ogl_kernen\/"]},{"@type":"Person","@id":"https:\/\/www.ogl-kernen.de\/#\/schema\/person\/92d45b78564a61718a56f762c5c32250","name":"Matthias Kramer","image":{"@type":"ImageObject","inLanguage":"de","@id":"https:\/\/www.ogl-kernen.de\/#\/schema\/person\/image\/","url":"https:\/\/secure.gravatar.com\/avatar\/eca732170f439564e0de7ff140dc083abd1fcf055dfd83a8985c214a6afa79c9?s=96&d=mm&r=g","contentUrl":"https:\/\/secure.gravatar.com\/avatar\/eca732170f439564e0de7ff140dc083abd1fcf055dfd83a8985c214a6afa79c9?s=96&d=mm&r=g","caption":"Matthias Kramer"},"url":"https:\/\/www.ogl-kernen.de\/?author=3"}]}},"_links":{"self":[{"href":"https:\/\/www.ogl-kernen.de\/index.php?rest_route=\/wp\/v2\/posts\/349","targetHints":{"allow":["GET"]}}],"collection":[{"href":"https:\/\/www.ogl-kernen.de\/index.php?rest_route=\/wp\/v2\/posts"}],"about":[{"href":"https:\/\/www.ogl-kernen.de\/index.php?rest_route=\/wp\/v2\/types\/post"}],"author":[{"embeddable":true,"href":"https:\/\/www.ogl-kernen.de\/index.php?rest_route=\/wp\/v2\/users\/3"}],"replies":[{"embeddable":true,"href":"https:\/\/www.ogl-kernen.de\/index.php?rest_route=%2Fwp%2Fv2%2Fcomments&post=349"}],"version-history":[{"count":1,"href":"https:\/\/www.ogl-kernen.de\/index.php?rest_route=\/wp\/v2\/posts\/349\/revisions"}],"predecessor-version":[{"id":350,"href":"https:\/\/www.ogl-kernen.de\/index.php?rest_route=\/wp\/v2\/posts\/349\/revisions\/350"}],"wp:attachment":[{"href":"https:\/\/www.ogl-kernen.de\/index.php?rest_route=%2Fwp%2Fv2%2Fmedia&parent=349"}],"wp:term":[{"taxonomy":"category","embeddable":true,"href":"https:\/\/www.ogl-kernen.de\/index.php?rest_route=%2Fwp%2Fv2%2Fcategories&post=349"},{"taxonomy":"post_tag","embeddable":true,"href":"https:\/\/www.ogl-kernen.de\/index.php?rest_route=%2Fwp%2Fv2%2Ftags&post=349"}],"curies":[{"name":"wp","href":"https:\/\/api.w.org\/{rel}","templated":true}]}}