{"id":324,"date":"2023-01-11T19:30:14","date_gmt":"2023-01-11T18:30:14","guid":{"rendered":"https:\/\/www.ogl-kernen.de\/?p=324"},"modified":"2023-01-13T19:35:19","modified_gmt":"2023-01-13T18:35:19","slug":"pv-anlagen-auf-freiflaechen","status":"publish","type":"post","link":"https:\/\/www.ogl-kernen.de\/?p=324","title":{"rendered":"PV-Anlagen auf Freifl\u00e4chen?"},"content":{"rendered":"\n<p>R\u00fcckblick auf die Gemeinderatssitzung im Dezember letzten Jahres: In dieser Sitzung wurden m\u00f6gliche Freifl\u00e4chen f\u00fcr Freifl\u00e4chen-Photovoltaikanlagen (FFPV) und Windkraftanlagen auf der Gemarkung Kernens in einer ersten Einsch\u00e4tzung beurteilt. Hintergrund: Damit mehr regenerative Energie erzeugt werden kann, sollen zuk\u00fcnftig bis zu zwei Prozent der Freifl\u00e4chen Baden-W\u00fcrttembergs f\u00fcr FFPV oder Windr\u00e4der zur Verf\u00fcgung stehen. So strebt es das Land BW an. Die OGL sieht es jedoch wie die Verwaltung, dass zu aller erst bereits versiegelte Fl\u00e4chen f\u00fcr die Erzeugung von nachhaltigem Strom genutzt werden sollten. Dazu z\u00e4hlen Dachfl\u00e4chen und Verkehrsfl\u00e4chen (z.B. Parkpl\u00e4tze), sowohl kommunale, private als auch gewerbliche. Dort ist noch sehr viel Potential vorhanden, welches es in Zukunft zu nutzen gilt. Umso mehr wir unsere D\u00e4cher mit PV-Anlagen ausstatten, umso weniger Strom wir verbrauchen, umso weniger Freifl\u00e4chen werden wir &#8222;opfern&#8220; m\u00fcssen. Deshalb unser Appell: Reduzieren Sie Ihren Stromverbrauch, statten Sie ihre Dachfl\u00e4che mit einer PV-Anlage aus, installieren Sie eine Steckersolaranlage auf ihrem Garagendach, Balkongel\u00e4nder&#8230; Bei den jetzigen Strompreisen eine lukrative Sache. FFPV sollten die letzte L\u00f6sung sein. Auch wenn es zwischenzeitlich M\u00f6glichkeiten gibt, diese \u00fcber landwirtschaftlichen Fl\u00e4chen aufzust\u00e4ndern, so dass der Boden weiterhin genutzt werden kann (sogenannte Agri-PV). Und Windkraftanlagen? Die werden in Kernen wohl eher keine oder eine sehr untergeordnete Rolle spielen.<\/p>\n\n\n\n<p>Und was wurde im Gemeinderat beschlossen? Bei der Abstimmung zu einer ersten Bewertung der m\u00f6glichen Fl\u00e4chen f\u00fcr FFPV in Kernen hat die OGL dem Vorschlag der Verwaltung mehrheitlich zugestimmt. Ich habe mich der Stimme enthalten. Grund: Einerseits wurde in der Vorlage darauf hingewiesen, dass vorerst nur die topographische Lage ein Kriterium sei, d.h.in welchem Ma\u00dfe die 12 verschieden Fl\u00e4chen ausgerichtet w\u00e4ren, um eine gute Stromausbeute zu erzielen. Andererseits doch auch schon Bodenwerte oder die Schwere der Eingriffe ins \u00f6kologische System bewertet. Diese Bewertung war aber in meinen Augen ziemlich unscharf und nicht schl\u00fcssig. Es gilt also die m\u00f6gliche Entwicklung solcher FFPV gut im Auge zu behalten.<\/p>\n\n\n\n<p>Matthias Kramer<\/p>\n","protected":false},"excerpt":{"rendered":"<p>R\u00fcckblick auf die Gemeinderatssitzung im Dezember letzten Jahres: In dieser Sitzung wurden m\u00f6gliche Freifl\u00e4chen f\u00fcr Freifl\u00e4chen-Photovoltaikanlagen (FFPV) und Windkraftanlagen auf der Gemarkung Kernens in einer ersten Einsch\u00e4tzung beurteilt. Hintergrund: Damit mehr regenerative Energie erzeugt werden kann, sollen zuk\u00fcnftig bis zu zwei Prozent der Freifl\u00e4chen Baden-W\u00fcrttembergs f\u00fcr FFPV oder Windr\u00e4der zur Verf\u00fcgung stehen. So strebt es &hellip;<\/p>\n<p class=\"read-more\"> <a class=\"\" href=\"https:\/\/www.ogl-kernen.de\/?p=324\"> <span class=\"screen-reader-text\">PV-Anlagen auf Freifl\u00e4chen?<\/span> Weiterlesen &raquo;<\/a><\/p>\n","protected":false},"author":3,"featured_media":0,"comment_status":"closed","ping_status":"closed","sticky":false,"template":"","format":"standard","meta":{"site-sidebar-layout":"default","site-content-layout":"default","ast-global-header-display":"","ast-main-header-display":"","ast-hfb-above-header-display":"","ast-hfb-below-header-display":"","ast-hfb-mobile-header-display":"","site-post-title":"","ast-breadcrumbs-content":"","ast-featured-img":"","footer-sml-layout":"","theme-transparent-header-meta":"","adv-header-id-meta":"","stick-header-meta":"","header-above-stick-meta":"","header-main-stick-meta":"","header-below-stick-meta":"","footnotes":""},"categories":[4],"tags":[45],"class_list":["post-324","post","type-post","status-publish","format-standard","hentry","category-fraktion","tag-photovoltaik"],"yoast_head":"<!-- This site is optimized with the Yoast SEO plugin v22.2 - https:\/\/yoast.com\/wordpress\/plugins\/seo\/ -->\n<title>PV-Anlagen auf Freifl\u00e4chen? - OGL Kernen<\/title>\n<meta name=\"robots\" content=\"index, follow, max-snippet:-1, max-image-preview:large, max-video-preview:-1\" \/>\n<link rel=\"canonical\" href=\"https:\/\/www.ogl-kernen.de\/?p=324\" \/>\n<meta property=\"og:locale\" content=\"de_DE\" \/>\n<meta property=\"og:type\" content=\"article\" \/>\n<meta property=\"og:title\" content=\"PV-Anlagen auf Freifl\u00e4chen? - OGL Kernen\" \/>\n<meta property=\"og:description\" content=\"R\u00fcckblick auf die Gemeinderatssitzung im Dezember letzten Jahres: In dieser Sitzung wurden m\u00f6gliche Freifl\u00e4chen f\u00fcr Freifl\u00e4chen-Photovoltaikanlagen (FFPV) und Windkraftanlagen auf der Gemarkung Kernens in einer ersten Einsch\u00e4tzung beurteilt. Hintergrund: Damit mehr regenerative Energie erzeugt werden kann, sollen zuk\u00fcnftig bis zu zwei Prozent der Freifl\u00e4chen Baden-W\u00fcrttembergs f\u00fcr FFPV oder Windr\u00e4der zur Verf\u00fcgung stehen. So strebt es &hellip; PV-Anlagen auf Freifl\u00e4chen? Weiterlesen &raquo;\" \/>\n<meta property=\"og:url\" content=\"https:\/\/www.ogl-kernen.de\/?p=324\" \/>\n<meta property=\"og:site_name\" content=\"OGL Kernen\" \/>\n<meta property=\"article:published_time\" content=\"2023-01-11T18:30:14+00:00\" \/>\n<meta property=\"article:modified_time\" content=\"2023-01-13T18:35:19+00:00\" \/>\n<meta name=\"author\" content=\"Matthias Kramer\" \/>\n<meta name=\"twitter:card\" content=\"summary_large_image\" \/>\n<meta name=\"twitter:label1\" content=\"Verfasst von\" \/>\n\t<meta name=\"twitter:data1\" content=\"Matthias Kramer\" \/>\n\t<meta name=\"twitter:label2\" content=\"Gesch\u00e4tzte Lesezeit\" \/>\n\t<meta name=\"twitter:data2\" content=\"2\u00a0Minuten\" \/>\n<script type=\"application\/ld+json\" class=\"yoast-schema-graph\">{\"@context\":\"https:\/\/schema.org\",\"@graph\":[{\"@type\":\"Article\",\"@id\":\"https:\/\/www.ogl-kernen.de\/?p=324#article\",\"isPartOf\":{\"@id\":\"https:\/\/www.ogl-kernen.de\/?p=324\"},\"author\":{\"name\":\"Matthias Kramer\",\"@id\":\"https:\/\/www.ogl-kernen.de\/#\/schema\/person\/92d45b78564a61718a56f762c5c32250\"},\"headline\":\"PV-Anlagen auf Freifl\u00e4chen?\",\"datePublished\":\"2023-01-11T18:30:14+00:00\",\"dateModified\":\"2023-01-13T18:35:19+00:00\",\"mainEntityOfPage\":{\"@id\":\"https:\/\/www.ogl-kernen.de\/?p=324\"},\"wordCount\":351,\"publisher\":{\"@id\":\"https:\/\/www.ogl-kernen.de\/#organization\"},\"keywords\":[\"Photovoltaik\"],\"articleSection\":[\"Fraktion\"],\"inLanguage\":\"de\"},{\"@type\":\"WebPage\",\"@id\":\"https:\/\/www.ogl-kernen.de\/?p=324\",\"url\":\"https:\/\/www.ogl-kernen.de\/?p=324\",\"name\":\"PV-Anlagen auf Freifl\u00e4chen? - OGL Kernen\",\"isPartOf\":{\"@id\":\"https:\/\/www.ogl-kernen.de\/#website\"},\"datePublished\":\"2023-01-11T18:30:14+00:00\",\"dateModified\":\"2023-01-13T18:35:19+00:00\",\"breadcrumb\":{\"@id\":\"https:\/\/www.ogl-kernen.de\/?p=324#breadcrumb\"},\"inLanguage\":\"de\",\"potentialAction\":[{\"@type\":\"ReadAction\",\"target\":[\"https:\/\/www.ogl-kernen.de\/?p=324\"]}]},{\"@type\":\"BreadcrumbList\",\"@id\":\"https:\/\/www.ogl-kernen.de\/?p=324#breadcrumb\",\"itemListElement\":[{\"@type\":\"ListItem\",\"position\":1,\"name\":\"Startseite\",\"item\":\"https:\/\/www.ogl-kernen.de\/\"},{\"@type\":\"ListItem\",\"position\":2,\"name\":\"PV-Anlagen auf Freifl\u00e4chen?\"}]},{\"@type\":\"WebSite\",\"@id\":\"https:\/\/www.ogl-kernen.de\/#website\",\"url\":\"https:\/\/www.ogl-kernen.de\/\",\"name\":\"OGL Kernen\",\"description\":\"nachhaltig - sozial - weltoffen\",\"publisher\":{\"@id\":\"https:\/\/www.ogl-kernen.de\/#organization\"},\"potentialAction\":[{\"@type\":\"SearchAction\",\"target\":{\"@type\":\"EntryPoint\",\"urlTemplate\":\"https:\/\/www.ogl-kernen.de\/?s={search_term_string}\"},\"query-input\":\"required name=search_term_string\"}],\"inLanguage\":\"de\"},{\"@type\":\"Organization\",\"@id\":\"https:\/\/www.ogl-kernen.de\/#organization\",\"name\":\"OGL Kernen\",\"url\":\"https:\/\/www.ogl-kernen.de\/\",\"logo\":{\"@type\":\"ImageObject\",\"inLanguage\":\"de\",\"@id\":\"https:\/\/www.ogl-kernen.de\/#\/schema\/logo\/image\/\",\"url\":\"https:\/\/www.ogl-kernen.de\/test\/wp-content\/uploads\/2021\/05\/cropped-Logo-ow-scaled-1.jpg\",\"contentUrl\":\"https:\/\/www.ogl-kernen.de\/test\/wp-content\/uploads\/2021\/05\/cropped-Logo-ow-scaled-1.jpg\",\"width\":2560,\"height\":478,\"caption\":\"OGL Kernen\"},\"image\":{\"@id\":\"https:\/\/www.ogl-kernen.de\/#\/schema\/logo\/image\/\"},\"sameAs\":[\"https:\/\/www.instagram.com\/ogl_kernen\/\"]},{\"@type\":\"Person\",\"@id\":\"https:\/\/www.ogl-kernen.de\/#\/schema\/person\/92d45b78564a61718a56f762c5c32250\",\"name\":\"Matthias Kramer\",\"image\":{\"@type\":\"ImageObject\",\"inLanguage\":\"de\",\"@id\":\"https:\/\/www.ogl-kernen.de\/#\/schema\/person\/image\/\",\"url\":\"https:\/\/secure.gravatar.com\/avatar\/eca732170f439564e0de7ff140dc083abd1fcf055dfd83a8985c214a6afa79c9?s=96&d=mm&r=g\",\"contentUrl\":\"https:\/\/secure.gravatar.com\/avatar\/eca732170f439564e0de7ff140dc083abd1fcf055dfd83a8985c214a6afa79c9?s=96&d=mm&r=g\",\"caption\":\"Matthias Kramer\"},\"url\":\"https:\/\/www.ogl-kernen.de\/?author=3\"}]}<\/script>\n<!-- \/ Yoast SEO plugin. -->","yoast_head_json":{"title":"PV-Anlagen auf Freifl\u00e4chen? - OGL Kernen","robots":{"index":"index","follow":"follow","max-snippet":"max-snippet:-1","max-image-preview":"max-image-preview:large","max-video-preview":"max-video-preview:-1"},"canonical":"https:\/\/www.ogl-kernen.de\/?p=324","og_locale":"de_DE","og_type":"article","og_title":"PV-Anlagen auf Freifl\u00e4chen? - OGL Kernen","og_description":"R\u00fcckblick auf die Gemeinderatssitzung im Dezember letzten Jahres: In dieser Sitzung wurden m\u00f6gliche Freifl\u00e4chen f\u00fcr Freifl\u00e4chen-Photovoltaikanlagen (FFPV) und Windkraftanlagen auf der Gemarkung Kernens in einer ersten Einsch\u00e4tzung beurteilt. Hintergrund: Damit mehr regenerative Energie erzeugt werden kann, sollen zuk\u00fcnftig bis zu zwei Prozent der Freifl\u00e4chen Baden-W\u00fcrttembergs f\u00fcr FFPV oder Windr\u00e4der zur Verf\u00fcgung stehen. So strebt es &hellip; PV-Anlagen auf Freifl\u00e4chen? Weiterlesen &raquo;","og_url":"https:\/\/www.ogl-kernen.de\/?p=324","og_site_name":"OGL Kernen","article_published_time":"2023-01-11T18:30:14+00:00","article_modified_time":"2023-01-13T18:35:19+00:00","author":"Matthias Kramer","twitter_card":"summary_large_image","twitter_misc":{"Verfasst von":"Matthias Kramer","Gesch\u00e4tzte Lesezeit":"2\u00a0Minuten"},"schema":{"@context":"https:\/\/schema.org","@graph":[{"@type":"Article","@id":"https:\/\/www.ogl-kernen.de\/?p=324#article","isPartOf":{"@id":"https:\/\/www.ogl-kernen.de\/?p=324"},"author":{"name":"Matthias Kramer","@id":"https:\/\/www.ogl-kernen.de\/#\/schema\/person\/92d45b78564a61718a56f762c5c32250"},"headline":"PV-Anlagen auf Freifl\u00e4chen?","datePublished":"2023-01-11T18:30:14+00:00","dateModified":"2023-01-13T18:35:19+00:00","mainEntityOfPage":{"@id":"https:\/\/www.ogl-kernen.de\/?p=324"},"wordCount":351,"publisher":{"@id":"https:\/\/www.ogl-kernen.de\/#organization"},"keywords":["Photovoltaik"],"articleSection":["Fraktion"],"inLanguage":"de"},{"@type":"WebPage","@id":"https:\/\/www.ogl-kernen.de\/?p=324","url":"https:\/\/www.ogl-kernen.de\/?p=324","name":"PV-Anlagen auf Freifl\u00e4chen? - OGL Kernen","isPartOf":{"@id":"https:\/\/www.ogl-kernen.de\/#website"},"datePublished":"2023-01-11T18:30:14+00:00","dateModified":"2023-01-13T18:35:19+00:00","breadcrumb":{"@id":"https:\/\/www.ogl-kernen.de\/?p=324#breadcrumb"},"inLanguage":"de","potentialAction":[{"@type":"ReadAction","target":["https:\/\/www.ogl-kernen.de\/?p=324"]}]},{"@type":"BreadcrumbList","@id":"https:\/\/www.ogl-kernen.de\/?p=324#breadcrumb","itemListElement":[{"@type":"ListItem","position":1,"name":"Startseite","item":"https:\/\/www.ogl-kernen.de\/"},{"@type":"ListItem","position":2,"name":"PV-Anlagen auf Freifl\u00e4chen?"}]},{"@type":"WebSite","@id":"https:\/\/www.ogl-kernen.de\/#website","url":"https:\/\/www.ogl-kernen.de\/","name":"OGL Kernen","description":"nachhaltig - sozial - weltoffen","publisher":{"@id":"https:\/\/www.ogl-kernen.de\/#organization"},"potentialAction":[{"@type":"SearchAction","target":{"@type":"EntryPoint","urlTemplate":"https:\/\/www.ogl-kernen.de\/?s={search_term_string}"},"query-input":"required name=search_term_string"}],"inLanguage":"de"},{"@type":"Organization","@id":"https:\/\/www.ogl-kernen.de\/#organization","name":"OGL Kernen","url":"https:\/\/www.ogl-kernen.de\/","logo":{"@type":"ImageObject","inLanguage":"de","@id":"https:\/\/www.ogl-kernen.de\/#\/schema\/logo\/image\/","url":"https:\/\/www.ogl-kernen.de\/test\/wp-content\/uploads\/2021\/05\/cropped-Logo-ow-scaled-1.jpg","contentUrl":"https:\/\/www.ogl-kernen.de\/test\/wp-content\/uploads\/2021\/05\/cropped-Logo-ow-scaled-1.jpg","width":2560,"height":478,"caption":"OGL Kernen"},"image":{"@id":"https:\/\/www.ogl-kernen.de\/#\/schema\/logo\/image\/"},"sameAs":["https:\/\/www.instagram.com\/ogl_kernen\/"]},{"@type":"Person","@id":"https:\/\/www.ogl-kernen.de\/#\/schema\/person\/92d45b78564a61718a56f762c5c32250","name":"Matthias Kramer","image":{"@type":"ImageObject","inLanguage":"de","@id":"https:\/\/www.ogl-kernen.de\/#\/schema\/person\/image\/","url":"https:\/\/secure.gravatar.com\/avatar\/eca732170f439564e0de7ff140dc083abd1fcf055dfd83a8985c214a6afa79c9?s=96&d=mm&r=g","contentUrl":"https:\/\/secure.gravatar.com\/avatar\/eca732170f439564e0de7ff140dc083abd1fcf055dfd83a8985c214a6afa79c9?s=96&d=mm&r=g","caption":"Matthias Kramer"},"url":"https:\/\/www.ogl-kernen.de\/?author=3"}]}},"_links":{"self":[{"href":"https:\/\/www.ogl-kernen.de\/index.php?rest_route=\/wp\/v2\/posts\/324","targetHints":{"allow":["GET"]}}],"collection":[{"href":"https:\/\/www.ogl-kernen.de\/index.php?rest_route=\/wp\/v2\/posts"}],"about":[{"href":"https:\/\/www.ogl-kernen.de\/index.php?rest_route=\/wp\/v2\/types\/post"}],"author":[{"embeddable":true,"href":"https:\/\/www.ogl-kernen.de\/index.php?rest_route=\/wp\/v2\/users\/3"}],"replies":[{"embeddable":true,"href":"https:\/\/www.ogl-kernen.de\/index.php?rest_route=%2Fwp%2Fv2%2Fcomments&post=324"}],"version-history":[{"count":1,"href":"https:\/\/www.ogl-kernen.de\/index.php?rest_route=\/wp\/v2\/posts\/324\/revisions"}],"predecessor-version":[{"id":325,"href":"https:\/\/www.ogl-kernen.de\/index.php?rest_route=\/wp\/v2\/posts\/324\/revisions\/325"}],"wp:attachment":[{"href":"https:\/\/www.ogl-kernen.de\/index.php?rest_route=%2Fwp%2Fv2%2Fmedia&parent=324"}],"wp:term":[{"taxonomy":"category","embeddable":true,"href":"https:\/\/www.ogl-kernen.de\/index.php?rest_route=%2Fwp%2Fv2%2Fcategories&post=324"},{"taxonomy":"post_tag","embeddable":true,"href":"https:\/\/www.ogl-kernen.de\/index.php?rest_route=%2Fwp%2Fv2%2Ftags&post=324"}],"curies":[{"name":"wp","href":"https:\/\/api.w.org\/{rel}","templated":true}]}}