{"id":316,"date":"2022-11-23T15:47:00","date_gmt":"2022-11-23T14:47:00","guid":{"rendered":"https:\/\/www.ogl-kernen.de\/?p=316"},"modified":"2022-12-22T15:52:21","modified_gmt":"2022-12-22T14:52:21","slug":"mitmachen-umfrage-zum-radfahren-in-kernen","status":"publish","type":"post","link":"https:\/\/www.ogl-kernen.de\/?p=316","title":{"rendered":"Mitmachen: Umfrage zum Radfahren in Kernen"},"content":{"rendered":"\n<p>Sie sind in Kernen ab und zu oder vielleicht auch \u00f6fters mit dem Fahrrad unterwegs? Sie haben einige Anmerkungen zur Fahrradinfrastruktur hier bei uns in Kernen? Dann machen Sie doch einfach bei der <strong>Zufriedenheitsumfrage des ADFC <\/strong>mit. Durch Ihre R\u00fcckmeldungen f\u00e4llt es Verkehrsplanenden und politisch Verantwortlichen leichter, die Probleme beim Radeln zu erkennen und damit den Radverkehr zu verbessern. Also: Fragebogen bis sp\u00e4testens 30.11. im Internet ausf\u00fcllen und damit den Radverkehr in unserer Gemeinde st\u00e4rken.<\/p>\n\n\n\n<p>Link: https:\/\/fahrradklima-test.adfc.de<\/p>\n\n\n\n<p>Noch ein Veranstaltungshinweis:<\/p>\n\n\n\n<p><strong>Donnerstag, 24.11. um 18 Uhr im Waiblinger Traumpalast-Kino der Film &#8222;Der unberechenbare Faktor&#8220;.<\/strong> Ein Dokumentarfilm \u00fcber den Klimawandel und die zentrale Frage, welche Rolle der Mensch in allen Klimamodellen spielt.<\/p>\n\n\n\n<p>Inklusive Vorfilm \u201eBefore we leave\u201c. Anschlie\u00dfendes Filmgespr\u00e4ch mit G\u00e4sten vom \u201eBUND Waiblingen\u201c und \u201eKlimaentscheid Waiblingen\u201c.<\/p>\n\n\n\n<p>Filmbeschreibung unter Link:https:\/\/waiblingen.traumpalast.de\/index.php\/PID\/3550\/R\/122.html.<\/p>\n\n\n\n<p>Matthias Kramer, Vorstand OGL Kernen<\/p>\n","protected":false},"excerpt":{"rendered":"<p>Sie sind in Kernen ab und zu oder vielleicht auch \u00f6fters mit dem Fahrrad unterwegs? Sie haben einige Anmerkungen zur Fahrradinfrastruktur hier bei uns in Kernen? Dann machen Sie doch einfach bei der Zufriedenheitsumfrage des ADFC mit. Durch Ihre R\u00fcckmeldungen f\u00e4llt es Verkehrsplanenden und politisch Verantwortlichen leichter, die Probleme beim Radeln zu erkennen und damit &hellip;<\/p>\n<p class=\"read-more\"> <a class=\"\" href=\"https:\/\/www.ogl-kernen.de\/?p=316\"> <span class=\"screen-reader-text\">Mitmachen: Umfrage zum Radfahren in Kernen<\/span> Weiterlesen &raquo;<\/a><\/p>\n","protected":false},"author":3,"featured_media":0,"comment_status":"closed","ping_status":"closed","sticky":false,"template":"","format":"standard","meta":{"site-sidebar-layout":"default","site-content-layout":"default","ast-global-header-display":"","ast-main-header-display":"","ast-hfb-above-header-display":"","ast-hfb-below-header-display":"","ast-hfb-mobile-header-display":"","site-post-title":"","ast-breadcrumbs-content":"","ast-featured-img":"","footer-sml-layout":"","theme-transparent-header-meta":"","adv-header-id-meta":"","stick-header-meta":"","header-above-stick-meta":"","header-main-stick-meta":"","header-below-stick-meta":"","footnotes":""},"categories":[1],"tags":[12,28,86],"class_list":["post-316","post","type-post","status-publish","format-standard","hentry","category-allgemein","tag-fahrrad","tag-radfahren","tag-veranstaltungshinweis"],"yoast_head":"<!-- This site is optimized with the Yoast SEO plugin v22.2 - https:\/\/yoast.com\/wordpress\/plugins\/seo\/ -->\n<title>Mitmachen: Umfrage zum Radfahren in Kernen - OGL Kernen<\/title>\n<meta name=\"robots\" content=\"index, follow, max-snippet:-1, max-image-preview:large, max-video-preview:-1\" \/>\n<link rel=\"canonical\" href=\"https:\/\/www.ogl-kernen.de\/?p=316\" \/>\n<meta property=\"og:locale\" content=\"de_DE\" \/>\n<meta property=\"og:type\" content=\"article\" \/>\n<meta property=\"og:title\" content=\"Mitmachen: Umfrage zum Radfahren in Kernen - OGL Kernen\" \/>\n<meta property=\"og:description\" content=\"Sie sind in Kernen ab und zu oder vielleicht auch \u00f6fters mit dem Fahrrad unterwegs? Sie haben einige Anmerkungen zur Fahrradinfrastruktur hier bei uns in Kernen? Dann machen Sie doch einfach bei der Zufriedenheitsumfrage des ADFC mit. Durch Ihre R\u00fcckmeldungen f\u00e4llt es Verkehrsplanenden und politisch Verantwortlichen leichter, die Probleme beim Radeln zu erkennen und damit &hellip; Mitmachen: Umfrage zum Radfahren in Kernen Weiterlesen &raquo;\" \/>\n<meta property=\"og:url\" content=\"https:\/\/www.ogl-kernen.de\/?p=316\" \/>\n<meta property=\"og:site_name\" content=\"OGL Kernen\" \/>\n<meta property=\"article:published_time\" content=\"2022-11-23T14:47:00+00:00\" \/>\n<meta property=\"article:modified_time\" content=\"2022-12-22T14:52:21+00:00\" \/>\n<meta name=\"author\" content=\"Matthias Kramer\" \/>\n<meta name=\"twitter:card\" content=\"summary_large_image\" \/>\n<meta name=\"twitter:label1\" content=\"Verfasst von\" \/>\n\t<meta name=\"twitter:data1\" content=\"Matthias Kramer\" \/>\n\t<meta name=\"twitter:label2\" content=\"Gesch\u00e4tzte Lesezeit\" \/>\n\t<meta name=\"twitter:data2\" content=\"1\u00a0Minute\" \/>\n<script type=\"application\/ld+json\" class=\"yoast-schema-graph\">{\"@context\":\"https:\/\/schema.org\",\"@graph\":[{\"@type\":\"Article\",\"@id\":\"https:\/\/www.ogl-kernen.de\/?p=316#article\",\"isPartOf\":{\"@id\":\"https:\/\/www.ogl-kernen.de\/?p=316\"},\"author\":{\"name\":\"Matthias Kramer\",\"@id\":\"https:\/\/www.ogl-kernen.de\/#\/schema\/person\/92d45b78564a61718a56f762c5c32250\"},\"headline\":\"Mitmachen: Umfrage zum Radfahren in Kernen\",\"datePublished\":\"2022-11-23T14:47:00+00:00\",\"dateModified\":\"2022-12-22T14:52:21+00:00\",\"mainEntityOfPage\":{\"@id\":\"https:\/\/www.ogl-kernen.de\/?p=316\"},\"wordCount\":156,\"publisher\":{\"@id\":\"https:\/\/www.ogl-kernen.de\/#organization\"},\"keywords\":[\"Fahrrad\",\"Radfahren\",\"Veranstaltungshinweis\"],\"inLanguage\":\"de\"},{\"@type\":\"WebPage\",\"@id\":\"https:\/\/www.ogl-kernen.de\/?p=316\",\"url\":\"https:\/\/www.ogl-kernen.de\/?p=316\",\"name\":\"Mitmachen: Umfrage zum Radfahren in Kernen - OGL Kernen\",\"isPartOf\":{\"@id\":\"https:\/\/www.ogl-kernen.de\/#website\"},\"datePublished\":\"2022-11-23T14:47:00+00:00\",\"dateModified\":\"2022-12-22T14:52:21+00:00\",\"breadcrumb\":{\"@id\":\"https:\/\/www.ogl-kernen.de\/?p=316#breadcrumb\"},\"inLanguage\":\"de\",\"potentialAction\":[{\"@type\":\"ReadAction\",\"target\":[\"https:\/\/www.ogl-kernen.de\/?p=316\"]}]},{\"@type\":\"BreadcrumbList\",\"@id\":\"https:\/\/www.ogl-kernen.de\/?p=316#breadcrumb\",\"itemListElement\":[{\"@type\":\"ListItem\",\"position\":1,\"name\":\"Startseite\",\"item\":\"https:\/\/www.ogl-kernen.de\/\"},{\"@type\":\"ListItem\",\"position\":2,\"name\":\"Mitmachen: Umfrage zum Radfahren in Kernen\"}]},{\"@type\":\"WebSite\",\"@id\":\"https:\/\/www.ogl-kernen.de\/#website\",\"url\":\"https:\/\/www.ogl-kernen.de\/\",\"name\":\"OGL Kernen\",\"description\":\"nachhaltig - sozial - weltoffen\",\"publisher\":{\"@id\":\"https:\/\/www.ogl-kernen.de\/#organization\"},\"potentialAction\":[{\"@type\":\"SearchAction\",\"target\":{\"@type\":\"EntryPoint\",\"urlTemplate\":\"https:\/\/www.ogl-kernen.de\/?s={search_term_string}\"},\"query-input\":\"required name=search_term_string\"}],\"inLanguage\":\"de\"},{\"@type\":\"Organization\",\"@id\":\"https:\/\/www.ogl-kernen.de\/#organization\",\"name\":\"OGL Kernen\",\"url\":\"https:\/\/www.ogl-kernen.de\/\",\"logo\":{\"@type\":\"ImageObject\",\"inLanguage\":\"de\",\"@id\":\"https:\/\/www.ogl-kernen.de\/#\/schema\/logo\/image\/\",\"url\":\"https:\/\/www.ogl-kernen.de\/test\/wp-content\/uploads\/2021\/05\/cropped-Logo-ow-scaled-1.jpg\",\"contentUrl\":\"https:\/\/www.ogl-kernen.de\/test\/wp-content\/uploads\/2021\/05\/cropped-Logo-ow-scaled-1.jpg\",\"width\":2560,\"height\":478,\"caption\":\"OGL Kernen\"},\"image\":{\"@id\":\"https:\/\/www.ogl-kernen.de\/#\/schema\/logo\/image\/\"},\"sameAs\":[\"https:\/\/www.instagram.com\/ogl_kernen\/\"]},{\"@type\":\"Person\",\"@id\":\"https:\/\/www.ogl-kernen.de\/#\/schema\/person\/92d45b78564a61718a56f762c5c32250\",\"name\":\"Matthias Kramer\",\"image\":{\"@type\":\"ImageObject\",\"inLanguage\":\"de\",\"@id\":\"https:\/\/www.ogl-kernen.de\/#\/schema\/person\/image\/\",\"url\":\"https:\/\/secure.gravatar.com\/avatar\/eca732170f439564e0de7ff140dc083abd1fcf055dfd83a8985c214a6afa79c9?s=96&d=mm&r=g\",\"contentUrl\":\"https:\/\/secure.gravatar.com\/avatar\/eca732170f439564e0de7ff140dc083abd1fcf055dfd83a8985c214a6afa79c9?s=96&d=mm&r=g\",\"caption\":\"Matthias Kramer\"},\"url\":\"https:\/\/www.ogl-kernen.de\/?author=3\"}]}<\/script>\n<!-- \/ Yoast SEO plugin. -->","yoast_head_json":{"title":"Mitmachen: Umfrage zum Radfahren in Kernen - OGL Kernen","robots":{"index":"index","follow":"follow","max-snippet":"max-snippet:-1","max-image-preview":"max-image-preview:large","max-video-preview":"max-video-preview:-1"},"canonical":"https:\/\/www.ogl-kernen.de\/?p=316","og_locale":"de_DE","og_type":"article","og_title":"Mitmachen: Umfrage zum Radfahren in Kernen - OGL Kernen","og_description":"Sie sind in Kernen ab und zu oder vielleicht auch \u00f6fters mit dem Fahrrad unterwegs? Sie haben einige Anmerkungen zur Fahrradinfrastruktur hier bei uns in Kernen? Dann machen Sie doch einfach bei der Zufriedenheitsumfrage des ADFC mit. Durch Ihre R\u00fcckmeldungen f\u00e4llt es Verkehrsplanenden und politisch Verantwortlichen leichter, die Probleme beim Radeln zu erkennen und damit &hellip; Mitmachen: Umfrage zum Radfahren in Kernen Weiterlesen &raquo;","og_url":"https:\/\/www.ogl-kernen.de\/?p=316","og_site_name":"OGL Kernen","article_published_time":"2022-11-23T14:47:00+00:00","article_modified_time":"2022-12-22T14:52:21+00:00","author":"Matthias Kramer","twitter_card":"summary_large_image","twitter_misc":{"Verfasst von":"Matthias Kramer","Gesch\u00e4tzte Lesezeit":"1\u00a0Minute"},"schema":{"@context":"https:\/\/schema.org","@graph":[{"@type":"Article","@id":"https:\/\/www.ogl-kernen.de\/?p=316#article","isPartOf":{"@id":"https:\/\/www.ogl-kernen.de\/?p=316"},"author":{"name":"Matthias Kramer","@id":"https:\/\/www.ogl-kernen.de\/#\/schema\/person\/92d45b78564a61718a56f762c5c32250"},"headline":"Mitmachen: Umfrage zum Radfahren in Kernen","datePublished":"2022-11-23T14:47:00+00:00","dateModified":"2022-12-22T14:52:21+00:00","mainEntityOfPage":{"@id":"https:\/\/www.ogl-kernen.de\/?p=316"},"wordCount":156,"publisher":{"@id":"https:\/\/www.ogl-kernen.de\/#organization"},"keywords":["Fahrrad","Radfahren","Veranstaltungshinweis"],"inLanguage":"de"},{"@type":"WebPage","@id":"https:\/\/www.ogl-kernen.de\/?p=316","url":"https:\/\/www.ogl-kernen.de\/?p=316","name":"Mitmachen: Umfrage zum Radfahren in Kernen - OGL Kernen","isPartOf":{"@id":"https:\/\/www.ogl-kernen.de\/#website"},"datePublished":"2022-11-23T14:47:00+00:00","dateModified":"2022-12-22T14:52:21+00:00","breadcrumb":{"@id":"https:\/\/www.ogl-kernen.de\/?p=316#breadcrumb"},"inLanguage":"de","potentialAction":[{"@type":"ReadAction","target":["https:\/\/www.ogl-kernen.de\/?p=316"]}]},{"@type":"BreadcrumbList","@id":"https:\/\/www.ogl-kernen.de\/?p=316#breadcrumb","itemListElement":[{"@type":"ListItem","position":1,"name":"Startseite","item":"https:\/\/www.ogl-kernen.de\/"},{"@type":"ListItem","position":2,"name":"Mitmachen: Umfrage zum Radfahren in Kernen"}]},{"@type":"WebSite","@id":"https:\/\/www.ogl-kernen.de\/#website","url":"https:\/\/www.ogl-kernen.de\/","name":"OGL Kernen","description":"nachhaltig - sozial - weltoffen","publisher":{"@id":"https:\/\/www.ogl-kernen.de\/#organization"},"potentialAction":[{"@type":"SearchAction","target":{"@type":"EntryPoint","urlTemplate":"https:\/\/www.ogl-kernen.de\/?s={search_term_string}"},"query-input":"required name=search_term_string"}],"inLanguage":"de"},{"@type":"Organization","@id":"https:\/\/www.ogl-kernen.de\/#organization","name":"OGL Kernen","url":"https:\/\/www.ogl-kernen.de\/","logo":{"@type":"ImageObject","inLanguage":"de","@id":"https:\/\/www.ogl-kernen.de\/#\/schema\/logo\/image\/","url":"https:\/\/www.ogl-kernen.de\/test\/wp-content\/uploads\/2021\/05\/cropped-Logo-ow-scaled-1.jpg","contentUrl":"https:\/\/www.ogl-kernen.de\/test\/wp-content\/uploads\/2021\/05\/cropped-Logo-ow-scaled-1.jpg","width":2560,"height":478,"caption":"OGL Kernen"},"image":{"@id":"https:\/\/www.ogl-kernen.de\/#\/schema\/logo\/image\/"},"sameAs":["https:\/\/www.instagram.com\/ogl_kernen\/"]},{"@type":"Person","@id":"https:\/\/www.ogl-kernen.de\/#\/schema\/person\/92d45b78564a61718a56f762c5c32250","name":"Matthias Kramer","image":{"@type":"ImageObject","inLanguage":"de","@id":"https:\/\/www.ogl-kernen.de\/#\/schema\/person\/image\/","url":"https:\/\/secure.gravatar.com\/avatar\/eca732170f439564e0de7ff140dc083abd1fcf055dfd83a8985c214a6afa79c9?s=96&d=mm&r=g","contentUrl":"https:\/\/secure.gravatar.com\/avatar\/eca732170f439564e0de7ff140dc083abd1fcf055dfd83a8985c214a6afa79c9?s=96&d=mm&r=g","caption":"Matthias Kramer"},"url":"https:\/\/www.ogl-kernen.de\/?author=3"}]}},"_links":{"self":[{"href":"https:\/\/www.ogl-kernen.de\/index.php?rest_route=\/wp\/v2\/posts\/316","targetHints":{"allow":["GET"]}}],"collection":[{"href":"https:\/\/www.ogl-kernen.de\/index.php?rest_route=\/wp\/v2\/posts"}],"about":[{"href":"https:\/\/www.ogl-kernen.de\/index.php?rest_route=\/wp\/v2\/types\/post"}],"author":[{"embeddable":true,"href":"https:\/\/www.ogl-kernen.de\/index.php?rest_route=\/wp\/v2\/users\/3"}],"replies":[{"embeddable":true,"href":"https:\/\/www.ogl-kernen.de\/index.php?rest_route=%2Fwp%2Fv2%2Fcomments&post=316"}],"version-history":[{"count":1,"href":"https:\/\/www.ogl-kernen.de\/index.php?rest_route=\/wp\/v2\/posts\/316\/revisions"}],"predecessor-version":[{"id":317,"href":"https:\/\/www.ogl-kernen.de\/index.php?rest_route=\/wp\/v2\/posts\/316\/revisions\/317"}],"wp:attachment":[{"href":"https:\/\/www.ogl-kernen.de\/index.php?rest_route=%2Fwp%2Fv2%2Fmedia&parent=316"}],"wp:term":[{"taxonomy":"category","embeddable":true,"href":"https:\/\/www.ogl-kernen.de\/index.php?rest_route=%2Fwp%2Fv2%2Fcategories&post=316"},{"taxonomy":"post_tag","embeddable":true,"href":"https:\/\/www.ogl-kernen.de\/index.php?rest_route=%2Fwp%2Fv2%2Ftags&post=316"}],"curies":[{"name":"wp","href":"https:\/\/api.w.org\/{rel}","templated":true}]}}