{"id":315,"date":"2022-12-22T15:54:23","date_gmt":"2022-12-22T14:54:23","guid":{"rendered":"https:\/\/www.ogl-kernen.de\/?p=315"},"modified":"2022-12-22T15:54:51","modified_gmt":"2022-12-22T14:54:51","slug":"es-tut-sich-was-fuer-fahrradfahrende","status":"publish","type":"post","link":"https:\/\/www.ogl-kernen.de\/?p=315","title":{"rendered":"Es tut sich was f\u00fcr Fahrradfahrende"},"content":{"rendered":"\n<p>Ein B\u00fcrgerhaus mit gut frequentiertem Caf\u00e9 ohne einen einzigen Fahrradabstellplatz? Wo gibt es denn so etwas noch in der heutigen Zeit? Bei uns in Kernen zum Beispiel! Das muss sich jetzt aber mal dringend \u00e4ndern, haben wir OGLer uns gedacht und bei der Verwaltung einen Antrag zur Errichtung von Fahrradanlehnb\u00fcgeln eingereicht. Vergangenen Donnerstag wurde dann in der Gemeinderatssitzung \u00fcber diesen debattiert. Ergebnis: Es herrschte gro\u00dfe Einigkeit \u00fcber die Sinnhaftigkeit. Trotz unterschiedlicher Auffassung \u00fcber den richtigen Ort stimmte schlie\u00dflich eine Mehrheit f\u00fcr diesen Antrag. <strong>Fahrradfahrende werden bald direkt vor dem Caf\u00e9 Merlin und in zentraler Lage zum B\u00fcrgerhaus Abstellm\u00f6glichkeiten f\u00fcr ihr Fahrr\u00e4der vorfinden<\/strong>. Diese k\u00f6nnen dann sinnvoll geparkt und sicher angeschlossen werden. Dass dabei einer von \u00fcber 35 PKW-Abstellpl\u00e4tzen (weitere 40 Pl\u00e4tze befinden sich in der Tiefgarage) rund um das B\u00fcrgerhaus verloren geht, hielten sowohl Gemeinder\u00e4te als auch unser B\u00fcrgermeister Herr Paulowitsch f\u00fcr vertretbar. Ein wichtiges und zukunftsgerichtetes Zeichen!<\/p>\n\n\n\n<p>Wir w\u00fcnschen allen in Kernen Wohnenden eine frohe Weihnachtszeit und kommen Sie gut ins Neue Jahr.<\/p>\n\n\n\n<p>Ihre OGL-Fraktion<\/p>\n","protected":false},"excerpt":{"rendered":"<p>Ein B\u00fcrgerhaus mit gut frequentiertem Caf\u00e9 ohne einen einzigen Fahrradabstellplatz? Wo gibt es denn so etwas noch in der heutigen Zeit? Bei uns in Kernen zum Beispiel! Das muss sich jetzt aber mal dringend \u00e4ndern, haben wir OGLer uns gedacht und bei der Verwaltung einen Antrag zur Errichtung von Fahrradanlehnb\u00fcgeln eingereicht. Vergangenen Donnerstag wurde dann &hellip;<\/p>\n<p class=\"read-more\"> <a class=\"\" href=\"https:\/\/www.ogl-kernen.de\/?p=315\"> <span class=\"screen-reader-text\">Es tut sich was f\u00fcr Fahrradfahrende<\/span> Weiterlesen &raquo;<\/a><\/p>\n","protected":false},"author":3,"featured_media":0,"comment_status":"closed","ping_status":"closed","sticky":false,"template":"","format":"standard","meta":{"site-sidebar-layout":"default","site-content-layout":"default","ast-global-header-display":"","ast-main-header-display":"","ast-hfb-above-header-display":"","ast-hfb-below-header-display":"","ast-hfb-mobile-header-display":"","site-post-title":"","ast-breadcrumbs-content":"","ast-featured-img":"","footer-sml-layout":"","theme-transparent-header-meta":"","adv-header-id-meta":"","stick-header-meta":"","header-above-stick-meta":"","header-main-stick-meta":"","header-below-stick-meta":"","footnotes":""},"categories":[1],"tags":[],"class_list":["post-315","post","type-post","status-publish","format-standard","hentry","category-allgemein"],"yoast_head":"<!-- This site is optimized with the Yoast SEO plugin v22.2 - https:\/\/yoast.com\/wordpress\/plugins\/seo\/ -->\n<title>Es tut sich was f\u00fcr Fahrradfahrende - OGL Kernen<\/title>\n<meta name=\"robots\" content=\"index, follow, max-snippet:-1, max-image-preview:large, max-video-preview:-1\" \/>\n<link rel=\"canonical\" href=\"https:\/\/www.ogl-kernen.de\/?p=315\" \/>\n<meta property=\"og:locale\" content=\"de_DE\" \/>\n<meta property=\"og:type\" content=\"article\" \/>\n<meta property=\"og:title\" content=\"Es tut sich was f\u00fcr Fahrradfahrende - OGL Kernen\" \/>\n<meta property=\"og:description\" content=\"Ein B\u00fcrgerhaus mit gut frequentiertem Caf\u00e9 ohne einen einzigen Fahrradabstellplatz? Wo gibt es denn so etwas noch in der heutigen Zeit? Bei uns in Kernen zum Beispiel! Das muss sich jetzt aber mal dringend \u00e4ndern, haben wir OGLer uns gedacht und bei der Verwaltung einen Antrag zur Errichtung von Fahrradanlehnb\u00fcgeln eingereicht. Vergangenen Donnerstag wurde dann &hellip; Es tut sich was f\u00fcr Fahrradfahrende Weiterlesen &raquo;\" \/>\n<meta property=\"og:url\" content=\"https:\/\/www.ogl-kernen.de\/?p=315\" \/>\n<meta property=\"og:site_name\" content=\"OGL Kernen\" \/>\n<meta property=\"article:published_time\" content=\"2022-12-22T14:54:23+00:00\" \/>\n<meta property=\"article:modified_time\" content=\"2022-12-22T14:54:51+00:00\" \/>\n<meta name=\"author\" content=\"Matthias Kramer\" \/>\n<meta name=\"twitter:card\" content=\"summary_large_image\" \/>\n<meta name=\"twitter:label1\" content=\"Verfasst von\" \/>\n\t<meta name=\"twitter:data1\" content=\"Matthias Kramer\" \/>\n\t<meta name=\"twitter:label2\" content=\"Gesch\u00e4tzte Lesezeit\" \/>\n\t<meta name=\"twitter:data2\" content=\"1\u00a0Minute\" \/>\n<script type=\"application\/ld+json\" class=\"yoast-schema-graph\">{\"@context\":\"https:\/\/schema.org\",\"@graph\":[{\"@type\":\"Article\",\"@id\":\"https:\/\/www.ogl-kernen.de\/?p=315#article\",\"isPartOf\":{\"@id\":\"https:\/\/www.ogl-kernen.de\/?p=315\"},\"author\":{\"name\":\"Matthias Kramer\",\"@id\":\"https:\/\/www.ogl-kernen.de\/#\/schema\/person\/92d45b78564a61718a56f762c5c32250\"},\"headline\":\"Es tut sich was f\u00fcr Fahrradfahrende\",\"datePublished\":\"2022-12-22T14:54:23+00:00\",\"dateModified\":\"2022-12-22T14:54:51+00:00\",\"mainEntityOfPage\":{\"@id\":\"https:\/\/www.ogl-kernen.de\/?p=315\"},\"wordCount\":188,\"publisher\":{\"@id\":\"https:\/\/www.ogl-kernen.de\/#organization\"},\"inLanguage\":\"de\"},{\"@type\":\"WebPage\",\"@id\":\"https:\/\/www.ogl-kernen.de\/?p=315\",\"url\":\"https:\/\/www.ogl-kernen.de\/?p=315\",\"name\":\"Es tut sich was f\u00fcr Fahrradfahrende - OGL Kernen\",\"isPartOf\":{\"@id\":\"https:\/\/www.ogl-kernen.de\/#website\"},\"datePublished\":\"2022-12-22T14:54:23+00:00\",\"dateModified\":\"2022-12-22T14:54:51+00:00\",\"breadcrumb\":{\"@id\":\"https:\/\/www.ogl-kernen.de\/?p=315#breadcrumb\"},\"inLanguage\":\"de\",\"potentialAction\":[{\"@type\":\"ReadAction\",\"target\":[\"https:\/\/www.ogl-kernen.de\/?p=315\"]}]},{\"@type\":\"BreadcrumbList\",\"@id\":\"https:\/\/www.ogl-kernen.de\/?p=315#breadcrumb\",\"itemListElement\":[{\"@type\":\"ListItem\",\"position\":1,\"name\":\"Startseite\",\"item\":\"https:\/\/www.ogl-kernen.de\/\"},{\"@type\":\"ListItem\",\"position\":2,\"name\":\"Es tut sich was f\u00fcr Fahrradfahrende\"}]},{\"@type\":\"WebSite\",\"@id\":\"https:\/\/www.ogl-kernen.de\/#website\",\"url\":\"https:\/\/www.ogl-kernen.de\/\",\"name\":\"OGL Kernen\",\"description\":\"nachhaltig - sozial - weltoffen\",\"publisher\":{\"@id\":\"https:\/\/www.ogl-kernen.de\/#organization\"},\"potentialAction\":[{\"@type\":\"SearchAction\",\"target\":{\"@type\":\"EntryPoint\",\"urlTemplate\":\"https:\/\/www.ogl-kernen.de\/?s={search_term_string}\"},\"query-input\":\"required name=search_term_string\"}],\"inLanguage\":\"de\"},{\"@type\":\"Organization\",\"@id\":\"https:\/\/www.ogl-kernen.de\/#organization\",\"name\":\"OGL Kernen\",\"url\":\"https:\/\/www.ogl-kernen.de\/\",\"logo\":{\"@type\":\"ImageObject\",\"inLanguage\":\"de\",\"@id\":\"https:\/\/www.ogl-kernen.de\/#\/schema\/logo\/image\/\",\"url\":\"https:\/\/www.ogl-kernen.de\/test\/wp-content\/uploads\/2021\/05\/cropped-Logo-ow-scaled-1.jpg\",\"contentUrl\":\"https:\/\/www.ogl-kernen.de\/test\/wp-content\/uploads\/2021\/05\/cropped-Logo-ow-scaled-1.jpg\",\"width\":2560,\"height\":478,\"caption\":\"OGL Kernen\"},\"image\":{\"@id\":\"https:\/\/www.ogl-kernen.de\/#\/schema\/logo\/image\/\"},\"sameAs\":[\"https:\/\/www.instagram.com\/ogl_kernen\/\"]},{\"@type\":\"Person\",\"@id\":\"https:\/\/www.ogl-kernen.de\/#\/schema\/person\/92d45b78564a61718a56f762c5c32250\",\"name\":\"Matthias Kramer\",\"image\":{\"@type\":\"ImageObject\",\"inLanguage\":\"de\",\"@id\":\"https:\/\/www.ogl-kernen.de\/#\/schema\/person\/image\/\",\"url\":\"https:\/\/secure.gravatar.com\/avatar\/eca732170f439564e0de7ff140dc083abd1fcf055dfd83a8985c214a6afa79c9?s=96&d=mm&r=g\",\"contentUrl\":\"https:\/\/secure.gravatar.com\/avatar\/eca732170f439564e0de7ff140dc083abd1fcf055dfd83a8985c214a6afa79c9?s=96&d=mm&r=g\",\"caption\":\"Matthias Kramer\"},\"url\":\"https:\/\/www.ogl-kernen.de\/?author=3\"}]}<\/script>\n<!-- \/ Yoast SEO plugin. -->","yoast_head_json":{"title":"Es tut sich was f\u00fcr Fahrradfahrende - OGL Kernen","robots":{"index":"index","follow":"follow","max-snippet":"max-snippet:-1","max-image-preview":"max-image-preview:large","max-video-preview":"max-video-preview:-1"},"canonical":"https:\/\/www.ogl-kernen.de\/?p=315","og_locale":"de_DE","og_type":"article","og_title":"Es tut sich was f\u00fcr Fahrradfahrende - OGL Kernen","og_description":"Ein B\u00fcrgerhaus mit gut frequentiertem Caf\u00e9 ohne einen einzigen Fahrradabstellplatz? Wo gibt es denn so etwas noch in der heutigen Zeit? Bei uns in Kernen zum Beispiel! Das muss sich jetzt aber mal dringend \u00e4ndern, haben wir OGLer uns gedacht und bei der Verwaltung einen Antrag zur Errichtung von Fahrradanlehnb\u00fcgeln eingereicht. Vergangenen Donnerstag wurde dann &hellip; Es tut sich was f\u00fcr Fahrradfahrende Weiterlesen &raquo;","og_url":"https:\/\/www.ogl-kernen.de\/?p=315","og_site_name":"OGL Kernen","article_published_time":"2022-12-22T14:54:23+00:00","article_modified_time":"2022-12-22T14:54:51+00:00","author":"Matthias Kramer","twitter_card":"summary_large_image","twitter_misc":{"Verfasst von":"Matthias Kramer","Gesch\u00e4tzte Lesezeit":"1\u00a0Minute"},"schema":{"@context":"https:\/\/schema.org","@graph":[{"@type":"Article","@id":"https:\/\/www.ogl-kernen.de\/?p=315#article","isPartOf":{"@id":"https:\/\/www.ogl-kernen.de\/?p=315"},"author":{"name":"Matthias Kramer","@id":"https:\/\/www.ogl-kernen.de\/#\/schema\/person\/92d45b78564a61718a56f762c5c32250"},"headline":"Es tut sich was f\u00fcr Fahrradfahrende","datePublished":"2022-12-22T14:54:23+00:00","dateModified":"2022-12-22T14:54:51+00:00","mainEntityOfPage":{"@id":"https:\/\/www.ogl-kernen.de\/?p=315"},"wordCount":188,"publisher":{"@id":"https:\/\/www.ogl-kernen.de\/#organization"},"inLanguage":"de"},{"@type":"WebPage","@id":"https:\/\/www.ogl-kernen.de\/?p=315","url":"https:\/\/www.ogl-kernen.de\/?p=315","name":"Es tut sich was f\u00fcr Fahrradfahrende - OGL Kernen","isPartOf":{"@id":"https:\/\/www.ogl-kernen.de\/#website"},"datePublished":"2022-12-22T14:54:23+00:00","dateModified":"2022-12-22T14:54:51+00:00","breadcrumb":{"@id":"https:\/\/www.ogl-kernen.de\/?p=315#breadcrumb"},"inLanguage":"de","potentialAction":[{"@type":"ReadAction","target":["https:\/\/www.ogl-kernen.de\/?p=315"]}]},{"@type":"BreadcrumbList","@id":"https:\/\/www.ogl-kernen.de\/?p=315#breadcrumb","itemListElement":[{"@type":"ListItem","position":1,"name":"Startseite","item":"https:\/\/www.ogl-kernen.de\/"},{"@type":"ListItem","position":2,"name":"Es tut sich was f\u00fcr Fahrradfahrende"}]},{"@type":"WebSite","@id":"https:\/\/www.ogl-kernen.de\/#website","url":"https:\/\/www.ogl-kernen.de\/","name":"OGL Kernen","description":"nachhaltig - sozial - weltoffen","publisher":{"@id":"https:\/\/www.ogl-kernen.de\/#organization"},"potentialAction":[{"@type":"SearchAction","target":{"@type":"EntryPoint","urlTemplate":"https:\/\/www.ogl-kernen.de\/?s={search_term_string}"},"query-input":"required name=search_term_string"}],"inLanguage":"de"},{"@type":"Organization","@id":"https:\/\/www.ogl-kernen.de\/#organization","name":"OGL Kernen","url":"https:\/\/www.ogl-kernen.de\/","logo":{"@type":"ImageObject","inLanguage":"de","@id":"https:\/\/www.ogl-kernen.de\/#\/schema\/logo\/image\/","url":"https:\/\/www.ogl-kernen.de\/test\/wp-content\/uploads\/2021\/05\/cropped-Logo-ow-scaled-1.jpg","contentUrl":"https:\/\/www.ogl-kernen.de\/test\/wp-content\/uploads\/2021\/05\/cropped-Logo-ow-scaled-1.jpg","width":2560,"height":478,"caption":"OGL Kernen"},"image":{"@id":"https:\/\/www.ogl-kernen.de\/#\/schema\/logo\/image\/"},"sameAs":["https:\/\/www.instagram.com\/ogl_kernen\/"]},{"@type":"Person","@id":"https:\/\/www.ogl-kernen.de\/#\/schema\/person\/92d45b78564a61718a56f762c5c32250","name":"Matthias Kramer","image":{"@type":"ImageObject","inLanguage":"de","@id":"https:\/\/www.ogl-kernen.de\/#\/schema\/person\/image\/","url":"https:\/\/secure.gravatar.com\/avatar\/eca732170f439564e0de7ff140dc083abd1fcf055dfd83a8985c214a6afa79c9?s=96&d=mm&r=g","contentUrl":"https:\/\/secure.gravatar.com\/avatar\/eca732170f439564e0de7ff140dc083abd1fcf055dfd83a8985c214a6afa79c9?s=96&d=mm&r=g","caption":"Matthias Kramer"},"url":"https:\/\/www.ogl-kernen.de\/?author=3"}]}},"_links":{"self":[{"href":"https:\/\/www.ogl-kernen.de\/index.php?rest_route=\/wp\/v2\/posts\/315","targetHints":{"allow":["GET"]}}],"collection":[{"href":"https:\/\/www.ogl-kernen.de\/index.php?rest_route=\/wp\/v2\/posts"}],"about":[{"href":"https:\/\/www.ogl-kernen.de\/index.php?rest_route=\/wp\/v2\/types\/post"}],"author":[{"embeddable":true,"href":"https:\/\/www.ogl-kernen.de\/index.php?rest_route=\/wp\/v2\/users\/3"}],"replies":[{"embeddable":true,"href":"https:\/\/www.ogl-kernen.de\/index.php?rest_route=%2Fwp%2Fv2%2Fcomments&post=315"}],"version-history":[{"count":1,"href":"https:\/\/www.ogl-kernen.de\/index.php?rest_route=\/wp\/v2\/posts\/315\/revisions"}],"predecessor-version":[{"id":318,"href":"https:\/\/www.ogl-kernen.de\/index.php?rest_route=\/wp\/v2\/posts\/315\/revisions\/318"}],"wp:attachment":[{"href":"https:\/\/www.ogl-kernen.de\/index.php?rest_route=%2Fwp%2Fv2%2Fmedia&parent=315"}],"wp:term":[{"taxonomy":"category","embeddable":true,"href":"https:\/\/www.ogl-kernen.de\/index.php?rest_route=%2Fwp%2Fv2%2Fcategories&post=315"},{"taxonomy":"post_tag","embeddable":true,"href":"https:\/\/www.ogl-kernen.de\/index.php?rest_route=%2Fwp%2Fv2%2Ftags&post=315"}],"curies":[{"name":"wp","href":"https:\/\/api.w.org\/{rel}","templated":true}]}}