{"id":307,"date":"2022-11-03T18:13:18","date_gmt":"2022-11-03T17:13:18","guid":{"rendered":"https:\/\/www.ogl-kernen.de\/?p=307"},"modified":"2022-12-22T15:53:50","modified_gmt":"2022-12-22T14:53:50","slug":"jahreshauptversammlung-der-offenen-gruenen-liste-kernen-3","status":"publish","type":"post","link":"https:\/\/www.ogl-kernen.de\/?p=307","title":{"rendered":"Jahreshauptversammlung der Offenen Gr\u00fcnen Liste Kernen"},"content":{"rendered":"\n<p><strong>Wann<\/strong>: 18.November 2022 um 19 Uhr<\/p>\n\n\n\n<p><strong>Wo<\/strong>: Begegnungsst\u00e4tte in Stetten, St.-Pierre-Platz 3<\/p>\n\n\n\n<p><strong>Tagesordnung<\/strong>:<\/p>\n\n\n\n<ul class=\"wp-block-list\">\n<li>Begr\u00fc\u00dfung<\/li>\n\n\n\n<li>Bericht aus Vorstand und Beirat<\/li>\n\n\n\n<li>Bericht des Schatzmeisters und der Kassenpr\u00fcfer<\/li>\n\n\n\n<li>Entlastungen<\/li>\n\n\n\n<li>Mitgliedsbeitr\u00e4ge<\/li>\n\n\n\n<li>Bericht aus dem Gemeinderat<\/li>\n\n\n\n<li>GEK<\/li>\n\n\n\n<li>Jahresplanung 2023<\/li>\n\n\n\n<li>Verschiedenes<\/li>\n<\/ul>\n\n\n\n<p>Erg\u00e4nzungen zur Tagesordnung k\u00f6nnen gerne noch den Vorstandsmitgliedern Jacqueline Gerhardt, Peter Haas und Matthias Kramer mitgeteilt werden. Wir freuen uns auf eine zahlreiche Teilnahme der Mitglieder, Freunde und sonstigen Interessierten.<\/p>\n\n\n\n<p>OGL Kernen<\/p>\n","protected":false},"excerpt":{"rendered":"<p>Wann: 18.November 2022 um 19 Uhr Wo: Begegnungsst\u00e4tte in Stetten, St.-Pierre-Platz 3 Tagesordnung: Erg\u00e4nzungen zur Tagesordnung k\u00f6nnen gerne noch den Vorstandsmitgliedern Jacqueline Gerhardt, Peter Haas und Matthias Kramer mitgeteilt werden. Wir freuen uns auf eine zahlreiche Teilnahme der Mitglieder, Freunde und sonstigen Interessierten. OGL Kernen<\/p>\n","protected":false},"author":9,"featured_media":0,"comment_status":"closed","ping_status":"closed","sticky":false,"template":"","format":"standard","meta":{"site-sidebar-layout":"default","site-content-layout":"default","ast-global-header-display":"","ast-main-header-display":"","ast-hfb-above-header-display":"","ast-hfb-below-header-display":"","ast-hfb-mobile-header-display":"","site-post-title":"","ast-breadcrumbs-content":"","ast-featured-img":"","footer-sml-layout":"","theme-transparent-header-meta":"","adv-header-id-meta":"","stick-header-meta":"","header-above-stick-meta":"","header-main-stick-meta":"","header-below-stick-meta":"","footnotes":""},"categories":[1],"tags":[38],"class_list":["post-307","post","type-post","status-publish","format-standard","hentry","category-allgemein","tag-jahreshauptversammlung"],"yoast_head":"<!-- This site is optimized with the Yoast SEO plugin v22.2 - https:\/\/yoast.com\/wordpress\/plugins\/seo\/ -->\n<title>Jahreshauptversammlung der Offenen Gr\u00fcnen Liste Kernen - OGL Kernen<\/title>\n<meta name=\"robots\" content=\"index, follow, max-snippet:-1, max-image-preview:large, max-video-preview:-1\" \/>\n<link rel=\"canonical\" href=\"https:\/\/www.ogl-kernen.de\/?p=307\" \/>\n<meta property=\"og:locale\" content=\"de_DE\" \/>\n<meta property=\"og:type\" content=\"article\" \/>\n<meta property=\"og:title\" content=\"Jahreshauptversammlung der Offenen Gr\u00fcnen Liste Kernen - OGL Kernen\" \/>\n<meta property=\"og:description\" content=\"Wann: 18.November 2022 um 19 Uhr Wo: Begegnungsst\u00e4tte in Stetten, St.-Pierre-Platz 3 Tagesordnung: Erg\u00e4nzungen zur Tagesordnung k\u00f6nnen gerne noch den Vorstandsmitgliedern Jacqueline Gerhardt, Peter Haas und Matthias Kramer mitgeteilt werden. Wir freuen uns auf eine zahlreiche Teilnahme der Mitglieder, Freunde und sonstigen Interessierten. OGL Kernen\" \/>\n<meta property=\"og:url\" content=\"https:\/\/www.ogl-kernen.de\/?p=307\" \/>\n<meta property=\"og:site_name\" content=\"OGL Kernen\" \/>\n<meta property=\"article:published_time\" content=\"2022-11-03T17:13:18+00:00\" \/>\n<meta property=\"article:modified_time\" content=\"2022-12-22T14:53:50+00:00\" \/>\n<meta name=\"author\" content=\"OGL\" \/>\n<meta name=\"twitter:card\" content=\"summary_large_image\" \/>\n<meta name=\"twitter:label1\" content=\"Verfasst von\" \/>\n\t<meta name=\"twitter:data1\" content=\"OGL\" \/>\n<script type=\"application\/ld+json\" class=\"yoast-schema-graph\">{\"@context\":\"https:\/\/schema.org\",\"@graph\":[{\"@type\":\"Article\",\"@id\":\"https:\/\/www.ogl-kernen.de\/?p=307#article\",\"isPartOf\":{\"@id\":\"https:\/\/www.ogl-kernen.de\/?p=307\"},\"author\":{\"name\":\"OGL\",\"@id\":\"https:\/\/www.ogl-kernen.de\/#\/schema\/person\/8828a6a298bdd9f24dedf6bd48031fb6\"},\"headline\":\"Jahreshauptversammlung der Offenen Gr\u00fcnen Liste Kernen\",\"datePublished\":\"2022-11-03T17:13:18+00:00\",\"dateModified\":\"2022-12-22T14:53:50+00:00\",\"mainEntityOfPage\":{\"@id\":\"https:\/\/www.ogl-kernen.de\/?p=307\"},\"wordCount\":77,\"publisher\":{\"@id\":\"https:\/\/www.ogl-kernen.de\/#organization\"},\"keywords\":[\"Jahreshauptversammlung\"],\"inLanguage\":\"de\"},{\"@type\":\"WebPage\",\"@id\":\"https:\/\/www.ogl-kernen.de\/?p=307\",\"url\":\"https:\/\/www.ogl-kernen.de\/?p=307\",\"name\":\"Jahreshauptversammlung der Offenen Gr\u00fcnen Liste Kernen - OGL Kernen\",\"isPartOf\":{\"@id\":\"https:\/\/www.ogl-kernen.de\/#website\"},\"datePublished\":\"2022-11-03T17:13:18+00:00\",\"dateModified\":\"2022-12-22T14:53:50+00:00\",\"breadcrumb\":{\"@id\":\"https:\/\/www.ogl-kernen.de\/?p=307#breadcrumb\"},\"inLanguage\":\"de\",\"potentialAction\":[{\"@type\":\"ReadAction\",\"target\":[\"https:\/\/www.ogl-kernen.de\/?p=307\"]}]},{\"@type\":\"BreadcrumbList\",\"@id\":\"https:\/\/www.ogl-kernen.de\/?p=307#breadcrumb\",\"itemListElement\":[{\"@type\":\"ListItem\",\"position\":1,\"name\":\"Startseite\",\"item\":\"https:\/\/www.ogl-kernen.de\/\"},{\"@type\":\"ListItem\",\"position\":2,\"name\":\"Jahreshauptversammlung der Offenen Gr\u00fcnen Liste Kernen\"}]},{\"@type\":\"WebSite\",\"@id\":\"https:\/\/www.ogl-kernen.de\/#website\",\"url\":\"https:\/\/www.ogl-kernen.de\/\",\"name\":\"OGL Kernen\",\"description\":\"nachhaltig - sozial - weltoffen\",\"publisher\":{\"@id\":\"https:\/\/www.ogl-kernen.de\/#organization\"},\"potentialAction\":[{\"@type\":\"SearchAction\",\"target\":{\"@type\":\"EntryPoint\",\"urlTemplate\":\"https:\/\/www.ogl-kernen.de\/?s={search_term_string}\"},\"query-input\":\"required name=search_term_string\"}],\"inLanguage\":\"de\"},{\"@type\":\"Organization\",\"@id\":\"https:\/\/www.ogl-kernen.de\/#organization\",\"name\":\"OGL Kernen\",\"url\":\"https:\/\/www.ogl-kernen.de\/\",\"logo\":{\"@type\":\"ImageObject\",\"inLanguage\":\"de\",\"@id\":\"https:\/\/www.ogl-kernen.de\/#\/schema\/logo\/image\/\",\"url\":\"https:\/\/www.ogl-kernen.de\/test\/wp-content\/uploads\/2021\/05\/cropped-Logo-ow-scaled-1.jpg\",\"contentUrl\":\"https:\/\/www.ogl-kernen.de\/test\/wp-content\/uploads\/2021\/05\/cropped-Logo-ow-scaled-1.jpg\",\"width\":2560,\"height\":478,\"caption\":\"OGL Kernen\"},\"image\":{\"@id\":\"https:\/\/www.ogl-kernen.de\/#\/schema\/logo\/image\/\"},\"sameAs\":[\"https:\/\/www.instagram.com\/ogl_kernen\/\"]},{\"@type\":\"Person\",\"@id\":\"https:\/\/www.ogl-kernen.de\/#\/schema\/person\/8828a6a298bdd9f24dedf6bd48031fb6\",\"name\":\"OGL\",\"image\":{\"@type\":\"ImageObject\",\"inLanguage\":\"de\",\"@id\":\"https:\/\/www.ogl-kernen.de\/#\/schema\/person\/image\/\",\"url\":\"https:\/\/secure.gravatar.com\/avatar\/c6b77e0c42bf9f94c5a55dee69be82d4ff97ce1a9259b7509fb5e2e3d33a3db1?s=96&d=mm&r=g\",\"contentUrl\":\"https:\/\/secure.gravatar.com\/avatar\/c6b77e0c42bf9f94c5a55dee69be82d4ff97ce1a9259b7509fb5e2e3d33a3db1?s=96&d=mm&r=g\",\"caption\":\"OGL\"},\"url\":\"https:\/\/www.ogl-kernen.de\/?author=9\"}]}<\/script>\n<!-- \/ Yoast SEO plugin. -->","yoast_head_json":{"title":"Jahreshauptversammlung der Offenen Gr\u00fcnen Liste Kernen - OGL Kernen","robots":{"index":"index","follow":"follow","max-snippet":"max-snippet:-1","max-image-preview":"max-image-preview:large","max-video-preview":"max-video-preview:-1"},"canonical":"https:\/\/www.ogl-kernen.de\/?p=307","og_locale":"de_DE","og_type":"article","og_title":"Jahreshauptversammlung der Offenen Gr\u00fcnen Liste Kernen - OGL Kernen","og_description":"Wann: 18.November 2022 um 19 Uhr Wo: Begegnungsst\u00e4tte in Stetten, St.-Pierre-Platz 3 Tagesordnung: Erg\u00e4nzungen zur Tagesordnung k\u00f6nnen gerne noch den Vorstandsmitgliedern Jacqueline Gerhardt, Peter Haas und Matthias Kramer mitgeteilt werden. Wir freuen uns auf eine zahlreiche Teilnahme der Mitglieder, Freunde und sonstigen Interessierten. OGL Kernen","og_url":"https:\/\/www.ogl-kernen.de\/?p=307","og_site_name":"OGL Kernen","article_published_time":"2022-11-03T17:13:18+00:00","article_modified_time":"2022-12-22T14:53:50+00:00","author":"OGL","twitter_card":"summary_large_image","twitter_misc":{"Verfasst von":"OGL"},"schema":{"@context":"https:\/\/schema.org","@graph":[{"@type":"Article","@id":"https:\/\/www.ogl-kernen.de\/?p=307#article","isPartOf":{"@id":"https:\/\/www.ogl-kernen.de\/?p=307"},"author":{"name":"OGL","@id":"https:\/\/www.ogl-kernen.de\/#\/schema\/person\/8828a6a298bdd9f24dedf6bd48031fb6"},"headline":"Jahreshauptversammlung der Offenen Gr\u00fcnen Liste Kernen","datePublished":"2022-11-03T17:13:18+00:00","dateModified":"2022-12-22T14:53:50+00:00","mainEntityOfPage":{"@id":"https:\/\/www.ogl-kernen.de\/?p=307"},"wordCount":77,"publisher":{"@id":"https:\/\/www.ogl-kernen.de\/#organization"},"keywords":["Jahreshauptversammlung"],"inLanguage":"de"},{"@type":"WebPage","@id":"https:\/\/www.ogl-kernen.de\/?p=307","url":"https:\/\/www.ogl-kernen.de\/?p=307","name":"Jahreshauptversammlung der Offenen Gr\u00fcnen Liste Kernen - OGL Kernen","isPartOf":{"@id":"https:\/\/www.ogl-kernen.de\/#website"},"datePublished":"2022-11-03T17:13:18+00:00","dateModified":"2022-12-22T14:53:50+00:00","breadcrumb":{"@id":"https:\/\/www.ogl-kernen.de\/?p=307#breadcrumb"},"inLanguage":"de","potentialAction":[{"@type":"ReadAction","target":["https:\/\/www.ogl-kernen.de\/?p=307"]}]},{"@type":"BreadcrumbList","@id":"https:\/\/www.ogl-kernen.de\/?p=307#breadcrumb","itemListElement":[{"@type":"ListItem","position":1,"name":"Startseite","item":"https:\/\/www.ogl-kernen.de\/"},{"@type":"ListItem","position":2,"name":"Jahreshauptversammlung der Offenen Gr\u00fcnen Liste Kernen"}]},{"@type":"WebSite","@id":"https:\/\/www.ogl-kernen.de\/#website","url":"https:\/\/www.ogl-kernen.de\/","name":"OGL Kernen","description":"nachhaltig - sozial - weltoffen","publisher":{"@id":"https:\/\/www.ogl-kernen.de\/#organization"},"potentialAction":[{"@type":"SearchAction","target":{"@type":"EntryPoint","urlTemplate":"https:\/\/www.ogl-kernen.de\/?s={search_term_string}"},"query-input":"required name=search_term_string"}],"inLanguage":"de"},{"@type":"Organization","@id":"https:\/\/www.ogl-kernen.de\/#organization","name":"OGL Kernen","url":"https:\/\/www.ogl-kernen.de\/","logo":{"@type":"ImageObject","inLanguage":"de","@id":"https:\/\/www.ogl-kernen.de\/#\/schema\/logo\/image\/","url":"https:\/\/www.ogl-kernen.de\/test\/wp-content\/uploads\/2021\/05\/cropped-Logo-ow-scaled-1.jpg","contentUrl":"https:\/\/www.ogl-kernen.de\/test\/wp-content\/uploads\/2021\/05\/cropped-Logo-ow-scaled-1.jpg","width":2560,"height":478,"caption":"OGL Kernen"},"image":{"@id":"https:\/\/www.ogl-kernen.de\/#\/schema\/logo\/image\/"},"sameAs":["https:\/\/www.instagram.com\/ogl_kernen\/"]},{"@type":"Person","@id":"https:\/\/www.ogl-kernen.de\/#\/schema\/person\/8828a6a298bdd9f24dedf6bd48031fb6","name":"OGL","image":{"@type":"ImageObject","inLanguage":"de","@id":"https:\/\/www.ogl-kernen.de\/#\/schema\/person\/image\/","url":"https:\/\/secure.gravatar.com\/avatar\/c6b77e0c42bf9f94c5a55dee69be82d4ff97ce1a9259b7509fb5e2e3d33a3db1?s=96&d=mm&r=g","contentUrl":"https:\/\/secure.gravatar.com\/avatar\/c6b77e0c42bf9f94c5a55dee69be82d4ff97ce1a9259b7509fb5e2e3d33a3db1?s=96&d=mm&r=g","caption":"OGL"},"url":"https:\/\/www.ogl-kernen.de\/?author=9"}]}},"_links":{"self":[{"href":"https:\/\/www.ogl-kernen.de\/index.php?rest_route=\/wp\/v2\/posts\/307","targetHints":{"allow":["GET"]}}],"collection":[{"href":"https:\/\/www.ogl-kernen.de\/index.php?rest_route=\/wp\/v2\/posts"}],"about":[{"href":"https:\/\/www.ogl-kernen.de\/index.php?rest_route=\/wp\/v2\/types\/post"}],"author":[{"embeddable":true,"href":"https:\/\/www.ogl-kernen.de\/index.php?rest_route=\/wp\/v2\/users\/9"}],"replies":[{"embeddable":true,"href":"https:\/\/www.ogl-kernen.de\/index.php?rest_route=%2Fwp%2Fv2%2Fcomments&post=307"}],"version-history":[{"count":1,"href":"https:\/\/www.ogl-kernen.de\/index.php?rest_route=\/wp\/v2\/posts\/307\/revisions"}],"predecessor-version":[{"id":308,"href":"https:\/\/www.ogl-kernen.de\/index.php?rest_route=\/wp\/v2\/posts\/307\/revisions\/308"}],"wp:attachment":[{"href":"https:\/\/www.ogl-kernen.de\/index.php?rest_route=%2Fwp%2Fv2%2Fmedia&parent=307"}],"wp:term":[{"taxonomy":"category","embeddable":true,"href":"https:\/\/www.ogl-kernen.de\/index.php?rest_route=%2Fwp%2Fv2%2Fcategories&post=307"},{"taxonomy":"post_tag","embeddable":true,"href":"https:\/\/www.ogl-kernen.de\/index.php?rest_route=%2Fwp%2Fv2%2Ftags&post=307"}],"curies":[{"name":"wp","href":"https:\/\/api.w.org\/{rel}","templated":true}]}}