{"id":305,"date":"2022-11-09T18:08:36","date_gmt":"2022-11-09T17:08:36","guid":{"rendered":"https:\/\/www.ogl-kernen.de\/?p=305"},"modified":"2022-11-16T18:11:17","modified_gmt":"2022-11-16T17:11:17","slug":"hoehere-gebuehren-fuer-die-kinderbetreuung","status":"publish","type":"post","link":"https:\/\/www.ogl-kernen.de\/?p=305","title":{"rendered":"H\u00f6here Geb\u00fchren f\u00fcr die Kinderbetreuung (?)"},"content":{"rendered":"\n<p>Der Gemeinderat hat in der Sitzung Ende Oktober \u00fcber die Erh\u00f6hung der Geb\u00fchren f\u00fcr die Kinderbetreuung bei uns in Kernen debattiert. F\u00fcr alle Beteiligten ein schwieriges Thema. <strong>Einerseits w\u00fcrden wir es als OGL begr\u00fc\u00dfen, wenn Kinderbetreuung prinzipiell kostenlos w\u00e4re, andererseits ist dies aber ohne zus\u00e4tzliche Unterst\u00fctzung durch das Land oder den Bund nicht m\u00f6glich.<\/strong><\/p>\n\n\n\n<p><strong>Kernen ist in der Betreuung von Kleinkindern sehr gut aufgestellt.<\/strong> Die Betreuungsw\u00fcnsche der Eltern k\u00f6nnen meist erf\u00fcllt werden. Auch die Qualit\u00e4t der Betreuung ist \u00fcberdurchschnittlich gut. Das alles hat seinen Preis. Die Landesrichts\u00e4tze empfehlen den Kommunen, einen Deckungsgrad von 20 Prozent bei den Kosten f\u00fcr die Kinderbetreuung zu erreichen. Bei j\u00e4hrlich etwa vier Millionen Euro Ausgaben f\u00fcr die Betreuung von Kindern, die noch nicht in die Schule gehen, sollte die Gemeinde circa 800.000 Euro durch Geb\u00fchren einnehmen. Von diesem Betrag ist Kernen nicht weit entfernt. Bei diesen Betreuungskosten sind aber unter anderem die Kosten f\u00fcr Geb\u00e4ude nicht enthalten. Der Umbau und die Erweiterung des Kindergartens Pezzetino in der Blumenstra\u00dfe hat zum Beispiel vier Millionen Euro gekostet. Sicherlich, die Kinderbetreuung geh\u00f6rt zu den Pflichtaufgaben einer Kommune und es geht um unsere Kinder. Aber es sollte auch allen bewusst sein, wieviel Aufwand dahinter steckt. <strong>Und so kann man durchaus die Meinung vertreten, dass den Eltern eine gute Betreuung auch etwas wert sein sollte<\/strong>. Wir OGLer haben in der Vergangenheit immer wieder angeregt, die Betreuung noch mehr von den Einkommensverh\u00e4ltnissen der Eltern abh\u00e4ngig zu machen. Insbesondere bei den Besserverdienenden sehen wir noch Potential, <strong>solidarisch Geringverdienende zu entlasten<\/strong>. Und so begr\u00fc\u00dfen wir es auch, dass die Verwaltung die Satzung f\u00fcr Kinderbetreuung im n\u00e4chsten Jahr \u00fcberarbeiten will. Das Ziel soll mehr <strong>Einfachheit, Transparenz und Gerechtigkeit<\/strong> sein. Sicherlich kein einfaches Unterfangen.<\/p>\n\n\n\n<p>Bei der von der Verwaltung vorgeschlagenen (moderarten) Geb\u00fchrenerh\u00f6hung haben wir von der OGL es uns \u00fcbrigens nicht leicht gemacht. Jede und jeder musste abw\u00e4gen und eine eigene Entscheidung treffen. Ergebnis: Zwei Stimmen gegen, eine f\u00fcr die Geb\u00fchrenerh\u00f6hung, und eine Enthaltung. Und dieses unterschiedliche Abstimmungsverhalten war im Hinblick auf die geplante \u00dcberarbeitung der Geb\u00fchrensatzung f\u00fcr uns auch so in Ordnung.<\/p>\n\n\n\n<p>Wie h\u00e4tten Sie abgestimmt?<\/p>\n\n\n\n<p>Matthias Kramer<\/p>\n","protected":false},"excerpt":{"rendered":"<p>Der Gemeinderat hat in der Sitzung Ende Oktober \u00fcber die Erh\u00f6hung der Geb\u00fchren f\u00fcr die Kinderbetreuung bei uns in Kernen debattiert. F\u00fcr alle Beteiligten ein schwieriges Thema. Einerseits w\u00fcrden wir es als OGL begr\u00fc\u00dfen, wenn Kinderbetreuung prinzipiell kostenlos w\u00e4re, andererseits ist dies aber ohne zus\u00e4tzliche Unterst\u00fctzung durch das Land oder den Bund nicht m\u00f6glich. Kernen &hellip;<\/p>\n<p class=\"read-more\"> <a class=\"\" href=\"https:\/\/www.ogl-kernen.de\/?p=305\"> <span class=\"screen-reader-text\">H\u00f6here Geb\u00fchren f\u00fcr die Kinderbetreuung (?)<\/span> Weiterlesen &raquo;<\/a><\/p>\n","protected":false},"author":3,"featured_media":0,"comment_status":"closed","ping_status":"closed","sticky":false,"template":"","format":"standard","meta":{"site-sidebar-layout":"default","site-content-layout":"default","ast-global-header-display":"","ast-main-header-display":"","ast-hfb-above-header-display":"","ast-hfb-below-header-display":"","ast-hfb-mobile-header-display":"","site-post-title":"","ast-breadcrumbs-content":"","ast-featured-img":"","footer-sml-layout":"","theme-transparent-header-meta":"","adv-header-id-meta":"","stick-header-meta":"","header-above-stick-meta":"","header-main-stick-meta":"","header-below-stick-meta":"","footnotes":""},"categories":[4],"tags":[83],"class_list":["post-305","post","type-post","status-publish","format-standard","hentry","category-fraktion","tag-kindergarten"],"yoast_head":"<!-- This site is optimized with the Yoast SEO plugin v22.2 - https:\/\/yoast.com\/wordpress\/plugins\/seo\/ -->\n<title>H\u00f6here Geb\u00fchren f\u00fcr die Kinderbetreuung (?) - OGL Kernen<\/title>\n<meta name=\"robots\" content=\"index, follow, max-snippet:-1, max-image-preview:large, max-video-preview:-1\" \/>\n<link rel=\"canonical\" href=\"https:\/\/www.ogl-kernen.de\/?p=305\" \/>\n<meta property=\"og:locale\" content=\"de_DE\" \/>\n<meta property=\"og:type\" content=\"article\" \/>\n<meta property=\"og:title\" content=\"H\u00f6here Geb\u00fchren f\u00fcr die Kinderbetreuung (?) - OGL Kernen\" \/>\n<meta property=\"og:description\" content=\"Der Gemeinderat hat in der Sitzung Ende Oktober \u00fcber die Erh\u00f6hung der Geb\u00fchren f\u00fcr die Kinderbetreuung bei uns in Kernen debattiert. F\u00fcr alle Beteiligten ein schwieriges Thema. Einerseits w\u00fcrden wir es als OGL begr\u00fc\u00dfen, wenn Kinderbetreuung prinzipiell kostenlos w\u00e4re, andererseits ist dies aber ohne zus\u00e4tzliche Unterst\u00fctzung durch das Land oder den Bund nicht m\u00f6glich. Kernen &hellip; H\u00f6here Geb\u00fchren f\u00fcr die Kinderbetreuung (?) Weiterlesen &raquo;\" \/>\n<meta property=\"og:url\" content=\"https:\/\/www.ogl-kernen.de\/?p=305\" \/>\n<meta property=\"og:site_name\" content=\"OGL Kernen\" \/>\n<meta property=\"article:published_time\" content=\"2022-11-09T17:08:36+00:00\" \/>\n<meta property=\"article:modified_time\" content=\"2022-11-16T17:11:17+00:00\" \/>\n<meta name=\"author\" content=\"Matthias Kramer\" \/>\n<meta name=\"twitter:card\" content=\"summary_large_image\" \/>\n<meta name=\"twitter:label1\" content=\"Verfasst von\" \/>\n\t<meta name=\"twitter:data1\" content=\"Matthias Kramer\" \/>\n\t<meta name=\"twitter:label2\" content=\"Gesch\u00e4tzte Lesezeit\" \/>\n\t<meta name=\"twitter:data2\" content=\"2\u00a0Minuten\" \/>\n<script type=\"application\/ld+json\" class=\"yoast-schema-graph\">{\"@context\":\"https:\/\/schema.org\",\"@graph\":[{\"@type\":\"Article\",\"@id\":\"https:\/\/www.ogl-kernen.de\/?p=305#article\",\"isPartOf\":{\"@id\":\"https:\/\/www.ogl-kernen.de\/?p=305\"},\"author\":{\"name\":\"Matthias Kramer\",\"@id\":\"https:\/\/www.ogl-kernen.de\/#\/schema\/person\/92d45b78564a61718a56f762c5c32250\"},\"headline\":\"H\u00f6here Geb\u00fchren f\u00fcr die Kinderbetreuung (?)\",\"datePublished\":\"2022-11-09T17:08:36+00:00\",\"dateModified\":\"2022-11-16T17:11:17+00:00\",\"mainEntityOfPage\":{\"@id\":\"https:\/\/www.ogl-kernen.de\/?p=305\"},\"wordCount\":387,\"publisher\":{\"@id\":\"https:\/\/www.ogl-kernen.de\/#organization\"},\"keywords\":[\"Kindergarten\"],\"articleSection\":[\"Fraktion\"],\"inLanguage\":\"de\"},{\"@type\":\"WebPage\",\"@id\":\"https:\/\/www.ogl-kernen.de\/?p=305\",\"url\":\"https:\/\/www.ogl-kernen.de\/?p=305\",\"name\":\"H\u00f6here Geb\u00fchren f\u00fcr die Kinderbetreuung (?) - OGL Kernen\",\"isPartOf\":{\"@id\":\"https:\/\/www.ogl-kernen.de\/#website\"},\"datePublished\":\"2022-11-09T17:08:36+00:00\",\"dateModified\":\"2022-11-16T17:11:17+00:00\",\"breadcrumb\":{\"@id\":\"https:\/\/www.ogl-kernen.de\/?p=305#breadcrumb\"},\"inLanguage\":\"de\",\"potentialAction\":[{\"@type\":\"ReadAction\",\"target\":[\"https:\/\/www.ogl-kernen.de\/?p=305\"]}]},{\"@type\":\"BreadcrumbList\",\"@id\":\"https:\/\/www.ogl-kernen.de\/?p=305#breadcrumb\",\"itemListElement\":[{\"@type\":\"ListItem\",\"position\":1,\"name\":\"Startseite\",\"item\":\"https:\/\/www.ogl-kernen.de\/\"},{\"@type\":\"ListItem\",\"position\":2,\"name\":\"H\u00f6here Geb\u00fchren f\u00fcr die Kinderbetreuung (?)\"}]},{\"@type\":\"WebSite\",\"@id\":\"https:\/\/www.ogl-kernen.de\/#website\",\"url\":\"https:\/\/www.ogl-kernen.de\/\",\"name\":\"OGL Kernen\",\"description\":\"nachhaltig - sozial - weltoffen\",\"publisher\":{\"@id\":\"https:\/\/www.ogl-kernen.de\/#organization\"},\"potentialAction\":[{\"@type\":\"SearchAction\",\"target\":{\"@type\":\"EntryPoint\",\"urlTemplate\":\"https:\/\/www.ogl-kernen.de\/?s={search_term_string}\"},\"query-input\":\"required name=search_term_string\"}],\"inLanguage\":\"de\"},{\"@type\":\"Organization\",\"@id\":\"https:\/\/www.ogl-kernen.de\/#organization\",\"name\":\"OGL Kernen\",\"url\":\"https:\/\/www.ogl-kernen.de\/\",\"logo\":{\"@type\":\"ImageObject\",\"inLanguage\":\"de\",\"@id\":\"https:\/\/www.ogl-kernen.de\/#\/schema\/logo\/image\/\",\"url\":\"https:\/\/www.ogl-kernen.de\/test\/wp-content\/uploads\/2021\/05\/cropped-Logo-ow-scaled-1.jpg\",\"contentUrl\":\"https:\/\/www.ogl-kernen.de\/test\/wp-content\/uploads\/2021\/05\/cropped-Logo-ow-scaled-1.jpg\",\"width\":2560,\"height\":478,\"caption\":\"OGL Kernen\"},\"image\":{\"@id\":\"https:\/\/www.ogl-kernen.de\/#\/schema\/logo\/image\/\"},\"sameAs\":[\"https:\/\/www.instagram.com\/ogl_kernen\/\"]},{\"@type\":\"Person\",\"@id\":\"https:\/\/www.ogl-kernen.de\/#\/schema\/person\/92d45b78564a61718a56f762c5c32250\",\"name\":\"Matthias Kramer\",\"image\":{\"@type\":\"ImageObject\",\"inLanguage\":\"de\",\"@id\":\"https:\/\/www.ogl-kernen.de\/#\/schema\/person\/image\/\",\"url\":\"https:\/\/secure.gravatar.com\/avatar\/eca732170f439564e0de7ff140dc083abd1fcf055dfd83a8985c214a6afa79c9?s=96&d=mm&r=g\",\"contentUrl\":\"https:\/\/secure.gravatar.com\/avatar\/eca732170f439564e0de7ff140dc083abd1fcf055dfd83a8985c214a6afa79c9?s=96&d=mm&r=g\",\"caption\":\"Matthias Kramer\"},\"url\":\"https:\/\/www.ogl-kernen.de\/?author=3\"}]}<\/script>\n<!-- \/ Yoast SEO plugin. -->","yoast_head_json":{"title":"H\u00f6here Geb\u00fchren f\u00fcr die Kinderbetreuung (?) - OGL Kernen","robots":{"index":"index","follow":"follow","max-snippet":"max-snippet:-1","max-image-preview":"max-image-preview:large","max-video-preview":"max-video-preview:-1"},"canonical":"https:\/\/www.ogl-kernen.de\/?p=305","og_locale":"de_DE","og_type":"article","og_title":"H\u00f6here Geb\u00fchren f\u00fcr die Kinderbetreuung (?) - OGL Kernen","og_description":"Der Gemeinderat hat in der Sitzung Ende Oktober \u00fcber die Erh\u00f6hung der Geb\u00fchren f\u00fcr die Kinderbetreuung bei uns in Kernen debattiert. F\u00fcr alle Beteiligten ein schwieriges Thema. Einerseits w\u00fcrden wir es als OGL begr\u00fc\u00dfen, wenn Kinderbetreuung prinzipiell kostenlos w\u00e4re, andererseits ist dies aber ohne zus\u00e4tzliche Unterst\u00fctzung durch das Land oder den Bund nicht m\u00f6glich. Kernen &hellip; H\u00f6here Geb\u00fchren f\u00fcr die Kinderbetreuung (?) Weiterlesen &raquo;","og_url":"https:\/\/www.ogl-kernen.de\/?p=305","og_site_name":"OGL Kernen","article_published_time":"2022-11-09T17:08:36+00:00","article_modified_time":"2022-11-16T17:11:17+00:00","author":"Matthias Kramer","twitter_card":"summary_large_image","twitter_misc":{"Verfasst von":"Matthias Kramer","Gesch\u00e4tzte Lesezeit":"2\u00a0Minuten"},"schema":{"@context":"https:\/\/schema.org","@graph":[{"@type":"Article","@id":"https:\/\/www.ogl-kernen.de\/?p=305#article","isPartOf":{"@id":"https:\/\/www.ogl-kernen.de\/?p=305"},"author":{"name":"Matthias Kramer","@id":"https:\/\/www.ogl-kernen.de\/#\/schema\/person\/92d45b78564a61718a56f762c5c32250"},"headline":"H\u00f6here Geb\u00fchren f\u00fcr die Kinderbetreuung (?)","datePublished":"2022-11-09T17:08:36+00:00","dateModified":"2022-11-16T17:11:17+00:00","mainEntityOfPage":{"@id":"https:\/\/www.ogl-kernen.de\/?p=305"},"wordCount":387,"publisher":{"@id":"https:\/\/www.ogl-kernen.de\/#organization"},"keywords":["Kindergarten"],"articleSection":["Fraktion"],"inLanguage":"de"},{"@type":"WebPage","@id":"https:\/\/www.ogl-kernen.de\/?p=305","url":"https:\/\/www.ogl-kernen.de\/?p=305","name":"H\u00f6here Geb\u00fchren f\u00fcr die Kinderbetreuung (?) - OGL Kernen","isPartOf":{"@id":"https:\/\/www.ogl-kernen.de\/#website"},"datePublished":"2022-11-09T17:08:36+00:00","dateModified":"2022-11-16T17:11:17+00:00","breadcrumb":{"@id":"https:\/\/www.ogl-kernen.de\/?p=305#breadcrumb"},"inLanguage":"de","potentialAction":[{"@type":"ReadAction","target":["https:\/\/www.ogl-kernen.de\/?p=305"]}]},{"@type":"BreadcrumbList","@id":"https:\/\/www.ogl-kernen.de\/?p=305#breadcrumb","itemListElement":[{"@type":"ListItem","position":1,"name":"Startseite","item":"https:\/\/www.ogl-kernen.de\/"},{"@type":"ListItem","position":2,"name":"H\u00f6here Geb\u00fchren f\u00fcr die Kinderbetreuung (?)"}]},{"@type":"WebSite","@id":"https:\/\/www.ogl-kernen.de\/#website","url":"https:\/\/www.ogl-kernen.de\/","name":"OGL Kernen","description":"nachhaltig - sozial - weltoffen","publisher":{"@id":"https:\/\/www.ogl-kernen.de\/#organization"},"potentialAction":[{"@type":"SearchAction","target":{"@type":"EntryPoint","urlTemplate":"https:\/\/www.ogl-kernen.de\/?s={search_term_string}"},"query-input":"required name=search_term_string"}],"inLanguage":"de"},{"@type":"Organization","@id":"https:\/\/www.ogl-kernen.de\/#organization","name":"OGL Kernen","url":"https:\/\/www.ogl-kernen.de\/","logo":{"@type":"ImageObject","inLanguage":"de","@id":"https:\/\/www.ogl-kernen.de\/#\/schema\/logo\/image\/","url":"https:\/\/www.ogl-kernen.de\/test\/wp-content\/uploads\/2021\/05\/cropped-Logo-ow-scaled-1.jpg","contentUrl":"https:\/\/www.ogl-kernen.de\/test\/wp-content\/uploads\/2021\/05\/cropped-Logo-ow-scaled-1.jpg","width":2560,"height":478,"caption":"OGL Kernen"},"image":{"@id":"https:\/\/www.ogl-kernen.de\/#\/schema\/logo\/image\/"},"sameAs":["https:\/\/www.instagram.com\/ogl_kernen\/"]},{"@type":"Person","@id":"https:\/\/www.ogl-kernen.de\/#\/schema\/person\/92d45b78564a61718a56f762c5c32250","name":"Matthias Kramer","image":{"@type":"ImageObject","inLanguage":"de","@id":"https:\/\/www.ogl-kernen.de\/#\/schema\/person\/image\/","url":"https:\/\/secure.gravatar.com\/avatar\/eca732170f439564e0de7ff140dc083abd1fcf055dfd83a8985c214a6afa79c9?s=96&d=mm&r=g","contentUrl":"https:\/\/secure.gravatar.com\/avatar\/eca732170f439564e0de7ff140dc083abd1fcf055dfd83a8985c214a6afa79c9?s=96&d=mm&r=g","caption":"Matthias Kramer"},"url":"https:\/\/www.ogl-kernen.de\/?author=3"}]}},"_links":{"self":[{"href":"https:\/\/www.ogl-kernen.de\/index.php?rest_route=\/wp\/v2\/posts\/305","targetHints":{"allow":["GET"]}}],"collection":[{"href":"https:\/\/www.ogl-kernen.de\/index.php?rest_route=\/wp\/v2\/posts"}],"about":[{"href":"https:\/\/www.ogl-kernen.de\/index.php?rest_route=\/wp\/v2\/types\/post"}],"author":[{"embeddable":true,"href":"https:\/\/www.ogl-kernen.de\/index.php?rest_route=\/wp\/v2\/users\/3"}],"replies":[{"embeddable":true,"href":"https:\/\/www.ogl-kernen.de\/index.php?rest_route=%2Fwp%2Fv2%2Fcomments&post=305"}],"version-history":[{"count":1,"href":"https:\/\/www.ogl-kernen.de\/index.php?rest_route=\/wp\/v2\/posts\/305\/revisions"}],"predecessor-version":[{"id":306,"href":"https:\/\/www.ogl-kernen.de\/index.php?rest_route=\/wp\/v2\/posts\/305\/revisions\/306"}],"wp:attachment":[{"href":"https:\/\/www.ogl-kernen.de\/index.php?rest_route=%2Fwp%2Fv2%2Fmedia&parent=305"}],"wp:term":[{"taxonomy":"category","embeddable":true,"href":"https:\/\/www.ogl-kernen.de\/index.php?rest_route=%2Fwp%2Fv2%2Fcategories&post=305"},{"taxonomy":"post_tag","embeddable":true,"href":"https:\/\/www.ogl-kernen.de\/index.php?rest_route=%2Fwp%2Fv2%2Ftags&post=305"}],"curies":[{"name":"wp","href":"https:\/\/api.w.org\/{rel}","templated":true}]}}