{"id":297,"date":"2022-06-01T17:21:00","date_gmt":"2022-06-01T15:21:00","guid":{"rendered":"https:\/\/www.ogl-kernen.de\/?p=297"},"modified":"2022-09-25T17:23:48","modified_gmt":"2022-09-25T15:23:48","slug":"stadtradeln-2022","status":"publish","type":"post","link":"https:\/\/www.ogl-kernen.de\/?p=297","title":{"rendered":"Stadtradeln 2022"},"content":{"rendered":"\n<p>Auch dieses Jahr wird es wieder die Aktion &#8222;Stadtradeln&#8220; geben, n\u00e4mlich vom 3. bis zum 23.Juli. Ziel ist es, privat und beruflich m\u00f6glichst viele Kilometer mit dem Fahrrad zur\u00fcckzulegen bzw. zu sammeln und damit einen Beitrag f\u00fcr mehr Radf\u00f6rderung, mehr Klimaschutz und mehr Lebensqualit\u00e4t in Kernen zu leisten. Und nat\u00fcrlich auch einfach nur Spa\u00df beim Fahrradfahren zu haben.<\/p>\n\n\n\n<p>Machen Sie mit. Sorgen Sie daf\u00fcr, dass Kernen viele Kilometer radelt. Wenn Sie noch keine Gruppe haben, so d\u00fcrfen Sie gerne bei der OGL mitradeln.<\/p>\n\n\n\n<p>N\u00e4heres werden wir noch berichten. Selbstverst\u00e4ndlich darf auch jetzt schon jede und jeder das Auto \u00f6fters mal stehen lassen und m\u00f6glichst viel mit dem Fahrrad fahren oder Strecken zu Fu\u00df zur\u00fccklegen.<\/p>\n","protected":false},"excerpt":{"rendered":"<p>Auch dieses Jahr wird es wieder die Aktion &#8222;Stadtradeln&#8220; geben, n\u00e4mlich vom 3. bis zum 23.Juli. Ziel ist es, privat und beruflich m\u00f6glichst viele Kilometer mit dem Fahrrad zur\u00fcckzulegen bzw. zu sammeln und damit einen Beitrag f\u00fcr mehr Radf\u00f6rderung, mehr Klimaschutz und mehr Lebensqualit\u00e4t in Kernen zu leisten. Und nat\u00fcrlich auch einfach nur Spa\u00df beim &hellip;<\/p>\n<p class=\"read-more\"> <a class=\"\" href=\"https:\/\/www.ogl-kernen.de\/?p=297\"> <span class=\"screen-reader-text\">Stadtradeln 2022<\/span> Weiterlesen &raquo;<\/a><\/p>\n","protected":false},"author":9,"featured_media":0,"comment_status":"closed","ping_status":"closed","sticky":false,"template":"","format":"standard","meta":{"site-sidebar-layout":"default","site-content-layout":"default","ast-global-header-display":"","ast-main-header-display":"","ast-hfb-above-header-display":"","ast-hfb-below-header-display":"","ast-hfb-mobile-header-display":"","site-post-title":"","ast-breadcrumbs-content":"","ast-featured-img":"","footer-sml-layout":"","theme-transparent-header-meta":"","adv-header-id-meta":"","stick-header-meta":"","header-above-stick-meta":"","header-main-stick-meta":"","header-below-stick-meta":"","footnotes":""},"categories":[1],"tags":[11],"class_list":["post-297","post","type-post","status-publish","format-standard","hentry","category-allgemein","tag-stadtradeln"],"yoast_head":"<!-- This site is optimized with the Yoast SEO plugin v22.2 - https:\/\/yoast.com\/wordpress\/plugins\/seo\/ -->\n<title>Stadtradeln 2022 - OGL Kernen<\/title>\n<meta name=\"robots\" content=\"index, follow, max-snippet:-1, max-image-preview:large, max-video-preview:-1\" \/>\n<link rel=\"canonical\" href=\"https:\/\/www.ogl-kernen.de\/?p=297\" \/>\n<meta property=\"og:locale\" content=\"de_DE\" \/>\n<meta property=\"og:type\" content=\"article\" \/>\n<meta property=\"og:title\" content=\"Stadtradeln 2022 - OGL Kernen\" \/>\n<meta property=\"og:description\" content=\"Auch dieses Jahr wird es wieder die Aktion &#8222;Stadtradeln&#8220; geben, n\u00e4mlich vom 3. bis zum 23.Juli. Ziel ist es, privat und beruflich m\u00f6glichst viele Kilometer mit dem Fahrrad zur\u00fcckzulegen bzw. zu sammeln und damit einen Beitrag f\u00fcr mehr Radf\u00f6rderung, mehr Klimaschutz und mehr Lebensqualit\u00e4t in Kernen zu leisten. Und nat\u00fcrlich auch einfach nur Spa\u00df beim &hellip; Stadtradeln 2022 Weiterlesen &raquo;\" \/>\n<meta property=\"og:url\" content=\"https:\/\/www.ogl-kernen.de\/?p=297\" \/>\n<meta property=\"og:site_name\" content=\"OGL Kernen\" \/>\n<meta property=\"article:published_time\" content=\"2022-06-01T15:21:00+00:00\" \/>\n<meta property=\"article:modified_time\" content=\"2022-09-25T15:23:48+00:00\" \/>\n<meta name=\"author\" content=\"OGL\" \/>\n<meta name=\"twitter:card\" content=\"summary_large_image\" \/>\n<meta name=\"twitter:label1\" content=\"Verfasst von\" \/>\n\t<meta name=\"twitter:data1\" content=\"OGL\" \/>\n\t<meta name=\"twitter:label2\" content=\"Gesch\u00e4tzte Lesezeit\" \/>\n\t<meta name=\"twitter:data2\" content=\"1\u00a0Minute\" \/>\n<script type=\"application\/ld+json\" class=\"yoast-schema-graph\">{\"@context\":\"https:\/\/schema.org\",\"@graph\":[{\"@type\":\"Article\",\"@id\":\"https:\/\/www.ogl-kernen.de\/?p=297#article\",\"isPartOf\":{\"@id\":\"https:\/\/www.ogl-kernen.de\/?p=297\"},\"author\":{\"name\":\"OGL\",\"@id\":\"https:\/\/www.ogl-kernen.de\/#\/schema\/person\/8828a6a298bdd9f24dedf6bd48031fb6\"},\"headline\":\"Stadtradeln 2022\",\"datePublished\":\"2022-06-01T15:21:00+00:00\",\"dateModified\":\"2022-09-25T15:23:48+00:00\",\"mainEntityOfPage\":{\"@id\":\"https:\/\/www.ogl-kernen.de\/?p=297\"},\"wordCount\":127,\"publisher\":{\"@id\":\"https:\/\/www.ogl-kernen.de\/#organization\"},\"keywords\":[\"Stadtradeln\"],\"inLanguage\":\"de\"},{\"@type\":\"WebPage\",\"@id\":\"https:\/\/www.ogl-kernen.de\/?p=297\",\"url\":\"https:\/\/www.ogl-kernen.de\/?p=297\",\"name\":\"Stadtradeln 2022 - OGL Kernen\",\"isPartOf\":{\"@id\":\"https:\/\/www.ogl-kernen.de\/#website\"},\"datePublished\":\"2022-06-01T15:21:00+00:00\",\"dateModified\":\"2022-09-25T15:23:48+00:00\",\"breadcrumb\":{\"@id\":\"https:\/\/www.ogl-kernen.de\/?p=297#breadcrumb\"},\"inLanguage\":\"de\",\"potentialAction\":[{\"@type\":\"ReadAction\",\"target\":[\"https:\/\/www.ogl-kernen.de\/?p=297\"]}]},{\"@type\":\"BreadcrumbList\",\"@id\":\"https:\/\/www.ogl-kernen.de\/?p=297#breadcrumb\",\"itemListElement\":[{\"@type\":\"ListItem\",\"position\":1,\"name\":\"Startseite\",\"item\":\"https:\/\/www.ogl-kernen.de\/\"},{\"@type\":\"ListItem\",\"position\":2,\"name\":\"Stadtradeln 2022\"}]},{\"@type\":\"WebSite\",\"@id\":\"https:\/\/www.ogl-kernen.de\/#website\",\"url\":\"https:\/\/www.ogl-kernen.de\/\",\"name\":\"OGL Kernen\",\"description\":\"nachhaltig - sozial - weltoffen\",\"publisher\":{\"@id\":\"https:\/\/www.ogl-kernen.de\/#organization\"},\"potentialAction\":[{\"@type\":\"SearchAction\",\"target\":{\"@type\":\"EntryPoint\",\"urlTemplate\":\"https:\/\/www.ogl-kernen.de\/?s={search_term_string}\"},\"query-input\":\"required name=search_term_string\"}],\"inLanguage\":\"de\"},{\"@type\":\"Organization\",\"@id\":\"https:\/\/www.ogl-kernen.de\/#organization\",\"name\":\"OGL Kernen\",\"url\":\"https:\/\/www.ogl-kernen.de\/\",\"logo\":{\"@type\":\"ImageObject\",\"inLanguage\":\"de\",\"@id\":\"https:\/\/www.ogl-kernen.de\/#\/schema\/logo\/image\/\",\"url\":\"https:\/\/www.ogl-kernen.de\/test\/wp-content\/uploads\/2021\/05\/cropped-Logo-ow-scaled-1.jpg\",\"contentUrl\":\"https:\/\/www.ogl-kernen.de\/test\/wp-content\/uploads\/2021\/05\/cropped-Logo-ow-scaled-1.jpg\",\"width\":2560,\"height\":478,\"caption\":\"OGL Kernen\"},\"image\":{\"@id\":\"https:\/\/www.ogl-kernen.de\/#\/schema\/logo\/image\/\"},\"sameAs\":[\"https:\/\/www.instagram.com\/ogl_kernen\/\"]},{\"@type\":\"Person\",\"@id\":\"https:\/\/www.ogl-kernen.de\/#\/schema\/person\/8828a6a298bdd9f24dedf6bd48031fb6\",\"name\":\"OGL\",\"image\":{\"@type\":\"ImageObject\",\"inLanguage\":\"de\",\"@id\":\"https:\/\/www.ogl-kernen.de\/#\/schema\/person\/image\/\",\"url\":\"https:\/\/secure.gravatar.com\/avatar\/c6b77e0c42bf9f94c5a55dee69be82d4ff97ce1a9259b7509fb5e2e3d33a3db1?s=96&d=mm&r=g\",\"contentUrl\":\"https:\/\/secure.gravatar.com\/avatar\/c6b77e0c42bf9f94c5a55dee69be82d4ff97ce1a9259b7509fb5e2e3d33a3db1?s=96&d=mm&r=g\",\"caption\":\"OGL\"},\"url\":\"https:\/\/www.ogl-kernen.de\/?author=9\"}]}<\/script>\n<!-- \/ Yoast SEO plugin. -->","yoast_head_json":{"title":"Stadtradeln 2022 - OGL Kernen","robots":{"index":"index","follow":"follow","max-snippet":"max-snippet:-1","max-image-preview":"max-image-preview:large","max-video-preview":"max-video-preview:-1"},"canonical":"https:\/\/www.ogl-kernen.de\/?p=297","og_locale":"de_DE","og_type":"article","og_title":"Stadtradeln 2022 - OGL Kernen","og_description":"Auch dieses Jahr wird es wieder die Aktion &#8222;Stadtradeln&#8220; geben, n\u00e4mlich vom 3. bis zum 23.Juli. Ziel ist es, privat und beruflich m\u00f6glichst viele Kilometer mit dem Fahrrad zur\u00fcckzulegen bzw. zu sammeln und damit einen Beitrag f\u00fcr mehr Radf\u00f6rderung, mehr Klimaschutz und mehr Lebensqualit\u00e4t in Kernen zu leisten. Und nat\u00fcrlich auch einfach nur Spa\u00df beim &hellip; Stadtradeln 2022 Weiterlesen &raquo;","og_url":"https:\/\/www.ogl-kernen.de\/?p=297","og_site_name":"OGL Kernen","article_published_time":"2022-06-01T15:21:00+00:00","article_modified_time":"2022-09-25T15:23:48+00:00","author":"OGL","twitter_card":"summary_large_image","twitter_misc":{"Verfasst von":"OGL","Gesch\u00e4tzte Lesezeit":"1\u00a0Minute"},"schema":{"@context":"https:\/\/schema.org","@graph":[{"@type":"Article","@id":"https:\/\/www.ogl-kernen.de\/?p=297#article","isPartOf":{"@id":"https:\/\/www.ogl-kernen.de\/?p=297"},"author":{"name":"OGL","@id":"https:\/\/www.ogl-kernen.de\/#\/schema\/person\/8828a6a298bdd9f24dedf6bd48031fb6"},"headline":"Stadtradeln 2022","datePublished":"2022-06-01T15:21:00+00:00","dateModified":"2022-09-25T15:23:48+00:00","mainEntityOfPage":{"@id":"https:\/\/www.ogl-kernen.de\/?p=297"},"wordCount":127,"publisher":{"@id":"https:\/\/www.ogl-kernen.de\/#organization"},"keywords":["Stadtradeln"],"inLanguage":"de"},{"@type":"WebPage","@id":"https:\/\/www.ogl-kernen.de\/?p=297","url":"https:\/\/www.ogl-kernen.de\/?p=297","name":"Stadtradeln 2022 - OGL Kernen","isPartOf":{"@id":"https:\/\/www.ogl-kernen.de\/#website"},"datePublished":"2022-06-01T15:21:00+00:00","dateModified":"2022-09-25T15:23:48+00:00","breadcrumb":{"@id":"https:\/\/www.ogl-kernen.de\/?p=297#breadcrumb"},"inLanguage":"de","potentialAction":[{"@type":"ReadAction","target":["https:\/\/www.ogl-kernen.de\/?p=297"]}]},{"@type":"BreadcrumbList","@id":"https:\/\/www.ogl-kernen.de\/?p=297#breadcrumb","itemListElement":[{"@type":"ListItem","position":1,"name":"Startseite","item":"https:\/\/www.ogl-kernen.de\/"},{"@type":"ListItem","position":2,"name":"Stadtradeln 2022"}]},{"@type":"WebSite","@id":"https:\/\/www.ogl-kernen.de\/#website","url":"https:\/\/www.ogl-kernen.de\/","name":"OGL Kernen","description":"nachhaltig - sozial - weltoffen","publisher":{"@id":"https:\/\/www.ogl-kernen.de\/#organization"},"potentialAction":[{"@type":"SearchAction","target":{"@type":"EntryPoint","urlTemplate":"https:\/\/www.ogl-kernen.de\/?s={search_term_string}"},"query-input":"required name=search_term_string"}],"inLanguage":"de"},{"@type":"Organization","@id":"https:\/\/www.ogl-kernen.de\/#organization","name":"OGL Kernen","url":"https:\/\/www.ogl-kernen.de\/","logo":{"@type":"ImageObject","inLanguage":"de","@id":"https:\/\/www.ogl-kernen.de\/#\/schema\/logo\/image\/","url":"https:\/\/www.ogl-kernen.de\/test\/wp-content\/uploads\/2021\/05\/cropped-Logo-ow-scaled-1.jpg","contentUrl":"https:\/\/www.ogl-kernen.de\/test\/wp-content\/uploads\/2021\/05\/cropped-Logo-ow-scaled-1.jpg","width":2560,"height":478,"caption":"OGL Kernen"},"image":{"@id":"https:\/\/www.ogl-kernen.de\/#\/schema\/logo\/image\/"},"sameAs":["https:\/\/www.instagram.com\/ogl_kernen\/"]},{"@type":"Person","@id":"https:\/\/www.ogl-kernen.de\/#\/schema\/person\/8828a6a298bdd9f24dedf6bd48031fb6","name":"OGL","image":{"@type":"ImageObject","inLanguage":"de","@id":"https:\/\/www.ogl-kernen.de\/#\/schema\/person\/image\/","url":"https:\/\/secure.gravatar.com\/avatar\/c6b77e0c42bf9f94c5a55dee69be82d4ff97ce1a9259b7509fb5e2e3d33a3db1?s=96&d=mm&r=g","contentUrl":"https:\/\/secure.gravatar.com\/avatar\/c6b77e0c42bf9f94c5a55dee69be82d4ff97ce1a9259b7509fb5e2e3d33a3db1?s=96&d=mm&r=g","caption":"OGL"},"url":"https:\/\/www.ogl-kernen.de\/?author=9"}]}},"_links":{"self":[{"href":"https:\/\/www.ogl-kernen.de\/index.php?rest_route=\/wp\/v2\/posts\/297","targetHints":{"allow":["GET"]}}],"collection":[{"href":"https:\/\/www.ogl-kernen.de\/index.php?rest_route=\/wp\/v2\/posts"}],"about":[{"href":"https:\/\/www.ogl-kernen.de\/index.php?rest_route=\/wp\/v2\/types\/post"}],"author":[{"embeddable":true,"href":"https:\/\/www.ogl-kernen.de\/index.php?rest_route=\/wp\/v2\/users\/9"}],"replies":[{"embeddable":true,"href":"https:\/\/www.ogl-kernen.de\/index.php?rest_route=%2Fwp%2Fv2%2Fcomments&post=297"}],"version-history":[{"count":1,"href":"https:\/\/www.ogl-kernen.de\/index.php?rest_route=\/wp\/v2\/posts\/297\/revisions"}],"predecessor-version":[{"id":298,"href":"https:\/\/www.ogl-kernen.de\/index.php?rest_route=\/wp\/v2\/posts\/297\/revisions\/298"}],"wp:attachment":[{"href":"https:\/\/www.ogl-kernen.de\/index.php?rest_route=%2Fwp%2Fv2%2Fmedia&parent=297"}],"wp:term":[{"taxonomy":"category","embeddable":true,"href":"https:\/\/www.ogl-kernen.de\/index.php?rest_route=%2Fwp%2Fv2%2Fcategories&post=297"},{"taxonomy":"post_tag","embeddable":true,"href":"https:\/\/www.ogl-kernen.de\/index.php?rest_route=%2Fwp%2Fv2%2Ftags&post=297"}],"curies":[{"name":"wp","href":"https:\/\/api.w.org\/{rel}","templated":true}]}}