{"id":293,"date":"2022-07-06T17:12:00","date_gmt":"2022-07-06T15:12:00","guid":{"rendered":"https:\/\/www.ogl-kernen.de\/?p=293"},"modified":"2022-09-25T17:15:37","modified_gmt":"2022-09-25T15:15:37","slug":"einladung-zu-einer-wanderung-nach-esslingen-am-samstag-16-juli","status":"publish","type":"post","link":"https:\/\/www.ogl-kernen.de\/?p=293","title":{"rendered":"Einladung zu einer Wanderung nach Esslingen am Samstag, 16. Juli"},"content":{"rendered":"\n<p>Die Offene Gr\u00fcne Liste Kernen l\u00e4dt ein zu einer Wanderung nach Esslingen am Samstag, 16. Juli 2022. Start ist um 15.00 Uhr (Wetter spielt keine Rolle, also entweder bitte Hut oder Schirm mitbringen); Treffpunkt: St. Pierre-Platz, Kernen-Stetten.<\/p>\n\n\n\n<p>Auf der Strecke wird ein wenig \u00fcber Historisches und Bezeichnendes an Ort und Stelle berichtet. Durch das Haldenbachtal geht es \u00fcber die H\u00f6he des Schurwaldes nach Esslingen. Auf dem Weg hinunter in die Stadt wird die ehemalige Reichsstadt und deren Entwicklung im Fokus stehen. Auslaufen wird unser Gang bei gutem Wetter in einem Biergarten oder alternativ in einer Lokalit\u00e4t. Da der Heimweg beschwerlich werden k\u00f6nnte, fahren wir mit dem X20-Bus wieder zur\u00fcck.<\/p>\n\n\n\n<p>Wir laden alle Interessierten herzlich ein und freuen uns, wenn Sie am 16. Juli mitwandern.<\/p>\n\n\n\n<p>Andreas Stiene<\/p>\n","protected":false},"excerpt":{"rendered":"<p>Die Offene Gr\u00fcne Liste Kernen l\u00e4dt ein zu einer Wanderung nach Esslingen am Samstag, 16. Juli 2022. Start ist um 15.00 Uhr (Wetter spielt keine Rolle, also entweder bitte Hut oder Schirm mitbringen); Treffpunkt: St. Pierre-Platz, Kernen-Stetten. Auf der Strecke wird ein wenig \u00fcber Historisches und Bezeichnendes an Ort und Stelle berichtet. Durch das Haldenbachtal &hellip;<\/p>\n<p class=\"read-more\"> <a class=\"\" href=\"https:\/\/www.ogl-kernen.de\/?p=293\"> <span class=\"screen-reader-text\">Einladung zu einer Wanderung nach Esslingen am Samstag, 16. Juli<\/span> Weiterlesen &raquo;<\/a><\/p>\n","protected":false},"author":8,"featured_media":0,"comment_status":"closed","ping_status":"closed","sticky":false,"template":"","format":"standard","meta":{"site-sidebar-layout":"default","site-content-layout":"default","ast-global-header-display":"","ast-main-header-display":"","ast-hfb-above-header-display":"","ast-hfb-below-header-display":"","ast-hfb-mobile-header-display":"","site-post-title":"","ast-breadcrumbs-content":"","ast-featured-img":"","footer-sml-layout":"","theme-transparent-header-meta":"","adv-header-id-meta":"","stick-header-meta":"","header-above-stick-meta":"","header-main-stick-meta":"","header-below-stick-meta":"","footnotes":""},"categories":[1],"tags":[],"class_list":["post-293","post","type-post","status-publish","format-standard","hentry","category-allgemein"],"yoast_head":"<!-- This site is optimized with the Yoast SEO plugin v22.2 - https:\/\/yoast.com\/wordpress\/plugins\/seo\/ -->\n<title>Einladung zu einer Wanderung nach Esslingen am Samstag, 16. Juli - OGL Kernen<\/title>\n<meta name=\"robots\" content=\"index, follow, max-snippet:-1, max-image-preview:large, max-video-preview:-1\" \/>\n<link rel=\"canonical\" href=\"https:\/\/www.ogl-kernen.de\/?p=293\" \/>\n<meta property=\"og:locale\" content=\"de_DE\" \/>\n<meta property=\"og:type\" content=\"article\" \/>\n<meta property=\"og:title\" content=\"Einladung zu einer Wanderung nach Esslingen am Samstag, 16. Juli - OGL Kernen\" \/>\n<meta property=\"og:description\" content=\"Die Offene Gr\u00fcne Liste Kernen l\u00e4dt ein zu einer Wanderung nach Esslingen am Samstag, 16. Juli 2022. Start ist um 15.00 Uhr (Wetter spielt keine Rolle, also entweder bitte Hut oder Schirm mitbringen); Treffpunkt: St. Pierre-Platz, Kernen-Stetten. Auf der Strecke wird ein wenig \u00fcber Historisches und Bezeichnendes an Ort und Stelle berichtet. Durch das Haldenbachtal &hellip; Einladung zu einer Wanderung nach Esslingen am Samstag, 16. Juli Weiterlesen &raquo;\" \/>\n<meta property=\"og:url\" content=\"https:\/\/www.ogl-kernen.de\/?p=293\" \/>\n<meta property=\"og:site_name\" content=\"OGL Kernen\" \/>\n<meta property=\"article:published_time\" content=\"2022-07-06T15:12:00+00:00\" \/>\n<meta property=\"article:modified_time\" content=\"2022-09-25T15:15:37+00:00\" \/>\n<meta name=\"author\" content=\"Andreas Stiene\" \/>\n<meta name=\"twitter:card\" content=\"summary_large_image\" \/>\n<meta name=\"twitter:label1\" content=\"Verfasst von\" \/>\n\t<meta name=\"twitter:data1\" content=\"Andreas Stiene\" \/>\n\t<meta name=\"twitter:label2\" content=\"Gesch\u00e4tzte Lesezeit\" \/>\n\t<meta name=\"twitter:data2\" content=\"1\u00a0Minute\" \/>\n<script type=\"application\/ld+json\" class=\"yoast-schema-graph\">{\"@context\":\"https:\/\/schema.org\",\"@graph\":[{\"@type\":\"Article\",\"@id\":\"https:\/\/www.ogl-kernen.de\/?p=293#article\",\"isPartOf\":{\"@id\":\"https:\/\/www.ogl-kernen.de\/?p=293\"},\"author\":{\"name\":\"Andreas Stiene\",\"@id\":\"https:\/\/www.ogl-kernen.de\/#\/schema\/person\/8c7681ca3d01e0883c20654946048f6f\"},\"headline\":\"Einladung zu einer Wanderung nach Esslingen am Samstag, 16. Juli\",\"datePublished\":\"2022-07-06T15:12:00+00:00\",\"dateModified\":\"2022-09-25T15:15:37+00:00\",\"mainEntityOfPage\":{\"@id\":\"https:\/\/www.ogl-kernen.de\/?p=293\"},\"wordCount\":138,\"publisher\":{\"@id\":\"https:\/\/www.ogl-kernen.de\/#organization\"},\"inLanguage\":\"de\"},{\"@type\":\"WebPage\",\"@id\":\"https:\/\/www.ogl-kernen.de\/?p=293\",\"url\":\"https:\/\/www.ogl-kernen.de\/?p=293\",\"name\":\"Einladung zu einer Wanderung nach Esslingen am Samstag, 16. Juli - OGL Kernen\",\"isPartOf\":{\"@id\":\"https:\/\/www.ogl-kernen.de\/#website\"},\"datePublished\":\"2022-07-06T15:12:00+00:00\",\"dateModified\":\"2022-09-25T15:15:37+00:00\",\"breadcrumb\":{\"@id\":\"https:\/\/www.ogl-kernen.de\/?p=293#breadcrumb\"},\"inLanguage\":\"de\",\"potentialAction\":[{\"@type\":\"ReadAction\",\"target\":[\"https:\/\/www.ogl-kernen.de\/?p=293\"]}]},{\"@type\":\"BreadcrumbList\",\"@id\":\"https:\/\/www.ogl-kernen.de\/?p=293#breadcrumb\",\"itemListElement\":[{\"@type\":\"ListItem\",\"position\":1,\"name\":\"Startseite\",\"item\":\"https:\/\/www.ogl-kernen.de\/\"},{\"@type\":\"ListItem\",\"position\":2,\"name\":\"Einladung zu einer Wanderung nach Esslingen am Samstag, 16. Juli\"}]},{\"@type\":\"WebSite\",\"@id\":\"https:\/\/www.ogl-kernen.de\/#website\",\"url\":\"https:\/\/www.ogl-kernen.de\/\",\"name\":\"OGL Kernen\",\"description\":\"nachhaltig - sozial - weltoffen\",\"publisher\":{\"@id\":\"https:\/\/www.ogl-kernen.de\/#organization\"},\"potentialAction\":[{\"@type\":\"SearchAction\",\"target\":{\"@type\":\"EntryPoint\",\"urlTemplate\":\"https:\/\/www.ogl-kernen.de\/?s={search_term_string}\"},\"query-input\":\"required name=search_term_string\"}],\"inLanguage\":\"de\"},{\"@type\":\"Organization\",\"@id\":\"https:\/\/www.ogl-kernen.de\/#organization\",\"name\":\"OGL Kernen\",\"url\":\"https:\/\/www.ogl-kernen.de\/\",\"logo\":{\"@type\":\"ImageObject\",\"inLanguage\":\"de\",\"@id\":\"https:\/\/www.ogl-kernen.de\/#\/schema\/logo\/image\/\",\"url\":\"https:\/\/www.ogl-kernen.de\/test\/wp-content\/uploads\/2021\/05\/cropped-Logo-ow-scaled-1.jpg\",\"contentUrl\":\"https:\/\/www.ogl-kernen.de\/test\/wp-content\/uploads\/2021\/05\/cropped-Logo-ow-scaled-1.jpg\",\"width\":2560,\"height\":478,\"caption\":\"OGL Kernen\"},\"image\":{\"@id\":\"https:\/\/www.ogl-kernen.de\/#\/schema\/logo\/image\/\"},\"sameAs\":[\"https:\/\/www.instagram.com\/ogl_kernen\/\"]},{\"@type\":\"Person\",\"@id\":\"https:\/\/www.ogl-kernen.de\/#\/schema\/person\/8c7681ca3d01e0883c20654946048f6f\",\"name\":\"Andreas Stiene\",\"image\":{\"@type\":\"ImageObject\",\"inLanguage\":\"de\",\"@id\":\"https:\/\/www.ogl-kernen.de\/#\/schema\/person\/image\/\",\"url\":\"https:\/\/secure.gravatar.com\/avatar\/cdda86c6024ccb57a33686cded59f1d5fc56222b126369fcd1666551d768a38f?s=96&d=mm&r=g\",\"contentUrl\":\"https:\/\/secure.gravatar.com\/avatar\/cdda86c6024ccb57a33686cded59f1d5fc56222b126369fcd1666551d768a38f?s=96&d=mm&r=g\",\"caption\":\"Andreas Stiene\"},\"url\":\"https:\/\/www.ogl-kernen.de\/?author=8\"}]}<\/script>\n<!-- \/ Yoast SEO plugin. -->","yoast_head_json":{"title":"Einladung zu einer Wanderung nach Esslingen am Samstag, 16. Juli - OGL Kernen","robots":{"index":"index","follow":"follow","max-snippet":"max-snippet:-1","max-image-preview":"max-image-preview:large","max-video-preview":"max-video-preview:-1"},"canonical":"https:\/\/www.ogl-kernen.de\/?p=293","og_locale":"de_DE","og_type":"article","og_title":"Einladung zu einer Wanderung nach Esslingen am Samstag, 16. Juli - OGL Kernen","og_description":"Die Offene Gr\u00fcne Liste Kernen l\u00e4dt ein zu einer Wanderung nach Esslingen am Samstag, 16. Juli 2022. Start ist um 15.00 Uhr (Wetter spielt keine Rolle, also entweder bitte Hut oder Schirm mitbringen); Treffpunkt: St. Pierre-Platz, Kernen-Stetten. Auf der Strecke wird ein wenig \u00fcber Historisches und Bezeichnendes an Ort und Stelle berichtet. Durch das Haldenbachtal &hellip; Einladung zu einer Wanderung nach Esslingen am Samstag, 16. Juli Weiterlesen &raquo;","og_url":"https:\/\/www.ogl-kernen.de\/?p=293","og_site_name":"OGL Kernen","article_published_time":"2022-07-06T15:12:00+00:00","article_modified_time":"2022-09-25T15:15:37+00:00","author":"Andreas Stiene","twitter_card":"summary_large_image","twitter_misc":{"Verfasst von":"Andreas Stiene","Gesch\u00e4tzte Lesezeit":"1\u00a0Minute"},"schema":{"@context":"https:\/\/schema.org","@graph":[{"@type":"Article","@id":"https:\/\/www.ogl-kernen.de\/?p=293#article","isPartOf":{"@id":"https:\/\/www.ogl-kernen.de\/?p=293"},"author":{"name":"Andreas Stiene","@id":"https:\/\/www.ogl-kernen.de\/#\/schema\/person\/8c7681ca3d01e0883c20654946048f6f"},"headline":"Einladung zu einer Wanderung nach Esslingen am Samstag, 16. Juli","datePublished":"2022-07-06T15:12:00+00:00","dateModified":"2022-09-25T15:15:37+00:00","mainEntityOfPage":{"@id":"https:\/\/www.ogl-kernen.de\/?p=293"},"wordCount":138,"publisher":{"@id":"https:\/\/www.ogl-kernen.de\/#organization"},"inLanguage":"de"},{"@type":"WebPage","@id":"https:\/\/www.ogl-kernen.de\/?p=293","url":"https:\/\/www.ogl-kernen.de\/?p=293","name":"Einladung zu einer Wanderung nach Esslingen am Samstag, 16. Juli - OGL Kernen","isPartOf":{"@id":"https:\/\/www.ogl-kernen.de\/#website"},"datePublished":"2022-07-06T15:12:00+00:00","dateModified":"2022-09-25T15:15:37+00:00","breadcrumb":{"@id":"https:\/\/www.ogl-kernen.de\/?p=293#breadcrumb"},"inLanguage":"de","potentialAction":[{"@type":"ReadAction","target":["https:\/\/www.ogl-kernen.de\/?p=293"]}]},{"@type":"BreadcrumbList","@id":"https:\/\/www.ogl-kernen.de\/?p=293#breadcrumb","itemListElement":[{"@type":"ListItem","position":1,"name":"Startseite","item":"https:\/\/www.ogl-kernen.de\/"},{"@type":"ListItem","position":2,"name":"Einladung zu einer Wanderung nach Esslingen am Samstag, 16. Juli"}]},{"@type":"WebSite","@id":"https:\/\/www.ogl-kernen.de\/#website","url":"https:\/\/www.ogl-kernen.de\/","name":"OGL Kernen","description":"nachhaltig - sozial - weltoffen","publisher":{"@id":"https:\/\/www.ogl-kernen.de\/#organization"},"potentialAction":[{"@type":"SearchAction","target":{"@type":"EntryPoint","urlTemplate":"https:\/\/www.ogl-kernen.de\/?s={search_term_string}"},"query-input":"required name=search_term_string"}],"inLanguage":"de"},{"@type":"Organization","@id":"https:\/\/www.ogl-kernen.de\/#organization","name":"OGL Kernen","url":"https:\/\/www.ogl-kernen.de\/","logo":{"@type":"ImageObject","inLanguage":"de","@id":"https:\/\/www.ogl-kernen.de\/#\/schema\/logo\/image\/","url":"https:\/\/www.ogl-kernen.de\/test\/wp-content\/uploads\/2021\/05\/cropped-Logo-ow-scaled-1.jpg","contentUrl":"https:\/\/www.ogl-kernen.de\/test\/wp-content\/uploads\/2021\/05\/cropped-Logo-ow-scaled-1.jpg","width":2560,"height":478,"caption":"OGL Kernen"},"image":{"@id":"https:\/\/www.ogl-kernen.de\/#\/schema\/logo\/image\/"},"sameAs":["https:\/\/www.instagram.com\/ogl_kernen\/"]},{"@type":"Person","@id":"https:\/\/www.ogl-kernen.de\/#\/schema\/person\/8c7681ca3d01e0883c20654946048f6f","name":"Andreas Stiene","image":{"@type":"ImageObject","inLanguage":"de","@id":"https:\/\/www.ogl-kernen.de\/#\/schema\/person\/image\/","url":"https:\/\/secure.gravatar.com\/avatar\/cdda86c6024ccb57a33686cded59f1d5fc56222b126369fcd1666551d768a38f?s=96&d=mm&r=g","contentUrl":"https:\/\/secure.gravatar.com\/avatar\/cdda86c6024ccb57a33686cded59f1d5fc56222b126369fcd1666551d768a38f?s=96&d=mm&r=g","caption":"Andreas Stiene"},"url":"https:\/\/www.ogl-kernen.de\/?author=8"}]}},"_links":{"self":[{"href":"https:\/\/www.ogl-kernen.de\/index.php?rest_route=\/wp\/v2\/posts\/293","targetHints":{"allow":["GET"]}}],"collection":[{"href":"https:\/\/www.ogl-kernen.de\/index.php?rest_route=\/wp\/v2\/posts"}],"about":[{"href":"https:\/\/www.ogl-kernen.de\/index.php?rest_route=\/wp\/v2\/types\/post"}],"author":[{"embeddable":true,"href":"https:\/\/www.ogl-kernen.de\/index.php?rest_route=\/wp\/v2\/users\/8"}],"replies":[{"embeddable":true,"href":"https:\/\/www.ogl-kernen.de\/index.php?rest_route=%2Fwp%2Fv2%2Fcomments&post=293"}],"version-history":[{"count":1,"href":"https:\/\/www.ogl-kernen.de\/index.php?rest_route=\/wp\/v2\/posts\/293\/revisions"}],"predecessor-version":[{"id":294,"href":"https:\/\/www.ogl-kernen.de\/index.php?rest_route=\/wp\/v2\/posts\/293\/revisions\/294"}],"wp:attachment":[{"href":"https:\/\/www.ogl-kernen.de\/index.php?rest_route=%2Fwp%2Fv2%2Fmedia&parent=293"}],"wp:term":[{"taxonomy":"category","embeddable":true,"href":"https:\/\/www.ogl-kernen.de\/index.php?rest_route=%2Fwp%2Fv2%2Fcategories&post=293"},{"taxonomy":"post_tag","embeddable":true,"href":"https:\/\/www.ogl-kernen.de\/index.php?rest_route=%2Fwp%2Fv2%2Ftags&post=293"}],"curies":[{"name":"wp","href":"https:\/\/api.w.org\/{rel}","templated":true}]}}