{"id":287,"date":"2022-07-25T16:58:00","date_gmt":"2022-07-25T14:58:00","guid":{"rendered":"https:\/\/www.ogl-kernen.de\/?p=287"},"modified":"2022-09-25T17:00:58","modified_gmt":"2022-09-25T15:00:58","slug":"doppelter-wechsel-in-der-ogl-fraktion","status":"publish","type":"post","link":"https:\/\/www.ogl-kernen.de\/?p=287","title":{"rendered":"Doppelter Wechsel in der OGL-Fraktion"},"content":{"rendered":"\n<p>Gute drei Jahre war Charlotte Fock f\u00fcr die Offene Gr\u00fcne Liste im Gemeinderat von Kernen. Gesundheitliche und famili\u00e4re Gr\u00fcnde hatten sie leider zum Ausscheiden aus dem Gremium veranlasst. In der Sitzung von letzter Woche wurde sie mit lobenden Worten von Herrn Paulowitsch verabschiedet. Ihre offene, kommunikative Art werden wir in der Fraktion vermissen. Sie hat es verstanden, Br\u00fccken zu bauen und ein gutes Miteinander war ihr stets wichtig. F\u00fcr sie r\u00fcckt jetzt Heike Santamaria in den Gemeinderat nach. Sie blickt mit viel Offenheit und Vorfreude auf die Aufgaben ihres neuen Ehrenamts.<\/p>\n\n\n\n<p>Etwas mehr als ein Jahr, gef\u00fchlt war es viel l\u00e4nger, hat uns Jeffrey Brencher im Gemeinderat verst\u00e4rkt. Er war ja f\u00fcr Michael Burger, der altersbedingt aufgeh\u00f6rt hatte, nachger\u00fcckt. Jeffrey ist ebenfalls vergangene Woche aus dem Gemeinderat ausgeschieden. Er wird ab September in unserer Kommune, sowie Remshalden und Winterbach die interkommunale Stelle des Klimaschutzbeauftragten antreten. Eine Anstellung bei der Gemeinde hat zur Folge, so schreibt es die Gemeindeverordnung fest, dass das Gemeinderatsmandat abgegeben werden muss. Schade! Mit Jeffrey Brencher verliert die Fraktion ein kompetentes und engagiertes Fraktionsmitglied in Sachen gr\u00fcner Politik. Sch\u00f6n, dass er jetzt f\u00fcr Kernen und weiteren zwei Kommunen seine Gaben und F\u00e4higkeiten f\u00fcr strukturierten Umweltschutz einsetzen kann. (Er geht uns somit nicht verloren, wenn man das so sagen darf :)) Wir freuen uns auf die k\u00fcnftige Zusammenarbeit und w\u00fcnschen Dir, lieber Jeff, alles Gute f\u00fcr Deine neue Arbeitsstelle! F\u00fcr ihn r\u00fcckt Axel D\u00f6hring in den Gemeinderat nach. Er ist mit Sicherheit dem ein oder anderen bekannt, da er sich aktiv beim HHO und Tischtennisverein einbringt. Mit seiner Erfahrung in verschiedenen Gremien und Vereinen ist er eine gute Verst\u00e4rkung f\u00fcr die OGL. Axel D\u00f6hring war in der GRsitzung letzten Donnerstag verhindert und wird deshalb erst in der n\u00e4chsten am 29.September offiziell verpflichtet werden. Kurz und gut: Liebe Heike, lieber Axel, wir freuen uns auf die Zusammenarbeit mit euch!<\/p>\n\n\n\n<p>Larissa Keller und Matthias Kramer<\/p>\n","protected":false},"excerpt":{"rendered":"<p>Gute drei Jahre war Charlotte Fock f\u00fcr die Offene Gr\u00fcne Liste im Gemeinderat von Kernen. Gesundheitliche und famili\u00e4re Gr\u00fcnde hatten sie leider zum Ausscheiden aus dem Gremium veranlasst. In der Sitzung von letzter Woche wurde sie mit lobenden Worten von Herrn Paulowitsch verabschiedet. Ihre offene, kommunikative Art werden wir in der Fraktion vermissen. Sie hat &hellip;<\/p>\n<p class=\"read-more\"> <a class=\"\" href=\"https:\/\/www.ogl-kernen.de\/?p=287\"> <span class=\"screen-reader-text\">Doppelter Wechsel in der OGL-Fraktion<\/span> Weiterlesen &raquo;<\/a><\/p>\n","protected":false},"author":4,"featured_media":0,"comment_status":"closed","ping_status":"closed","sticky":false,"template":"","format":"standard","meta":{"site-sidebar-layout":"default","site-content-layout":"default","ast-global-header-display":"","ast-main-header-display":"","ast-hfb-above-header-display":"","ast-hfb-below-header-display":"","ast-hfb-mobile-header-display":"","site-post-title":"","ast-breadcrumbs-content":"","ast-featured-img":"","footer-sml-layout":"","theme-transparent-header-meta":"","adv-header-id-meta":"","stick-header-meta":"","header-above-stick-meta":"","header-main-stick-meta":"","header-below-stick-meta":"","footnotes":""},"categories":[4],"tags":[],"class_list":["post-287","post","type-post","status-publish","format-standard","hentry","category-fraktion"],"yoast_head":"<!-- This site is optimized with the Yoast SEO plugin v22.2 - https:\/\/yoast.com\/wordpress\/plugins\/seo\/ -->\n<title>Doppelter Wechsel in der OGL-Fraktion - OGL Kernen<\/title>\n<meta name=\"robots\" content=\"index, follow, max-snippet:-1, max-image-preview:large, max-video-preview:-1\" \/>\n<link rel=\"canonical\" href=\"https:\/\/www.ogl-kernen.de\/?p=287\" \/>\n<meta property=\"og:locale\" content=\"de_DE\" \/>\n<meta property=\"og:type\" content=\"article\" \/>\n<meta property=\"og:title\" content=\"Doppelter Wechsel in der OGL-Fraktion - OGL Kernen\" \/>\n<meta property=\"og:description\" content=\"Gute drei Jahre war Charlotte Fock f\u00fcr die Offene Gr\u00fcne Liste im Gemeinderat von Kernen. Gesundheitliche und famili\u00e4re Gr\u00fcnde hatten sie leider zum Ausscheiden aus dem Gremium veranlasst. In der Sitzung von letzter Woche wurde sie mit lobenden Worten von Herrn Paulowitsch verabschiedet. Ihre offene, kommunikative Art werden wir in der Fraktion vermissen. Sie hat &hellip; Doppelter Wechsel in der OGL-Fraktion Weiterlesen &raquo;\" \/>\n<meta property=\"og:url\" content=\"https:\/\/www.ogl-kernen.de\/?p=287\" \/>\n<meta property=\"og:site_name\" content=\"OGL Kernen\" \/>\n<meta property=\"article:published_time\" content=\"2022-07-25T14:58:00+00:00\" \/>\n<meta property=\"article:modified_time\" content=\"2022-09-25T15:00:58+00:00\" \/>\n<meta name=\"author\" content=\"OGL-Fraktion\" \/>\n<meta name=\"twitter:card\" content=\"summary_large_image\" \/>\n<meta name=\"twitter:label1\" content=\"Verfasst von\" \/>\n\t<meta name=\"twitter:data1\" content=\"OGL-Fraktion\" \/>\n\t<meta name=\"twitter:label2\" content=\"Gesch\u00e4tzte Lesezeit\" \/>\n\t<meta name=\"twitter:data2\" content=\"2\u00a0Minuten\" \/>\n<script type=\"application\/ld+json\" class=\"yoast-schema-graph\">{\"@context\":\"https:\/\/schema.org\",\"@graph\":[{\"@type\":\"Article\",\"@id\":\"https:\/\/www.ogl-kernen.de\/?p=287#article\",\"isPartOf\":{\"@id\":\"https:\/\/www.ogl-kernen.de\/?p=287\"},\"author\":{\"name\":\"OGL-Fraktion\",\"@id\":\"https:\/\/www.ogl-kernen.de\/#\/schema\/person\/383318e5abf332671b59f3be3324ae21\"},\"headline\":\"Doppelter Wechsel in der OGL-Fraktion\",\"datePublished\":\"2022-07-25T14:58:00+00:00\",\"dateModified\":\"2022-09-25T15:00:58+00:00\",\"mainEntityOfPage\":{\"@id\":\"https:\/\/www.ogl-kernen.de\/?p=287\"},\"wordCount\":347,\"publisher\":{\"@id\":\"https:\/\/www.ogl-kernen.de\/#organization\"},\"articleSection\":[\"Fraktion\"],\"inLanguage\":\"de\"},{\"@type\":\"WebPage\",\"@id\":\"https:\/\/www.ogl-kernen.de\/?p=287\",\"url\":\"https:\/\/www.ogl-kernen.de\/?p=287\",\"name\":\"Doppelter Wechsel in der OGL-Fraktion - OGL Kernen\",\"isPartOf\":{\"@id\":\"https:\/\/www.ogl-kernen.de\/#website\"},\"datePublished\":\"2022-07-25T14:58:00+00:00\",\"dateModified\":\"2022-09-25T15:00:58+00:00\",\"breadcrumb\":{\"@id\":\"https:\/\/www.ogl-kernen.de\/?p=287#breadcrumb\"},\"inLanguage\":\"de\",\"potentialAction\":[{\"@type\":\"ReadAction\",\"target\":[\"https:\/\/www.ogl-kernen.de\/?p=287\"]}]},{\"@type\":\"BreadcrumbList\",\"@id\":\"https:\/\/www.ogl-kernen.de\/?p=287#breadcrumb\",\"itemListElement\":[{\"@type\":\"ListItem\",\"position\":1,\"name\":\"Startseite\",\"item\":\"https:\/\/www.ogl-kernen.de\/\"},{\"@type\":\"ListItem\",\"position\":2,\"name\":\"Doppelter Wechsel in der OGL-Fraktion\"}]},{\"@type\":\"WebSite\",\"@id\":\"https:\/\/www.ogl-kernen.de\/#website\",\"url\":\"https:\/\/www.ogl-kernen.de\/\",\"name\":\"OGL Kernen\",\"description\":\"nachhaltig - sozial - weltoffen\",\"publisher\":{\"@id\":\"https:\/\/www.ogl-kernen.de\/#organization\"},\"potentialAction\":[{\"@type\":\"SearchAction\",\"target\":{\"@type\":\"EntryPoint\",\"urlTemplate\":\"https:\/\/www.ogl-kernen.de\/?s={search_term_string}\"},\"query-input\":\"required name=search_term_string\"}],\"inLanguage\":\"de\"},{\"@type\":\"Organization\",\"@id\":\"https:\/\/www.ogl-kernen.de\/#organization\",\"name\":\"OGL Kernen\",\"url\":\"https:\/\/www.ogl-kernen.de\/\",\"logo\":{\"@type\":\"ImageObject\",\"inLanguage\":\"de\",\"@id\":\"https:\/\/www.ogl-kernen.de\/#\/schema\/logo\/image\/\",\"url\":\"https:\/\/www.ogl-kernen.de\/test\/wp-content\/uploads\/2021\/05\/cropped-Logo-ow-scaled-1.jpg\",\"contentUrl\":\"https:\/\/www.ogl-kernen.de\/test\/wp-content\/uploads\/2021\/05\/cropped-Logo-ow-scaled-1.jpg\",\"width\":2560,\"height\":478,\"caption\":\"OGL Kernen\"},\"image\":{\"@id\":\"https:\/\/www.ogl-kernen.de\/#\/schema\/logo\/image\/\"},\"sameAs\":[\"https:\/\/www.instagram.com\/ogl_kernen\/\"]},{\"@type\":\"Person\",\"@id\":\"https:\/\/www.ogl-kernen.de\/#\/schema\/person\/383318e5abf332671b59f3be3324ae21\",\"name\":\"OGL-Fraktion\",\"image\":{\"@type\":\"ImageObject\",\"inLanguage\":\"de\",\"@id\":\"https:\/\/www.ogl-kernen.de\/#\/schema\/person\/image\/\",\"url\":\"https:\/\/secure.gravatar.com\/avatar\/8c277aa77efd458be4e74c5e4711238f1c207f7ab927c95bd12c4e7ae71a3314?s=96&d=mm&r=g\",\"contentUrl\":\"https:\/\/secure.gravatar.com\/avatar\/8c277aa77efd458be4e74c5e4711238f1c207f7ab927c95bd12c4e7ae71a3314?s=96&d=mm&r=g\",\"caption\":\"OGL-Fraktion\"},\"url\":\"https:\/\/www.ogl-kernen.de\/?author=4\"}]}<\/script>\n<!-- \/ Yoast SEO plugin. -->","yoast_head_json":{"title":"Doppelter Wechsel in der OGL-Fraktion - OGL Kernen","robots":{"index":"index","follow":"follow","max-snippet":"max-snippet:-1","max-image-preview":"max-image-preview:large","max-video-preview":"max-video-preview:-1"},"canonical":"https:\/\/www.ogl-kernen.de\/?p=287","og_locale":"de_DE","og_type":"article","og_title":"Doppelter Wechsel in der OGL-Fraktion - OGL Kernen","og_description":"Gute drei Jahre war Charlotte Fock f\u00fcr die Offene Gr\u00fcne Liste im Gemeinderat von Kernen. Gesundheitliche und famili\u00e4re Gr\u00fcnde hatten sie leider zum Ausscheiden aus dem Gremium veranlasst. In der Sitzung von letzter Woche wurde sie mit lobenden Worten von Herrn Paulowitsch verabschiedet. Ihre offene, kommunikative Art werden wir in der Fraktion vermissen. Sie hat &hellip; Doppelter Wechsel in der OGL-Fraktion Weiterlesen &raquo;","og_url":"https:\/\/www.ogl-kernen.de\/?p=287","og_site_name":"OGL Kernen","article_published_time":"2022-07-25T14:58:00+00:00","article_modified_time":"2022-09-25T15:00:58+00:00","author":"OGL-Fraktion","twitter_card":"summary_large_image","twitter_misc":{"Verfasst von":"OGL-Fraktion","Gesch\u00e4tzte Lesezeit":"2\u00a0Minuten"},"schema":{"@context":"https:\/\/schema.org","@graph":[{"@type":"Article","@id":"https:\/\/www.ogl-kernen.de\/?p=287#article","isPartOf":{"@id":"https:\/\/www.ogl-kernen.de\/?p=287"},"author":{"name":"OGL-Fraktion","@id":"https:\/\/www.ogl-kernen.de\/#\/schema\/person\/383318e5abf332671b59f3be3324ae21"},"headline":"Doppelter Wechsel in der OGL-Fraktion","datePublished":"2022-07-25T14:58:00+00:00","dateModified":"2022-09-25T15:00:58+00:00","mainEntityOfPage":{"@id":"https:\/\/www.ogl-kernen.de\/?p=287"},"wordCount":347,"publisher":{"@id":"https:\/\/www.ogl-kernen.de\/#organization"},"articleSection":["Fraktion"],"inLanguage":"de"},{"@type":"WebPage","@id":"https:\/\/www.ogl-kernen.de\/?p=287","url":"https:\/\/www.ogl-kernen.de\/?p=287","name":"Doppelter Wechsel in der OGL-Fraktion - OGL Kernen","isPartOf":{"@id":"https:\/\/www.ogl-kernen.de\/#website"},"datePublished":"2022-07-25T14:58:00+00:00","dateModified":"2022-09-25T15:00:58+00:00","breadcrumb":{"@id":"https:\/\/www.ogl-kernen.de\/?p=287#breadcrumb"},"inLanguage":"de","potentialAction":[{"@type":"ReadAction","target":["https:\/\/www.ogl-kernen.de\/?p=287"]}]},{"@type":"BreadcrumbList","@id":"https:\/\/www.ogl-kernen.de\/?p=287#breadcrumb","itemListElement":[{"@type":"ListItem","position":1,"name":"Startseite","item":"https:\/\/www.ogl-kernen.de\/"},{"@type":"ListItem","position":2,"name":"Doppelter Wechsel in der OGL-Fraktion"}]},{"@type":"WebSite","@id":"https:\/\/www.ogl-kernen.de\/#website","url":"https:\/\/www.ogl-kernen.de\/","name":"OGL Kernen","description":"nachhaltig - sozial - weltoffen","publisher":{"@id":"https:\/\/www.ogl-kernen.de\/#organization"},"potentialAction":[{"@type":"SearchAction","target":{"@type":"EntryPoint","urlTemplate":"https:\/\/www.ogl-kernen.de\/?s={search_term_string}"},"query-input":"required name=search_term_string"}],"inLanguage":"de"},{"@type":"Organization","@id":"https:\/\/www.ogl-kernen.de\/#organization","name":"OGL Kernen","url":"https:\/\/www.ogl-kernen.de\/","logo":{"@type":"ImageObject","inLanguage":"de","@id":"https:\/\/www.ogl-kernen.de\/#\/schema\/logo\/image\/","url":"https:\/\/www.ogl-kernen.de\/test\/wp-content\/uploads\/2021\/05\/cropped-Logo-ow-scaled-1.jpg","contentUrl":"https:\/\/www.ogl-kernen.de\/test\/wp-content\/uploads\/2021\/05\/cropped-Logo-ow-scaled-1.jpg","width":2560,"height":478,"caption":"OGL Kernen"},"image":{"@id":"https:\/\/www.ogl-kernen.de\/#\/schema\/logo\/image\/"},"sameAs":["https:\/\/www.instagram.com\/ogl_kernen\/"]},{"@type":"Person","@id":"https:\/\/www.ogl-kernen.de\/#\/schema\/person\/383318e5abf332671b59f3be3324ae21","name":"OGL-Fraktion","image":{"@type":"ImageObject","inLanguage":"de","@id":"https:\/\/www.ogl-kernen.de\/#\/schema\/person\/image\/","url":"https:\/\/secure.gravatar.com\/avatar\/8c277aa77efd458be4e74c5e4711238f1c207f7ab927c95bd12c4e7ae71a3314?s=96&d=mm&r=g","contentUrl":"https:\/\/secure.gravatar.com\/avatar\/8c277aa77efd458be4e74c5e4711238f1c207f7ab927c95bd12c4e7ae71a3314?s=96&d=mm&r=g","caption":"OGL-Fraktion"},"url":"https:\/\/www.ogl-kernen.de\/?author=4"}]}},"_links":{"self":[{"href":"https:\/\/www.ogl-kernen.de\/index.php?rest_route=\/wp\/v2\/posts\/287","targetHints":{"allow":["GET"]}}],"collection":[{"href":"https:\/\/www.ogl-kernen.de\/index.php?rest_route=\/wp\/v2\/posts"}],"about":[{"href":"https:\/\/www.ogl-kernen.de\/index.php?rest_route=\/wp\/v2\/types\/post"}],"author":[{"embeddable":true,"href":"https:\/\/www.ogl-kernen.de\/index.php?rest_route=\/wp\/v2\/users\/4"}],"replies":[{"embeddable":true,"href":"https:\/\/www.ogl-kernen.de\/index.php?rest_route=%2Fwp%2Fv2%2Fcomments&post=287"}],"version-history":[{"count":1,"href":"https:\/\/www.ogl-kernen.de\/index.php?rest_route=\/wp\/v2\/posts\/287\/revisions"}],"predecessor-version":[{"id":288,"href":"https:\/\/www.ogl-kernen.de\/index.php?rest_route=\/wp\/v2\/posts\/287\/revisions\/288"}],"wp:attachment":[{"href":"https:\/\/www.ogl-kernen.de\/index.php?rest_route=%2Fwp%2Fv2%2Fmedia&parent=287"}],"wp:term":[{"taxonomy":"category","embeddable":true,"href":"https:\/\/www.ogl-kernen.de\/index.php?rest_route=%2Fwp%2Fv2%2Fcategories&post=287"},{"taxonomy":"post_tag","embeddable":true,"href":"https:\/\/www.ogl-kernen.de\/index.php?rest_route=%2Fwp%2Fv2%2Ftags&post=287"}],"curies":[{"name":"wp","href":"https:\/\/api.w.org\/{rel}","templated":true}]}}