{"id":274,"date":"2022-04-13T00:07:00","date_gmt":"2022-04-12T22:07:00","guid":{"rendered":"https:\/\/www.ogl-kernen.de\/?p=274"},"modified":"2022-09-25T17:02:12","modified_gmt":"2022-09-25T15:02:12","slug":"jahreshauptversammlung-der-offenen-gruenen-liste-kernen","status":"publish","type":"post","link":"https:\/\/www.ogl-kernen.de\/?p=274","title":{"rendered":"Jahreshauptversammlung der Offenen Gr\u00fcnen Liste Kernen"},"content":{"rendered":"\n<p><strong>Wann:<\/strong> Freitag, 13. Mai 2022 um 19 Uhr<\/p>\n\n\n\n<p><strong>Wo:<\/strong> Vereinsheim des HHO Stetten, Frauenl\u00e4nderstra\u00dfe 8<\/p>\n\n\n\n<p><strong>Tagesordnung:<\/strong><\/p>\n\n\n\n<p>&#8211; Begr\u00fc\u00dfung<\/p>\n\n\n\n<p>&#8211; Bericht aus Vorstand und Beirat<\/p>\n\n\n\n<p>&#8211; Entlastungen<\/p>\n\n\n\n<p>&#8211; Neuwahlen des Vorstandes<\/p>\n\n\n\n<p>&#8211; Bericht aus dem Gemeinderat<\/p>\n\n\n\n<p>&#8211; Jahresplanung 2022<\/p>\n\n\n\n<p>&#8211; Verschiedenes<\/p>\n\n\n\n<p>Erg\u00e4nzungen f\u00fcr die Tagesordnung k\u00f6nnen gerne noch an Andreas Stiene, Birgit Bregenzer-Kraus oder Michael Burger mitgeteilt werden.<\/p>\n\n\n\n<p>Wir freuen uns auf eine zahlreiche Teilnahme.<\/p>\n\n\n\n<p>Andreas Stiene, Birgit Bregenzer-Kraus, Michael Burger<\/p>\n\n\n\n<p><strong>Vorank\u00fcndigung Veranstaltung:<\/strong><\/p>\n\n\n\n<p>Donnerstag, <strong>12. Mai 2022 um 19:30 Uh<\/strong>r<\/p>\n\n\n\n<p><strong>Glockenkelter<\/strong>, Hindenburgstra\u00dfe 43, Kernen-Stetten<\/p>\n\n\n\n<p>Informationsveranstaltung zu <strong>Klein-PV-Anlagen<\/strong><\/p>\n","protected":false},"excerpt":{"rendered":"<p>Wann: Freitag, 13. Mai 2022 um 19 Uhr Wo: Vereinsheim des HHO Stetten, Frauenl\u00e4nderstra\u00dfe 8 Tagesordnung: &#8211; Begr\u00fc\u00dfung &#8211; Bericht aus Vorstand und Beirat &#8211; Entlastungen &#8211; Neuwahlen des Vorstandes &#8211; Bericht aus dem Gemeinderat &#8211; Jahresplanung 2022 &#8211; Verschiedenes Erg\u00e4nzungen f\u00fcr die Tagesordnung k\u00f6nnen gerne noch an Andreas Stiene, Birgit Bregenzer-Kraus oder Michael Burger &hellip;<\/p>\n<p class=\"read-more\"> <a class=\"\" href=\"https:\/\/www.ogl-kernen.de\/?p=274\"> <span class=\"screen-reader-text\">Jahreshauptversammlung der Offenen Gr\u00fcnen Liste Kernen<\/span> Weiterlesen &raquo;<\/a><\/p>\n","protected":false},"author":8,"featured_media":0,"comment_status":"closed","ping_status":"closed","sticky":false,"template":"","format":"standard","meta":{"site-sidebar-layout":"default","site-content-layout":"default","ast-global-header-display":"","ast-main-header-display":"","ast-hfb-above-header-display":"","ast-hfb-below-header-display":"","ast-hfb-mobile-header-display":"","site-post-title":"","ast-breadcrumbs-content":"","ast-featured-img":"","footer-sml-layout":"","theme-transparent-header-meta":"","adv-header-id-meta":"","stick-header-meta":"","header-above-stick-meta":"","header-main-stick-meta":"","header-below-stick-meta":"","footnotes":""},"categories":[1],"tags":[38],"class_list":["post-274","post","type-post","status-publish","format-standard","hentry","category-allgemein","tag-jahreshauptversammlung"],"yoast_head":"<!-- This site is optimized with the Yoast SEO plugin v22.2 - https:\/\/yoast.com\/wordpress\/plugins\/seo\/ -->\n<title>Jahreshauptversammlung der Offenen Gr\u00fcnen Liste Kernen - OGL Kernen<\/title>\n<meta name=\"robots\" content=\"index, follow, max-snippet:-1, max-image-preview:large, max-video-preview:-1\" \/>\n<link rel=\"canonical\" href=\"https:\/\/www.ogl-kernen.de\/?p=274\" \/>\n<meta property=\"og:locale\" content=\"de_DE\" \/>\n<meta property=\"og:type\" content=\"article\" \/>\n<meta property=\"og:title\" content=\"Jahreshauptversammlung der Offenen Gr\u00fcnen Liste Kernen - OGL Kernen\" \/>\n<meta property=\"og:description\" content=\"Wann: Freitag, 13. Mai 2022 um 19 Uhr Wo: Vereinsheim des HHO Stetten, Frauenl\u00e4nderstra\u00dfe 8 Tagesordnung: &#8211; Begr\u00fc\u00dfung &#8211; Bericht aus Vorstand und Beirat &#8211; Entlastungen &#8211; Neuwahlen des Vorstandes &#8211; Bericht aus dem Gemeinderat &#8211; Jahresplanung 2022 &#8211; Verschiedenes Erg\u00e4nzungen f\u00fcr die Tagesordnung k\u00f6nnen gerne noch an Andreas Stiene, Birgit Bregenzer-Kraus oder Michael Burger &hellip; Jahreshauptversammlung der Offenen Gr\u00fcnen Liste Kernen Weiterlesen &raquo;\" \/>\n<meta property=\"og:url\" content=\"https:\/\/www.ogl-kernen.de\/?p=274\" \/>\n<meta property=\"og:site_name\" content=\"OGL Kernen\" \/>\n<meta property=\"article:published_time\" content=\"2022-04-12T22:07:00+00:00\" \/>\n<meta property=\"article:modified_time\" content=\"2022-09-25T15:02:12+00:00\" \/>\n<meta name=\"author\" content=\"Andreas Stiene\" \/>\n<meta name=\"twitter:card\" content=\"summary_large_image\" \/>\n<meta name=\"twitter:label1\" content=\"Verfasst von\" \/>\n\t<meta name=\"twitter:data1\" content=\"Andreas Stiene\" \/>\n<script type=\"application\/ld+json\" class=\"yoast-schema-graph\">{\"@context\":\"https:\/\/schema.org\",\"@graph\":[{\"@type\":\"Article\",\"@id\":\"https:\/\/www.ogl-kernen.de\/?p=274#article\",\"isPartOf\":{\"@id\":\"https:\/\/www.ogl-kernen.de\/?p=274\"},\"author\":{\"name\":\"Andreas Stiene\",\"@id\":\"https:\/\/www.ogl-kernen.de\/#\/schema\/person\/8c7681ca3d01e0883c20654946048f6f\"},\"headline\":\"Jahreshauptversammlung der Offenen Gr\u00fcnen Liste Kernen\",\"datePublished\":\"2022-04-12T22:07:00+00:00\",\"dateModified\":\"2022-09-25T15:02:12+00:00\",\"mainEntityOfPage\":{\"@id\":\"https:\/\/www.ogl-kernen.de\/?p=274\"},\"wordCount\":92,\"publisher\":{\"@id\":\"https:\/\/www.ogl-kernen.de\/#organization\"},\"keywords\":[\"Jahreshauptversammlung\"],\"inLanguage\":\"de\"},{\"@type\":\"WebPage\",\"@id\":\"https:\/\/www.ogl-kernen.de\/?p=274\",\"url\":\"https:\/\/www.ogl-kernen.de\/?p=274\",\"name\":\"Jahreshauptversammlung der Offenen Gr\u00fcnen Liste Kernen - OGL Kernen\",\"isPartOf\":{\"@id\":\"https:\/\/www.ogl-kernen.de\/#website\"},\"datePublished\":\"2022-04-12T22:07:00+00:00\",\"dateModified\":\"2022-09-25T15:02:12+00:00\",\"breadcrumb\":{\"@id\":\"https:\/\/www.ogl-kernen.de\/?p=274#breadcrumb\"},\"inLanguage\":\"de\",\"potentialAction\":[{\"@type\":\"ReadAction\",\"target\":[\"https:\/\/www.ogl-kernen.de\/?p=274\"]}]},{\"@type\":\"BreadcrumbList\",\"@id\":\"https:\/\/www.ogl-kernen.de\/?p=274#breadcrumb\",\"itemListElement\":[{\"@type\":\"ListItem\",\"position\":1,\"name\":\"Startseite\",\"item\":\"https:\/\/www.ogl-kernen.de\/\"},{\"@type\":\"ListItem\",\"position\":2,\"name\":\"Jahreshauptversammlung der Offenen Gr\u00fcnen Liste Kernen\"}]},{\"@type\":\"WebSite\",\"@id\":\"https:\/\/www.ogl-kernen.de\/#website\",\"url\":\"https:\/\/www.ogl-kernen.de\/\",\"name\":\"OGL Kernen\",\"description\":\"nachhaltig - sozial - weltoffen\",\"publisher\":{\"@id\":\"https:\/\/www.ogl-kernen.de\/#organization\"},\"potentialAction\":[{\"@type\":\"SearchAction\",\"target\":{\"@type\":\"EntryPoint\",\"urlTemplate\":\"https:\/\/www.ogl-kernen.de\/?s={search_term_string}\"},\"query-input\":\"required name=search_term_string\"}],\"inLanguage\":\"de\"},{\"@type\":\"Organization\",\"@id\":\"https:\/\/www.ogl-kernen.de\/#organization\",\"name\":\"OGL Kernen\",\"url\":\"https:\/\/www.ogl-kernen.de\/\",\"logo\":{\"@type\":\"ImageObject\",\"inLanguage\":\"de\",\"@id\":\"https:\/\/www.ogl-kernen.de\/#\/schema\/logo\/image\/\",\"url\":\"https:\/\/www.ogl-kernen.de\/test\/wp-content\/uploads\/2021\/05\/cropped-Logo-ow-scaled-1.jpg\",\"contentUrl\":\"https:\/\/www.ogl-kernen.de\/test\/wp-content\/uploads\/2021\/05\/cropped-Logo-ow-scaled-1.jpg\",\"width\":2560,\"height\":478,\"caption\":\"OGL Kernen\"},\"image\":{\"@id\":\"https:\/\/www.ogl-kernen.de\/#\/schema\/logo\/image\/\"},\"sameAs\":[\"https:\/\/www.instagram.com\/ogl_kernen\/\"]},{\"@type\":\"Person\",\"@id\":\"https:\/\/www.ogl-kernen.de\/#\/schema\/person\/8c7681ca3d01e0883c20654946048f6f\",\"name\":\"Andreas Stiene\",\"image\":{\"@type\":\"ImageObject\",\"inLanguage\":\"de\",\"@id\":\"https:\/\/www.ogl-kernen.de\/#\/schema\/person\/image\/\",\"url\":\"https:\/\/secure.gravatar.com\/avatar\/cdda86c6024ccb57a33686cded59f1d5fc56222b126369fcd1666551d768a38f?s=96&d=mm&r=g\",\"contentUrl\":\"https:\/\/secure.gravatar.com\/avatar\/cdda86c6024ccb57a33686cded59f1d5fc56222b126369fcd1666551d768a38f?s=96&d=mm&r=g\",\"caption\":\"Andreas Stiene\"},\"url\":\"https:\/\/www.ogl-kernen.de\/?author=8\"}]}<\/script>\n<!-- \/ Yoast SEO plugin. -->","yoast_head_json":{"title":"Jahreshauptversammlung der Offenen Gr\u00fcnen Liste Kernen - OGL Kernen","robots":{"index":"index","follow":"follow","max-snippet":"max-snippet:-1","max-image-preview":"max-image-preview:large","max-video-preview":"max-video-preview:-1"},"canonical":"https:\/\/www.ogl-kernen.de\/?p=274","og_locale":"de_DE","og_type":"article","og_title":"Jahreshauptversammlung der Offenen Gr\u00fcnen Liste Kernen - OGL Kernen","og_description":"Wann: Freitag, 13. Mai 2022 um 19 Uhr Wo: Vereinsheim des HHO Stetten, Frauenl\u00e4nderstra\u00dfe 8 Tagesordnung: &#8211; Begr\u00fc\u00dfung &#8211; Bericht aus Vorstand und Beirat &#8211; Entlastungen &#8211; Neuwahlen des Vorstandes &#8211; Bericht aus dem Gemeinderat &#8211; Jahresplanung 2022 &#8211; Verschiedenes Erg\u00e4nzungen f\u00fcr die Tagesordnung k\u00f6nnen gerne noch an Andreas Stiene, Birgit Bregenzer-Kraus oder Michael Burger &hellip; Jahreshauptversammlung der Offenen Gr\u00fcnen Liste Kernen Weiterlesen &raquo;","og_url":"https:\/\/www.ogl-kernen.de\/?p=274","og_site_name":"OGL Kernen","article_published_time":"2022-04-12T22:07:00+00:00","article_modified_time":"2022-09-25T15:02:12+00:00","author":"Andreas Stiene","twitter_card":"summary_large_image","twitter_misc":{"Verfasst von":"Andreas Stiene"},"schema":{"@context":"https:\/\/schema.org","@graph":[{"@type":"Article","@id":"https:\/\/www.ogl-kernen.de\/?p=274#article","isPartOf":{"@id":"https:\/\/www.ogl-kernen.de\/?p=274"},"author":{"name":"Andreas Stiene","@id":"https:\/\/www.ogl-kernen.de\/#\/schema\/person\/8c7681ca3d01e0883c20654946048f6f"},"headline":"Jahreshauptversammlung der Offenen Gr\u00fcnen Liste Kernen","datePublished":"2022-04-12T22:07:00+00:00","dateModified":"2022-09-25T15:02:12+00:00","mainEntityOfPage":{"@id":"https:\/\/www.ogl-kernen.de\/?p=274"},"wordCount":92,"publisher":{"@id":"https:\/\/www.ogl-kernen.de\/#organization"},"keywords":["Jahreshauptversammlung"],"inLanguage":"de"},{"@type":"WebPage","@id":"https:\/\/www.ogl-kernen.de\/?p=274","url":"https:\/\/www.ogl-kernen.de\/?p=274","name":"Jahreshauptversammlung der Offenen Gr\u00fcnen Liste Kernen - OGL Kernen","isPartOf":{"@id":"https:\/\/www.ogl-kernen.de\/#website"},"datePublished":"2022-04-12T22:07:00+00:00","dateModified":"2022-09-25T15:02:12+00:00","breadcrumb":{"@id":"https:\/\/www.ogl-kernen.de\/?p=274#breadcrumb"},"inLanguage":"de","potentialAction":[{"@type":"ReadAction","target":["https:\/\/www.ogl-kernen.de\/?p=274"]}]},{"@type":"BreadcrumbList","@id":"https:\/\/www.ogl-kernen.de\/?p=274#breadcrumb","itemListElement":[{"@type":"ListItem","position":1,"name":"Startseite","item":"https:\/\/www.ogl-kernen.de\/"},{"@type":"ListItem","position":2,"name":"Jahreshauptversammlung der Offenen Gr\u00fcnen Liste Kernen"}]},{"@type":"WebSite","@id":"https:\/\/www.ogl-kernen.de\/#website","url":"https:\/\/www.ogl-kernen.de\/","name":"OGL Kernen","description":"nachhaltig - sozial - weltoffen","publisher":{"@id":"https:\/\/www.ogl-kernen.de\/#organization"},"potentialAction":[{"@type":"SearchAction","target":{"@type":"EntryPoint","urlTemplate":"https:\/\/www.ogl-kernen.de\/?s={search_term_string}"},"query-input":"required name=search_term_string"}],"inLanguage":"de"},{"@type":"Organization","@id":"https:\/\/www.ogl-kernen.de\/#organization","name":"OGL Kernen","url":"https:\/\/www.ogl-kernen.de\/","logo":{"@type":"ImageObject","inLanguage":"de","@id":"https:\/\/www.ogl-kernen.de\/#\/schema\/logo\/image\/","url":"https:\/\/www.ogl-kernen.de\/test\/wp-content\/uploads\/2021\/05\/cropped-Logo-ow-scaled-1.jpg","contentUrl":"https:\/\/www.ogl-kernen.de\/test\/wp-content\/uploads\/2021\/05\/cropped-Logo-ow-scaled-1.jpg","width":2560,"height":478,"caption":"OGL Kernen"},"image":{"@id":"https:\/\/www.ogl-kernen.de\/#\/schema\/logo\/image\/"},"sameAs":["https:\/\/www.instagram.com\/ogl_kernen\/"]},{"@type":"Person","@id":"https:\/\/www.ogl-kernen.de\/#\/schema\/person\/8c7681ca3d01e0883c20654946048f6f","name":"Andreas Stiene","image":{"@type":"ImageObject","inLanguage":"de","@id":"https:\/\/www.ogl-kernen.de\/#\/schema\/person\/image\/","url":"https:\/\/secure.gravatar.com\/avatar\/cdda86c6024ccb57a33686cded59f1d5fc56222b126369fcd1666551d768a38f?s=96&d=mm&r=g","contentUrl":"https:\/\/secure.gravatar.com\/avatar\/cdda86c6024ccb57a33686cded59f1d5fc56222b126369fcd1666551d768a38f?s=96&d=mm&r=g","caption":"Andreas Stiene"},"url":"https:\/\/www.ogl-kernen.de\/?author=8"}]}},"_links":{"self":[{"href":"https:\/\/www.ogl-kernen.de\/index.php?rest_route=\/wp\/v2\/posts\/274","targetHints":{"allow":["GET"]}}],"collection":[{"href":"https:\/\/www.ogl-kernen.de\/index.php?rest_route=\/wp\/v2\/posts"}],"about":[{"href":"https:\/\/www.ogl-kernen.de\/index.php?rest_route=\/wp\/v2\/types\/post"}],"author":[{"embeddable":true,"href":"https:\/\/www.ogl-kernen.de\/index.php?rest_route=\/wp\/v2\/users\/8"}],"replies":[{"embeddable":true,"href":"https:\/\/www.ogl-kernen.de\/index.php?rest_route=%2Fwp%2Fv2%2Fcomments&post=274"}],"version-history":[{"count":1,"href":"https:\/\/www.ogl-kernen.de\/index.php?rest_route=\/wp\/v2\/posts\/274\/revisions"}],"predecessor-version":[{"id":275,"href":"https:\/\/www.ogl-kernen.de\/index.php?rest_route=\/wp\/v2\/posts\/274\/revisions\/275"}],"wp:attachment":[{"href":"https:\/\/www.ogl-kernen.de\/index.php?rest_route=%2Fwp%2Fv2%2Fmedia&parent=274"}],"wp:term":[{"taxonomy":"category","embeddable":true,"href":"https:\/\/www.ogl-kernen.de\/index.php?rest_route=%2Fwp%2Fv2%2Fcategories&post=274"},{"taxonomy":"post_tag","embeddable":true,"href":"https:\/\/www.ogl-kernen.de\/index.php?rest_route=%2Fwp%2Fv2%2Ftags&post=274"}],"curies":[{"name":"wp","href":"https:\/\/api.w.org\/{rel}","templated":true}]}}