{"id":272,"date":"2022-04-21T00:02:00","date_gmt":"2022-04-20T22:02:00","guid":{"rendered":"https:\/\/www.ogl-kernen.de\/?p=272"},"modified":"2022-05-12T00:05:53","modified_gmt":"2022-05-11T22:05:53","slug":"mensch-contra-rebhuhn","status":"publish","type":"post","link":"https:\/\/www.ogl-kernen.de\/?p=272","title":{"rendered":"Mensch contra Rebhuhn?"},"content":{"rendered":"\n<p>Es ist Krieg in Europa und der betrifft uns alle. Die Kommune unternimmt gro\u00dfe Anstrengungen, um gefl\u00fcchteten Menschen eine Unterkunft zu bieten. Wir sp\u00fcren die Auswirkungen, wenn wir tanken oder einkaufen: Die Preise sind gestiegen. Sogar <strong>die Sorge um Lebensmittelknappheit scheint einige von uns umzutreiben<\/strong>. So stellte die CDU in der vergangenen Gemeinderatssitzung die Anfrage, was die Gemeinde tun k\u00f6nne, damit unseren Landwirten <strong>mehr Anbaufl\u00e4chen<\/strong> zur Verf\u00fcgung stehen. Und der L\u00f6sungsansatz wurde gleich mitgeliefert: Fl\u00e4chen, die f\u00fcr den Schutz der Rebh\u00fchner und Insekten reserviert sind, zur Disposition stellen. Oder sei das Rebhuhn etwa wichtiger als der Mensch, lautete in etwa die Frage.<\/p>\n\n\n\n<p>Nun ist es ja sicherlich keine schlechte Idee, sich Gedanken zu machen, wie man mehr Fl\u00e4chen f\u00fcr den Anbau von Nahrungsmitteln gewinnen kann. Zumal in vielen armen L\u00e4ndern dieses Jahr durch Ernteausf\u00e4lle in der Ukraine und hohe Getreidepreise eine Hungersnot droht. Aber <strong>ist es sinnvoll daf\u00fcr Naturschutz- oder Ausgleichsfl\u00e4chen zu opfern<\/strong>, sei es in Kernen oder deutschlandweit? <strong>Gibt es keine anderen M\u00f6glichkeiten?<\/strong> Sicherlich! Hier ein paar Fakten: In Kernen gehen demn\u00e4chst in Lange \u00c4cker III 2,7 Hektar <strong>fruchtbarste Ackerb\u00f6den f\u00fcr Stra\u00dfen und Firmengeb\u00e4ude<\/strong> verloren, mit Zustimmung der CDU. <strong>Autobahnen<\/strong> werden in ganz Deutschland weiter flei\u00dfig ausgebaut, trotz proklamierter Mobilit\u00e4tswende. <strong>Unserem Kraftsoff Super-E10 wird 10 Prozent Biokraftstoff beigemischt<\/strong>. Dieser wird haupts\u00e4chlich aus Futtergetreide und Industrier\u00fcben, die auch auf unseren Feldern angebaut werden, hergestellt. \u00c4hnlich ist es bei <strong>Mais<\/strong>, welcher <strong>f\u00fcr Biogasanlagen<\/strong> ben\u00f6tigt wird. <strong>F\u00fcr die Viehzucht werden rund 60 Prozent der gesamten landwirtschaftlichen Nutzfl\u00e4che in Deutschland ben\u00f6tigt<\/strong>, so das Bundesinformationszentrum f\u00fcr Landwirtschaft. Etwas weniger als die H\u00e4lfte der Futterbaufl\u00e4chen sind Dauergr\u00fcnland, der andere Teil Ackerland. <strong>Und laut WWF landen j\u00e4hrlich 18 Millionen Tonnen Lebensmittel in unserem Land in der M\u00fclltonne<\/strong>. Das sind mehr als 200 Kilogramm pro Einwohner. Es gibt also gen\u00fcgend Ans\u00e4tze, um mehr Lebensmittel auf unsere Teller zu bekommen. Die Politik und jeder einzelne von uns m\u00fcssen es nur <strong>wollen und dementsprechend handeln<\/strong>.<\/p>\n\n\n\n<p>Die biologische Vielfalt, also der Reichtum der Natur, ist das vielleicht wichtigste Gut unseres Planeten. Diesen Reichtum unn\u00f6tig und leichtfertig aufs Spiel zu setzen ist in unseren Augen der v\u00f6llig falsche Ansatz.<\/p>\n\n\n\n<p>Matthias Kramer, OGL Kernen<\/p>\n","protected":false},"excerpt":{"rendered":"<p>Es ist Krieg in Europa und der betrifft uns alle. Die Kommune unternimmt gro\u00dfe Anstrengungen, um gefl\u00fcchteten Menschen eine Unterkunft zu bieten. Wir sp\u00fcren die Auswirkungen, wenn wir tanken oder einkaufen: Die Preise sind gestiegen. Sogar die Sorge um Lebensmittelknappheit scheint einige von uns umzutreiben. So stellte die CDU in der vergangenen Gemeinderatssitzung die Anfrage, &hellip;<\/p>\n<p class=\"read-more\"> <a class=\"\" href=\"https:\/\/www.ogl-kernen.de\/?p=272\"> <span class=\"screen-reader-text\">Mensch contra Rebhuhn?<\/span> Weiterlesen &raquo;<\/a><\/p>\n","protected":false},"author":3,"featured_media":0,"comment_status":"closed","ping_status":"closed","sticky":false,"template":"","format":"standard","meta":{"site-sidebar-layout":"default","site-content-layout":"default","ast-global-header-display":"","ast-main-header-display":"","ast-hfb-above-header-display":"","ast-hfb-below-header-display":"","ast-hfb-mobile-header-display":"","site-post-title":"","ast-breadcrumbs-content":"","ast-featured-img":"","footer-sml-layout":"","theme-transparent-header-meta":"","adv-header-id-meta":"","stick-header-meta":"","header-above-stick-meta":"","header-main-stick-meta":"","header-below-stick-meta":"","footnotes":""},"categories":[4],"tags":[74,29,73,72],"class_list":["post-272","post","type-post","status-publish","format-standard","hentry","category-fraktion","tag-krieg","tag-landwirtschaft","tag-lange-aecker","tag-rebhuhn"],"yoast_head":"<!-- This site is optimized with the Yoast SEO plugin v22.2 - https:\/\/yoast.com\/wordpress\/plugins\/seo\/ -->\n<title>Mensch contra Rebhuhn? - OGL Kernen<\/title>\n<meta name=\"robots\" content=\"index, follow, max-snippet:-1, max-image-preview:large, max-video-preview:-1\" \/>\n<link rel=\"canonical\" href=\"https:\/\/www.ogl-kernen.de\/?p=272\" \/>\n<meta property=\"og:locale\" content=\"de_DE\" \/>\n<meta property=\"og:type\" content=\"article\" \/>\n<meta property=\"og:title\" content=\"Mensch contra Rebhuhn? - OGL Kernen\" \/>\n<meta property=\"og:description\" content=\"Es ist Krieg in Europa und der betrifft uns alle. Die Kommune unternimmt gro\u00dfe Anstrengungen, um gefl\u00fcchteten Menschen eine Unterkunft zu bieten. Wir sp\u00fcren die Auswirkungen, wenn wir tanken oder einkaufen: Die Preise sind gestiegen. Sogar die Sorge um Lebensmittelknappheit scheint einige von uns umzutreiben. So stellte die CDU in der vergangenen Gemeinderatssitzung die Anfrage, &hellip; Mensch contra Rebhuhn? Weiterlesen &raquo;\" \/>\n<meta property=\"og:url\" content=\"https:\/\/www.ogl-kernen.de\/?p=272\" \/>\n<meta property=\"og:site_name\" content=\"OGL Kernen\" \/>\n<meta property=\"article:published_time\" content=\"2022-04-20T22:02:00+00:00\" \/>\n<meta property=\"article:modified_time\" content=\"2022-05-11T22:05:53+00:00\" \/>\n<meta name=\"author\" content=\"Matthias Kramer\" \/>\n<meta name=\"twitter:card\" content=\"summary_large_image\" \/>\n<meta name=\"twitter:label1\" content=\"Verfasst von\" \/>\n\t<meta name=\"twitter:data1\" content=\"Matthias Kramer\" \/>\n\t<meta name=\"twitter:label2\" content=\"Gesch\u00e4tzte Lesezeit\" \/>\n\t<meta name=\"twitter:data2\" content=\"2\u00a0Minuten\" \/>\n<script type=\"application\/ld+json\" class=\"yoast-schema-graph\">{\"@context\":\"https:\/\/schema.org\",\"@graph\":[{\"@type\":\"Article\",\"@id\":\"https:\/\/www.ogl-kernen.de\/?p=272#article\",\"isPartOf\":{\"@id\":\"https:\/\/www.ogl-kernen.de\/?p=272\"},\"author\":{\"name\":\"Matthias Kramer\",\"@id\":\"https:\/\/www.ogl-kernen.de\/#\/schema\/person\/92d45b78564a61718a56f762c5c32250\"},\"headline\":\"Mensch contra Rebhuhn?\",\"datePublished\":\"2022-04-20T22:02:00+00:00\",\"dateModified\":\"2022-05-11T22:05:53+00:00\",\"mainEntityOfPage\":{\"@id\":\"https:\/\/www.ogl-kernen.de\/?p=272\"},\"wordCount\":392,\"publisher\":{\"@id\":\"https:\/\/www.ogl-kernen.de\/#organization\"},\"keywords\":[\"Krieg\",\"Landwirtschaft\",\"Lange \u00c4cker\",\"Rebhuhn\"],\"articleSection\":[\"Fraktion\"],\"inLanguage\":\"de\"},{\"@type\":\"WebPage\",\"@id\":\"https:\/\/www.ogl-kernen.de\/?p=272\",\"url\":\"https:\/\/www.ogl-kernen.de\/?p=272\",\"name\":\"Mensch contra Rebhuhn? - OGL Kernen\",\"isPartOf\":{\"@id\":\"https:\/\/www.ogl-kernen.de\/#website\"},\"datePublished\":\"2022-04-20T22:02:00+00:00\",\"dateModified\":\"2022-05-11T22:05:53+00:00\",\"breadcrumb\":{\"@id\":\"https:\/\/www.ogl-kernen.de\/?p=272#breadcrumb\"},\"inLanguage\":\"de\",\"potentialAction\":[{\"@type\":\"ReadAction\",\"target\":[\"https:\/\/www.ogl-kernen.de\/?p=272\"]}]},{\"@type\":\"BreadcrumbList\",\"@id\":\"https:\/\/www.ogl-kernen.de\/?p=272#breadcrumb\",\"itemListElement\":[{\"@type\":\"ListItem\",\"position\":1,\"name\":\"Startseite\",\"item\":\"https:\/\/www.ogl-kernen.de\/\"},{\"@type\":\"ListItem\",\"position\":2,\"name\":\"Mensch contra Rebhuhn?\"}]},{\"@type\":\"WebSite\",\"@id\":\"https:\/\/www.ogl-kernen.de\/#website\",\"url\":\"https:\/\/www.ogl-kernen.de\/\",\"name\":\"OGL Kernen\",\"description\":\"nachhaltig - sozial - weltoffen\",\"publisher\":{\"@id\":\"https:\/\/www.ogl-kernen.de\/#organization\"},\"potentialAction\":[{\"@type\":\"SearchAction\",\"target\":{\"@type\":\"EntryPoint\",\"urlTemplate\":\"https:\/\/www.ogl-kernen.de\/?s={search_term_string}\"},\"query-input\":\"required name=search_term_string\"}],\"inLanguage\":\"de\"},{\"@type\":\"Organization\",\"@id\":\"https:\/\/www.ogl-kernen.de\/#organization\",\"name\":\"OGL Kernen\",\"url\":\"https:\/\/www.ogl-kernen.de\/\",\"logo\":{\"@type\":\"ImageObject\",\"inLanguage\":\"de\",\"@id\":\"https:\/\/www.ogl-kernen.de\/#\/schema\/logo\/image\/\",\"url\":\"https:\/\/www.ogl-kernen.de\/test\/wp-content\/uploads\/2021\/05\/cropped-Logo-ow-scaled-1.jpg\",\"contentUrl\":\"https:\/\/www.ogl-kernen.de\/test\/wp-content\/uploads\/2021\/05\/cropped-Logo-ow-scaled-1.jpg\",\"width\":2560,\"height\":478,\"caption\":\"OGL Kernen\"},\"image\":{\"@id\":\"https:\/\/www.ogl-kernen.de\/#\/schema\/logo\/image\/\"},\"sameAs\":[\"https:\/\/www.instagram.com\/ogl_kernen\/\"]},{\"@type\":\"Person\",\"@id\":\"https:\/\/www.ogl-kernen.de\/#\/schema\/person\/92d45b78564a61718a56f762c5c32250\",\"name\":\"Matthias Kramer\",\"image\":{\"@type\":\"ImageObject\",\"inLanguage\":\"de\",\"@id\":\"https:\/\/www.ogl-kernen.de\/#\/schema\/person\/image\/\",\"url\":\"https:\/\/secure.gravatar.com\/avatar\/eca732170f439564e0de7ff140dc083abd1fcf055dfd83a8985c214a6afa79c9?s=96&d=mm&r=g\",\"contentUrl\":\"https:\/\/secure.gravatar.com\/avatar\/eca732170f439564e0de7ff140dc083abd1fcf055dfd83a8985c214a6afa79c9?s=96&d=mm&r=g\",\"caption\":\"Matthias Kramer\"},\"url\":\"https:\/\/www.ogl-kernen.de\/?author=3\"}]}<\/script>\n<!-- \/ Yoast SEO plugin. -->","yoast_head_json":{"title":"Mensch contra Rebhuhn? - OGL Kernen","robots":{"index":"index","follow":"follow","max-snippet":"max-snippet:-1","max-image-preview":"max-image-preview:large","max-video-preview":"max-video-preview:-1"},"canonical":"https:\/\/www.ogl-kernen.de\/?p=272","og_locale":"de_DE","og_type":"article","og_title":"Mensch contra Rebhuhn? - OGL Kernen","og_description":"Es ist Krieg in Europa und der betrifft uns alle. Die Kommune unternimmt gro\u00dfe Anstrengungen, um gefl\u00fcchteten Menschen eine Unterkunft zu bieten. Wir sp\u00fcren die Auswirkungen, wenn wir tanken oder einkaufen: Die Preise sind gestiegen. Sogar die Sorge um Lebensmittelknappheit scheint einige von uns umzutreiben. So stellte die CDU in der vergangenen Gemeinderatssitzung die Anfrage, &hellip; Mensch contra Rebhuhn? Weiterlesen &raquo;","og_url":"https:\/\/www.ogl-kernen.de\/?p=272","og_site_name":"OGL Kernen","article_published_time":"2022-04-20T22:02:00+00:00","article_modified_time":"2022-05-11T22:05:53+00:00","author":"Matthias Kramer","twitter_card":"summary_large_image","twitter_misc":{"Verfasst von":"Matthias Kramer","Gesch\u00e4tzte Lesezeit":"2\u00a0Minuten"},"schema":{"@context":"https:\/\/schema.org","@graph":[{"@type":"Article","@id":"https:\/\/www.ogl-kernen.de\/?p=272#article","isPartOf":{"@id":"https:\/\/www.ogl-kernen.de\/?p=272"},"author":{"name":"Matthias Kramer","@id":"https:\/\/www.ogl-kernen.de\/#\/schema\/person\/92d45b78564a61718a56f762c5c32250"},"headline":"Mensch contra Rebhuhn?","datePublished":"2022-04-20T22:02:00+00:00","dateModified":"2022-05-11T22:05:53+00:00","mainEntityOfPage":{"@id":"https:\/\/www.ogl-kernen.de\/?p=272"},"wordCount":392,"publisher":{"@id":"https:\/\/www.ogl-kernen.de\/#organization"},"keywords":["Krieg","Landwirtschaft","Lange \u00c4cker","Rebhuhn"],"articleSection":["Fraktion"],"inLanguage":"de"},{"@type":"WebPage","@id":"https:\/\/www.ogl-kernen.de\/?p=272","url":"https:\/\/www.ogl-kernen.de\/?p=272","name":"Mensch contra Rebhuhn? - OGL Kernen","isPartOf":{"@id":"https:\/\/www.ogl-kernen.de\/#website"},"datePublished":"2022-04-20T22:02:00+00:00","dateModified":"2022-05-11T22:05:53+00:00","breadcrumb":{"@id":"https:\/\/www.ogl-kernen.de\/?p=272#breadcrumb"},"inLanguage":"de","potentialAction":[{"@type":"ReadAction","target":["https:\/\/www.ogl-kernen.de\/?p=272"]}]},{"@type":"BreadcrumbList","@id":"https:\/\/www.ogl-kernen.de\/?p=272#breadcrumb","itemListElement":[{"@type":"ListItem","position":1,"name":"Startseite","item":"https:\/\/www.ogl-kernen.de\/"},{"@type":"ListItem","position":2,"name":"Mensch contra Rebhuhn?"}]},{"@type":"WebSite","@id":"https:\/\/www.ogl-kernen.de\/#website","url":"https:\/\/www.ogl-kernen.de\/","name":"OGL Kernen","description":"nachhaltig - sozial - weltoffen","publisher":{"@id":"https:\/\/www.ogl-kernen.de\/#organization"},"potentialAction":[{"@type":"SearchAction","target":{"@type":"EntryPoint","urlTemplate":"https:\/\/www.ogl-kernen.de\/?s={search_term_string}"},"query-input":"required name=search_term_string"}],"inLanguage":"de"},{"@type":"Organization","@id":"https:\/\/www.ogl-kernen.de\/#organization","name":"OGL Kernen","url":"https:\/\/www.ogl-kernen.de\/","logo":{"@type":"ImageObject","inLanguage":"de","@id":"https:\/\/www.ogl-kernen.de\/#\/schema\/logo\/image\/","url":"https:\/\/www.ogl-kernen.de\/test\/wp-content\/uploads\/2021\/05\/cropped-Logo-ow-scaled-1.jpg","contentUrl":"https:\/\/www.ogl-kernen.de\/test\/wp-content\/uploads\/2021\/05\/cropped-Logo-ow-scaled-1.jpg","width":2560,"height":478,"caption":"OGL Kernen"},"image":{"@id":"https:\/\/www.ogl-kernen.de\/#\/schema\/logo\/image\/"},"sameAs":["https:\/\/www.instagram.com\/ogl_kernen\/"]},{"@type":"Person","@id":"https:\/\/www.ogl-kernen.de\/#\/schema\/person\/92d45b78564a61718a56f762c5c32250","name":"Matthias Kramer","image":{"@type":"ImageObject","inLanguage":"de","@id":"https:\/\/www.ogl-kernen.de\/#\/schema\/person\/image\/","url":"https:\/\/secure.gravatar.com\/avatar\/eca732170f439564e0de7ff140dc083abd1fcf055dfd83a8985c214a6afa79c9?s=96&d=mm&r=g","contentUrl":"https:\/\/secure.gravatar.com\/avatar\/eca732170f439564e0de7ff140dc083abd1fcf055dfd83a8985c214a6afa79c9?s=96&d=mm&r=g","caption":"Matthias Kramer"},"url":"https:\/\/www.ogl-kernen.de\/?author=3"}]}},"_links":{"self":[{"href":"https:\/\/www.ogl-kernen.de\/index.php?rest_route=\/wp\/v2\/posts\/272","targetHints":{"allow":["GET"]}}],"collection":[{"href":"https:\/\/www.ogl-kernen.de\/index.php?rest_route=\/wp\/v2\/posts"}],"about":[{"href":"https:\/\/www.ogl-kernen.de\/index.php?rest_route=\/wp\/v2\/types\/post"}],"author":[{"embeddable":true,"href":"https:\/\/www.ogl-kernen.de\/index.php?rest_route=\/wp\/v2\/users\/3"}],"replies":[{"embeddable":true,"href":"https:\/\/www.ogl-kernen.de\/index.php?rest_route=%2Fwp%2Fv2%2Fcomments&post=272"}],"version-history":[{"count":1,"href":"https:\/\/www.ogl-kernen.de\/index.php?rest_route=\/wp\/v2\/posts\/272\/revisions"}],"predecessor-version":[{"id":273,"href":"https:\/\/www.ogl-kernen.de\/index.php?rest_route=\/wp\/v2\/posts\/272\/revisions\/273"}],"wp:attachment":[{"href":"https:\/\/www.ogl-kernen.de\/index.php?rest_route=%2Fwp%2Fv2%2Fmedia&parent=272"}],"wp:term":[{"taxonomy":"category","embeddable":true,"href":"https:\/\/www.ogl-kernen.de\/index.php?rest_route=%2Fwp%2Fv2%2Fcategories&post=272"},{"taxonomy":"post_tag","embeddable":true,"href":"https:\/\/www.ogl-kernen.de\/index.php?rest_route=%2Fwp%2Fv2%2Ftags&post=272"}],"curies":[{"name":"wp","href":"https:\/\/api.w.org\/{rel}","templated":true}]}}