{"id":268,"date":"2022-05-11T23:50:00","date_gmt":"2022-05-11T21:50:00","guid":{"rendered":"https:\/\/www.ogl-kernen.de\/?p=268"},"modified":"2022-05-11T23:53:40","modified_gmt":"2022-05-11T21:53:40","slug":"friedhoefe-orte-des-lebens","status":"publish","type":"post","link":"https:\/\/www.ogl-kernen.de\/?p=268","title":{"rendered":"Friedh\u00f6fe &#8211; Orte des Lebens?"},"content":{"rendered":"\n<p>Welche Assoziationen kommen Ihnen, wenn Sie \u00fcber Friedh\u00f6fe nachdenken? F\u00fcr mich ist der Friedhof ein Ort der Ruhe und der Erinnerung. Als Jugendlicher habe ich fr\u00fcher \u00f6fters mit dem Fahrrad meine Oma im Schwarzwald besucht. Auf dem Weg zu ihr suchte ich f\u00fcr die Vesperpausen Friedh\u00f6fe auf. Dort fand ich immer eine Sitzbank und die n\u00f6tige Stille, um mich auszuruhen und neue Energie zu tanken.<\/p>\n\n\n\n<p>Auch heute suche ich noch gerne Friedh\u00f6fe auf. Dort ist man abseits vom Alltagstrubel und die Zeit scheint f\u00fcr einen kurzen Moment still zu stehen. Au\u00dferdem bieten Friedh\u00f6fe meist viel Gr\u00fcn. Man k\u00f6nnte sie auch als Parkanlagen bezeichnen, welche der Tier- und Pflanzenwelt viel Lebensraum bieten (k\u00f6nnten). Denn wo sonst findet man alte Baumbest\u00e4nde, Geb\u00fcsche und Wiesen, eventuell sogar einen kleinen Teich, Mauern und eine Vielzahl von Blumen an einem Ort? Durch dieses Mosaik von vielen verschiedenen Biotoptypen sind beste Voraussetzungen gegeben, um unterschiedlichsten Pflanzen und Kleintieren ein Zuhause zu bieten. Zudem ist dieser Lebensraum besonders wertvoll, weil es hier nur selten gr\u00f6\u00dfere Ver\u00e4nderungen gibt und sich deshalb ein stabiles \u00d6kosystem ausbilden kann.<\/p>\n\n\n\n<p>Und genau hier gilt es anzusetzen und manches neu zu denken. Sowohl f\u00fcr die Kommune, die f\u00fcr die Pflege der Gr\u00fcnanlagen verantwortlich ist, als auch f\u00fcr B\u00fcrgerinnen und B\u00fcrger, sowie G\u00e4rtnereibetriebe, welche sich um die Grabpflege k\u00fcmmern. Muss es unbedingt ein artenarmer Zierrasen sein, der unn\u00f6tig viele Male im Jahr gem\u00e4ht wird oder w\u00e4re eine insektenfreundliche und dazu noch pflegeleichte Wildblumenwiese nicht sch\u00f6ner und besser (siehe Gemeinde Blumenthal)? Wie wird im Herbst mit Laub umgegangen? Wie und wann werden B\u00fcsche zur\u00fcckgeschnitten, sind R\u00fcckzugsgebiete f\u00fcr Kleintiere, Insekten und Nistm\u00f6glichkeiten f\u00fcr V\u00f6gel vorhanden? Es gibt unz\u00e4hlbar viele M\u00f6glichkeiten, die Gr\u00fcnfl\u00e4chen eines Friedhofes \u00f6kologisch aufzuwerten. Dies gilt auch f\u00fcr die Grabanlagen. Hier kann man zum Beispiel auf torfhaltige Erde verzichten und heimische, mehrj\u00e4hrige und insektenfreundliche Stauden pflanzen. Die G\u00e4rtnereibetriebe k\u00f6nnen hierzu sicherlich wertvolle Tipps geben. Bei der Wahl der Urnen, des Sarges und dessen Innenauskleidung kann darauf geachtet werden, dass diese biologisch gut abbaubar sind (keine Lacke oder Kunstfasern), usw.<\/p>\n\n\n\n<p>Fazit: Friedh\u00f6fe m\u00fcssen keine toten St\u00e4tten sein. Ganz im Gegenteil. Friedh\u00f6fe k\u00f6nnen Vielfalt und Leben ausstrahlen. Wir m\u00fcssen es nur wollen und diese in attraktive Lebensr\u00e4ume f\u00fcr heimische Flora und Fauna verwandeln. Der Gemeinderat, die Verwaltung und jeder einzelne kann dazu seinen Teil beitragen.<\/p>\n\n\n\n<p>Matthias Kramer<\/p>\n\n\n\n<p>PS: Mehr zu diesem Thema unter www.bl\u00fchende-landschaft.de<\/p>\n","protected":false},"excerpt":{"rendered":"<p>Welche Assoziationen kommen Ihnen, wenn Sie \u00fcber Friedh\u00f6fe nachdenken? F\u00fcr mich ist der Friedhof ein Ort der Ruhe und der Erinnerung. Als Jugendlicher habe ich fr\u00fcher \u00f6fters mit dem Fahrrad meine Oma im Schwarzwald besucht. Auf dem Weg zu ihr suchte ich f\u00fcr die Vesperpausen Friedh\u00f6fe auf. Dort fand ich immer eine Sitzbank und die &hellip;<\/p>\n<p class=\"read-more\"> <a class=\"\" href=\"https:\/\/www.ogl-kernen.de\/?p=268\"> <span class=\"screen-reader-text\">Friedh\u00f6fe &#8211; Orte des Lebens?<\/span> Weiterlesen &raquo;<\/a><\/p>\n","protected":false},"author":3,"featured_media":0,"comment_status":"closed","ping_status":"closed","sticky":false,"template":"","format":"standard","meta":{"site-sidebar-layout":"default","site-content-layout":"default","ast-global-header-display":"","ast-main-header-display":"","ast-hfb-above-header-display":"","ast-hfb-below-header-display":"","ast-hfb-mobile-header-display":"","site-post-title":"","ast-breadcrumbs-content":"","ast-featured-img":"","footer-sml-layout":"","theme-transparent-header-meta":"","adv-header-id-meta":"","stick-header-meta":"","header-above-stick-meta":"","header-main-stick-meta":"","header-below-stick-meta":"","footnotes":""},"categories":[4],"tags":[70],"class_list":["post-268","post","type-post","status-publish","format-standard","hentry","category-fraktion","tag-friedhof"],"yoast_head":"<!-- This site is optimized with the Yoast SEO plugin v22.2 - https:\/\/yoast.com\/wordpress\/plugins\/seo\/ -->\n<title>Friedh\u00f6fe - Orte des Lebens? - OGL Kernen<\/title>\n<meta name=\"robots\" content=\"index, follow, max-snippet:-1, max-image-preview:large, max-video-preview:-1\" \/>\n<link rel=\"canonical\" href=\"https:\/\/www.ogl-kernen.de\/?p=268\" \/>\n<meta property=\"og:locale\" content=\"de_DE\" \/>\n<meta property=\"og:type\" content=\"article\" \/>\n<meta property=\"og:title\" content=\"Friedh\u00f6fe - Orte des Lebens? - OGL Kernen\" \/>\n<meta property=\"og:description\" content=\"Welche Assoziationen kommen Ihnen, wenn Sie \u00fcber Friedh\u00f6fe nachdenken? F\u00fcr mich ist der Friedhof ein Ort der Ruhe und der Erinnerung. Als Jugendlicher habe ich fr\u00fcher \u00f6fters mit dem Fahrrad meine Oma im Schwarzwald besucht. Auf dem Weg zu ihr suchte ich f\u00fcr die Vesperpausen Friedh\u00f6fe auf. Dort fand ich immer eine Sitzbank und die &hellip; Friedh\u00f6fe &#8211; Orte des Lebens? Weiterlesen &raquo;\" \/>\n<meta property=\"og:url\" content=\"https:\/\/www.ogl-kernen.de\/?p=268\" \/>\n<meta property=\"og:site_name\" content=\"OGL Kernen\" \/>\n<meta property=\"article:published_time\" content=\"2022-05-11T21:50:00+00:00\" \/>\n<meta property=\"article:modified_time\" content=\"2022-05-11T21:53:40+00:00\" \/>\n<meta name=\"author\" content=\"Matthias Kramer\" \/>\n<meta name=\"twitter:card\" content=\"summary_large_image\" \/>\n<meta name=\"twitter:label1\" content=\"Verfasst von\" \/>\n\t<meta name=\"twitter:data1\" content=\"Matthias Kramer\" \/>\n\t<meta name=\"twitter:label2\" content=\"Gesch\u00e4tzte Lesezeit\" \/>\n\t<meta name=\"twitter:data2\" content=\"2\u00a0Minuten\" \/>\n<script type=\"application\/ld+json\" class=\"yoast-schema-graph\">{\"@context\":\"https:\/\/schema.org\",\"@graph\":[{\"@type\":\"Article\",\"@id\":\"https:\/\/www.ogl-kernen.de\/?p=268#article\",\"isPartOf\":{\"@id\":\"https:\/\/www.ogl-kernen.de\/?p=268\"},\"author\":{\"name\":\"Matthias Kramer\",\"@id\":\"https:\/\/www.ogl-kernen.de\/#\/schema\/person\/92d45b78564a61718a56f762c5c32250\"},\"headline\":\"Friedh\u00f6fe &#8211; Orte des Lebens?\",\"datePublished\":\"2022-05-11T21:50:00+00:00\",\"dateModified\":\"2022-05-11T21:53:40+00:00\",\"mainEntityOfPage\":{\"@id\":\"https:\/\/www.ogl-kernen.de\/?p=268\"},\"wordCount\":449,\"publisher\":{\"@id\":\"https:\/\/www.ogl-kernen.de\/#organization\"},\"keywords\":[\"Friedhof\"],\"articleSection\":[\"Fraktion\"],\"inLanguage\":\"de\"},{\"@type\":\"WebPage\",\"@id\":\"https:\/\/www.ogl-kernen.de\/?p=268\",\"url\":\"https:\/\/www.ogl-kernen.de\/?p=268\",\"name\":\"Friedh\u00f6fe - Orte des Lebens? - OGL Kernen\",\"isPartOf\":{\"@id\":\"https:\/\/www.ogl-kernen.de\/#website\"},\"datePublished\":\"2022-05-11T21:50:00+00:00\",\"dateModified\":\"2022-05-11T21:53:40+00:00\",\"breadcrumb\":{\"@id\":\"https:\/\/www.ogl-kernen.de\/?p=268#breadcrumb\"},\"inLanguage\":\"de\",\"potentialAction\":[{\"@type\":\"ReadAction\",\"target\":[\"https:\/\/www.ogl-kernen.de\/?p=268\"]}]},{\"@type\":\"BreadcrumbList\",\"@id\":\"https:\/\/www.ogl-kernen.de\/?p=268#breadcrumb\",\"itemListElement\":[{\"@type\":\"ListItem\",\"position\":1,\"name\":\"Startseite\",\"item\":\"https:\/\/www.ogl-kernen.de\/\"},{\"@type\":\"ListItem\",\"position\":2,\"name\":\"Friedh\u00f6fe &#8211; Orte des Lebens?\"}]},{\"@type\":\"WebSite\",\"@id\":\"https:\/\/www.ogl-kernen.de\/#website\",\"url\":\"https:\/\/www.ogl-kernen.de\/\",\"name\":\"OGL Kernen\",\"description\":\"nachhaltig - sozial - weltoffen\",\"publisher\":{\"@id\":\"https:\/\/www.ogl-kernen.de\/#organization\"},\"potentialAction\":[{\"@type\":\"SearchAction\",\"target\":{\"@type\":\"EntryPoint\",\"urlTemplate\":\"https:\/\/www.ogl-kernen.de\/?s={search_term_string}\"},\"query-input\":\"required name=search_term_string\"}],\"inLanguage\":\"de\"},{\"@type\":\"Organization\",\"@id\":\"https:\/\/www.ogl-kernen.de\/#organization\",\"name\":\"OGL Kernen\",\"url\":\"https:\/\/www.ogl-kernen.de\/\",\"logo\":{\"@type\":\"ImageObject\",\"inLanguage\":\"de\",\"@id\":\"https:\/\/www.ogl-kernen.de\/#\/schema\/logo\/image\/\",\"url\":\"https:\/\/www.ogl-kernen.de\/test\/wp-content\/uploads\/2021\/05\/cropped-Logo-ow-scaled-1.jpg\",\"contentUrl\":\"https:\/\/www.ogl-kernen.de\/test\/wp-content\/uploads\/2021\/05\/cropped-Logo-ow-scaled-1.jpg\",\"width\":2560,\"height\":478,\"caption\":\"OGL Kernen\"},\"image\":{\"@id\":\"https:\/\/www.ogl-kernen.de\/#\/schema\/logo\/image\/\"},\"sameAs\":[\"https:\/\/www.instagram.com\/ogl_kernen\/\"]},{\"@type\":\"Person\",\"@id\":\"https:\/\/www.ogl-kernen.de\/#\/schema\/person\/92d45b78564a61718a56f762c5c32250\",\"name\":\"Matthias Kramer\",\"image\":{\"@type\":\"ImageObject\",\"inLanguage\":\"de\",\"@id\":\"https:\/\/www.ogl-kernen.de\/#\/schema\/person\/image\/\",\"url\":\"https:\/\/secure.gravatar.com\/avatar\/eca732170f439564e0de7ff140dc083abd1fcf055dfd83a8985c214a6afa79c9?s=96&d=mm&r=g\",\"contentUrl\":\"https:\/\/secure.gravatar.com\/avatar\/eca732170f439564e0de7ff140dc083abd1fcf055dfd83a8985c214a6afa79c9?s=96&d=mm&r=g\",\"caption\":\"Matthias Kramer\"},\"url\":\"https:\/\/www.ogl-kernen.de\/?author=3\"}]}<\/script>\n<!-- \/ Yoast SEO plugin. -->","yoast_head_json":{"title":"Friedh\u00f6fe - Orte des Lebens? - OGL Kernen","robots":{"index":"index","follow":"follow","max-snippet":"max-snippet:-1","max-image-preview":"max-image-preview:large","max-video-preview":"max-video-preview:-1"},"canonical":"https:\/\/www.ogl-kernen.de\/?p=268","og_locale":"de_DE","og_type":"article","og_title":"Friedh\u00f6fe - Orte des Lebens? - OGL Kernen","og_description":"Welche Assoziationen kommen Ihnen, wenn Sie \u00fcber Friedh\u00f6fe nachdenken? F\u00fcr mich ist der Friedhof ein Ort der Ruhe und der Erinnerung. Als Jugendlicher habe ich fr\u00fcher \u00f6fters mit dem Fahrrad meine Oma im Schwarzwald besucht. Auf dem Weg zu ihr suchte ich f\u00fcr die Vesperpausen Friedh\u00f6fe auf. Dort fand ich immer eine Sitzbank und die &hellip; Friedh\u00f6fe &#8211; Orte des Lebens? Weiterlesen &raquo;","og_url":"https:\/\/www.ogl-kernen.de\/?p=268","og_site_name":"OGL Kernen","article_published_time":"2022-05-11T21:50:00+00:00","article_modified_time":"2022-05-11T21:53:40+00:00","author":"Matthias Kramer","twitter_card":"summary_large_image","twitter_misc":{"Verfasst von":"Matthias Kramer","Gesch\u00e4tzte Lesezeit":"2\u00a0Minuten"},"schema":{"@context":"https:\/\/schema.org","@graph":[{"@type":"Article","@id":"https:\/\/www.ogl-kernen.de\/?p=268#article","isPartOf":{"@id":"https:\/\/www.ogl-kernen.de\/?p=268"},"author":{"name":"Matthias Kramer","@id":"https:\/\/www.ogl-kernen.de\/#\/schema\/person\/92d45b78564a61718a56f762c5c32250"},"headline":"Friedh\u00f6fe &#8211; Orte des Lebens?","datePublished":"2022-05-11T21:50:00+00:00","dateModified":"2022-05-11T21:53:40+00:00","mainEntityOfPage":{"@id":"https:\/\/www.ogl-kernen.de\/?p=268"},"wordCount":449,"publisher":{"@id":"https:\/\/www.ogl-kernen.de\/#organization"},"keywords":["Friedhof"],"articleSection":["Fraktion"],"inLanguage":"de"},{"@type":"WebPage","@id":"https:\/\/www.ogl-kernen.de\/?p=268","url":"https:\/\/www.ogl-kernen.de\/?p=268","name":"Friedh\u00f6fe - Orte des Lebens? - OGL Kernen","isPartOf":{"@id":"https:\/\/www.ogl-kernen.de\/#website"},"datePublished":"2022-05-11T21:50:00+00:00","dateModified":"2022-05-11T21:53:40+00:00","breadcrumb":{"@id":"https:\/\/www.ogl-kernen.de\/?p=268#breadcrumb"},"inLanguage":"de","potentialAction":[{"@type":"ReadAction","target":["https:\/\/www.ogl-kernen.de\/?p=268"]}]},{"@type":"BreadcrumbList","@id":"https:\/\/www.ogl-kernen.de\/?p=268#breadcrumb","itemListElement":[{"@type":"ListItem","position":1,"name":"Startseite","item":"https:\/\/www.ogl-kernen.de\/"},{"@type":"ListItem","position":2,"name":"Friedh\u00f6fe &#8211; Orte des Lebens?"}]},{"@type":"WebSite","@id":"https:\/\/www.ogl-kernen.de\/#website","url":"https:\/\/www.ogl-kernen.de\/","name":"OGL Kernen","description":"nachhaltig - sozial - weltoffen","publisher":{"@id":"https:\/\/www.ogl-kernen.de\/#organization"},"potentialAction":[{"@type":"SearchAction","target":{"@type":"EntryPoint","urlTemplate":"https:\/\/www.ogl-kernen.de\/?s={search_term_string}"},"query-input":"required name=search_term_string"}],"inLanguage":"de"},{"@type":"Organization","@id":"https:\/\/www.ogl-kernen.de\/#organization","name":"OGL Kernen","url":"https:\/\/www.ogl-kernen.de\/","logo":{"@type":"ImageObject","inLanguage":"de","@id":"https:\/\/www.ogl-kernen.de\/#\/schema\/logo\/image\/","url":"https:\/\/www.ogl-kernen.de\/test\/wp-content\/uploads\/2021\/05\/cropped-Logo-ow-scaled-1.jpg","contentUrl":"https:\/\/www.ogl-kernen.de\/test\/wp-content\/uploads\/2021\/05\/cropped-Logo-ow-scaled-1.jpg","width":2560,"height":478,"caption":"OGL Kernen"},"image":{"@id":"https:\/\/www.ogl-kernen.de\/#\/schema\/logo\/image\/"},"sameAs":["https:\/\/www.instagram.com\/ogl_kernen\/"]},{"@type":"Person","@id":"https:\/\/www.ogl-kernen.de\/#\/schema\/person\/92d45b78564a61718a56f762c5c32250","name":"Matthias Kramer","image":{"@type":"ImageObject","inLanguage":"de","@id":"https:\/\/www.ogl-kernen.de\/#\/schema\/person\/image\/","url":"https:\/\/secure.gravatar.com\/avatar\/eca732170f439564e0de7ff140dc083abd1fcf055dfd83a8985c214a6afa79c9?s=96&d=mm&r=g","contentUrl":"https:\/\/secure.gravatar.com\/avatar\/eca732170f439564e0de7ff140dc083abd1fcf055dfd83a8985c214a6afa79c9?s=96&d=mm&r=g","caption":"Matthias Kramer"},"url":"https:\/\/www.ogl-kernen.de\/?author=3"}]}},"_links":{"self":[{"href":"https:\/\/www.ogl-kernen.de\/index.php?rest_route=\/wp\/v2\/posts\/268","targetHints":{"allow":["GET"]}}],"collection":[{"href":"https:\/\/www.ogl-kernen.de\/index.php?rest_route=\/wp\/v2\/posts"}],"about":[{"href":"https:\/\/www.ogl-kernen.de\/index.php?rest_route=\/wp\/v2\/types\/post"}],"author":[{"embeddable":true,"href":"https:\/\/www.ogl-kernen.de\/index.php?rest_route=\/wp\/v2\/users\/3"}],"replies":[{"embeddable":true,"href":"https:\/\/www.ogl-kernen.de\/index.php?rest_route=%2Fwp%2Fv2%2Fcomments&post=268"}],"version-history":[{"count":1,"href":"https:\/\/www.ogl-kernen.de\/index.php?rest_route=\/wp\/v2\/posts\/268\/revisions"}],"predecessor-version":[{"id":269,"href":"https:\/\/www.ogl-kernen.de\/index.php?rest_route=\/wp\/v2\/posts\/268\/revisions\/269"}],"wp:attachment":[{"href":"https:\/\/www.ogl-kernen.de\/index.php?rest_route=%2Fwp%2Fv2%2Fmedia&parent=268"}],"wp:term":[{"taxonomy":"category","embeddable":true,"href":"https:\/\/www.ogl-kernen.de\/index.php?rest_route=%2Fwp%2Fv2%2Fcategories&post=268"},{"taxonomy":"post_tag","embeddable":true,"href":"https:\/\/www.ogl-kernen.de\/index.php?rest_route=%2Fwp%2Fv2%2Ftags&post=268"}],"curies":[{"name":"wp","href":"https:\/\/api.w.org\/{rel}","templated":true}]}}