{"id":197,"date":"2021-07-03T10:31:00","date_gmt":"2021-07-03T08:31:00","guid":{"rendered":"https:\/\/www.ogl-kernen.de\/?p=197"},"modified":"2021-08-03T11:10:10","modified_gmt":"2021-08-03T09:10:10","slug":"beinahe-historische-gemeinderatssitzung","status":"publish","type":"post","link":"https:\/\/www.ogl-kernen.de\/?p=197","title":{"rendered":"Beinahe historische Gemeinderatssitzung"},"content":{"rendered":"\n<p>Ein solches Abstimmungsverhalten wie in der vergangenen Gemeinderatssitzung w\u00e4re vor einigen Jahren undenkbar gewesen. <strong>Ohne eine einzige Gegenstimme wurden einem &#8222;B\u00fcndnis Klimaneutrales Kernen&#8220; und der Schaffung von Personalstellen im Bereich Klimaschutz zugestimmt. <\/strong>Beim Redebeitrag der SPD tuschelte mein Nachbar mir zu: &#8222;Die sind ja gr\u00fcner als ihr&#8220;. Es stimmt, es war schon erstaunlich, wie viel Lob aus den Reihen der Fraktionen f\u00fcr die Verwaltung kam, welche beim Klimaschutz ernst machen und aufs Gas dr\u00fccken m\u00f6chte. Was wurde konkret beschlossen?<\/p>\n\n\n\n<ul class=\"wp-block-list\"><li><strong>Kernen soll bis 2035 klimaneutral werden<\/strong> und dabei alle gesellschaftlichen Teile (Verwaltung, Gemeinderat, Wirtschaft, B\u00fcrgerschaft und Zivilgesellschaft) mit ins Boot geholt werden<\/li><li>Dazu wird ein &#8222;B\u00fcndnis f\u00fcr klimaneutrales Kernen&#8220; gegr\u00fcndet<\/li><\/ul>\n\n\n\n<p>CO<sub>2<\/sub>-Neutralit\u00e4t bis 2035 ist sicherlich ein sehr ambitioniertes Ziel. Aber es verleitet auch nicht, Ma\u00dfnahmen auf die lange Bank zu schieben. Richtig und wichtig finden wir auch, dass nicht nur die Verwaltung mit Geb\u00e4uden, Fuhrpark, Bauhof usw. dieses Ziel anstrebt, sondern dieses auf die ganze Kommune ausgeweitet wird. Die Idee, einen <strong>Lenkungsbeirat<\/strong> mit Vertretern aus der lokalen Wirtschaft, Gemeinde und Zivilgesellschaft ins Leben zu rufen, finden wir gut. Hierzu gibt es auch schon Vorschl\u00e4ge f\u00fcr m\u00f6gliche Beteiligte (B\u00fcrgerstiftung, Verein Nachhaltiges Kernen, Freundliches Kernen, Vertreter der Fraktionen, BM&#8230;). <strong>Damit wird das ganze auf eine breite Basis gestellt.<\/strong> Ein weiteres Gremium wird die <strong>&#8222;B\u00fcndnisversammlung&#8220; <\/strong>sein. In dieser k\u00f6nnen, einfach ausgedr\u00fcckt, alle, die sich f\u00fcr Klimaschutz einsetzen wollen, mitwirken und zu spezifischen Themen mitarbeiten. Damit Ideen und Themen auch umgesetzt werden k\u00f6nnen, wurde im Gemeinderat ein weiterer Beschluss gefasst:<\/p>\n\n\n\n<ul class=\"wp-block-list\"><li><strong>Die Gemeinden Kernen, Remshalden und Winterbach arbeiten beim Klimaschutz zuk\u00fcnftig zusammen<\/strong><\/li><li>Es werden gemeinsame Personalstellen (von Bund und Land gef\u00f6rdert) beim Klimaschutz ausgeschrieben<\/li><\/ul>\n\n\n\n<p>1,5 Stellen Klimaschutzmanager*in und eine Stelle Klimaschutzbeauftrage*r sollen f\u00fcr alle drei Gemeinden unbefristet eingerichtet werden. Wenn auch f\u00fcr Kernen umgerechnet leider keine ganze Fachkraft zur Verf\u00fcgung stehen wird, so k\u00f6nnen wir diesem interkommunalen Ansatz durchaus Positives abgewinnen (attraktive Stellen durch Teamwork, Synergieeffekte, Klimaschutz endet nicht an Gemarkungsgrenze&#8230;). Dass unsere schon seit Jahren geforderte Stelle f\u00fcr Klimaschutz und Umwelt endlich geschaffen wird, dass im GR ein solch eindeutiges Votum abgegeben wurde und etwas von einer Aufbruchstimmung zu sp\u00fcren war, das freut uns ganz besonders und ist an die B\u00fcrgerschaft und Betriebe ein positives Signal, aktiv zu werden und mit anzupacken.<\/p>\n\n\n\n<p>Ein Lob auch an Herrn Paulowitsch, der diese Konzepte federf\u00fchrend erarbeitet hat, Gespr\u00e4che mit Vereinen, Kommunen, F\u00f6rderstellen&#8230; gef\u00fchrt hat und somit ma\u00dfgeblich f\u00fcr diese historische Sitzung mitverantwortlich ist.<\/p>\n\n\n\n<p>Matthias Kramer<\/p>\n\n\n\n<p><strong>Veranstaltungshinweis:<\/strong> F\u00fcr diesen Samstag 15 Uhr l\u00e4dt die OGL zu einer F\u00fchrung mit Landwirten ein. Alle B\u00fcrgerinnen und B\u00fcrger sind herzlich dazu eingeladen. N\u00e4heres ist im letzten Mitteilungsblatt oder unter Tel. 45776 zu erfahren.<\/p>\n","protected":false},"excerpt":{"rendered":"<p>Ein solches Abstimmungsverhalten wie in der vergangenen Gemeinderatssitzung w\u00e4re vor einigen Jahren undenkbar gewesen. Ohne eine einzige Gegenstimme wurden einem &#8222;B\u00fcndnis Klimaneutrales Kernen&#8220; und der Schaffung von Personalstellen im Bereich Klimaschutz zugestimmt. Beim Redebeitrag der SPD tuschelte mein Nachbar mir zu: &#8222;Die sind ja gr\u00fcner als ihr&#8220;. Es stimmt, es war schon erstaunlich, wie viel &hellip;<\/p>\n<p class=\"read-more\"> <a class=\"\" href=\"https:\/\/www.ogl-kernen.de\/?p=197\"> <span class=\"screen-reader-text\">Beinahe historische Gemeinderatssitzung<\/span> Weiterlesen &raquo;<\/a><\/p>\n","protected":false},"author":3,"featured_media":0,"comment_status":"closed","ping_status":"closed","sticky":false,"template":"","format":"standard","meta":{"site-sidebar-layout":"default","site-content-layout":"default","ast-global-header-display":"","ast-main-header-display":"","ast-hfb-above-header-display":"","ast-hfb-below-header-display":"","ast-hfb-mobile-header-display":"","site-post-title":"","ast-breadcrumbs-content":"","ast-featured-img":"","footer-sml-layout":"","theme-transparent-header-meta":"default","adv-header-id-meta":"","stick-header-meta":"","header-above-stick-meta":"","header-main-stick-meta":"","header-below-stick-meta":"","footnotes":""},"categories":[4],"tags":[24,26,23,25,22],"class_list":["post-197","post","type-post","status-publish","format-standard","hentry","category-fraktion","tag-buendnis-klimaneutrales-kernen","tag-co2-neutralitaet","tag-klimamanagerin","tag-klimaneutral","tag-klimaschutz"],"yoast_head":"<!-- This site is optimized with the Yoast SEO plugin v22.2 - https:\/\/yoast.com\/wordpress\/plugins\/seo\/ -->\n<title>Beinahe historische Gemeinderatssitzung - OGL Kernen<\/title>\n<meta name=\"robots\" content=\"index, follow, max-snippet:-1, max-image-preview:large, max-video-preview:-1\" \/>\n<link rel=\"canonical\" href=\"https:\/\/www.ogl-kernen.de\/?p=197\" \/>\n<meta property=\"og:locale\" content=\"de_DE\" \/>\n<meta property=\"og:type\" content=\"article\" \/>\n<meta property=\"og:title\" content=\"Beinahe historische Gemeinderatssitzung - OGL Kernen\" \/>\n<meta property=\"og:description\" content=\"Ein solches Abstimmungsverhalten wie in der vergangenen Gemeinderatssitzung w\u00e4re vor einigen Jahren undenkbar gewesen. Ohne eine einzige Gegenstimme wurden einem &#8222;B\u00fcndnis Klimaneutrales Kernen&#8220; und der Schaffung von Personalstellen im Bereich Klimaschutz zugestimmt. Beim Redebeitrag der SPD tuschelte mein Nachbar mir zu: &#8222;Die sind ja gr\u00fcner als ihr&#8220;. Es stimmt, es war schon erstaunlich, wie viel &hellip; Beinahe historische Gemeinderatssitzung Weiterlesen &raquo;\" \/>\n<meta property=\"og:url\" content=\"https:\/\/www.ogl-kernen.de\/?p=197\" \/>\n<meta property=\"og:site_name\" content=\"OGL Kernen\" \/>\n<meta property=\"article:published_time\" content=\"2021-07-03T08:31:00+00:00\" \/>\n<meta property=\"article:modified_time\" content=\"2021-08-03T09:10:10+00:00\" \/>\n<meta name=\"author\" content=\"Matthias Kramer\" \/>\n<meta name=\"twitter:card\" content=\"summary_large_image\" \/>\n<meta name=\"twitter:label1\" content=\"Verfasst von\" \/>\n\t<meta name=\"twitter:data1\" content=\"Matthias Kramer\" \/>\n\t<meta name=\"twitter:label2\" content=\"Gesch\u00e4tzte Lesezeit\" \/>\n\t<meta name=\"twitter:data2\" content=\"2\u00a0Minuten\" \/>\n<script type=\"application\/ld+json\" class=\"yoast-schema-graph\">{\"@context\":\"https:\/\/schema.org\",\"@graph\":[{\"@type\":\"Article\",\"@id\":\"https:\/\/www.ogl-kernen.de\/?p=197#article\",\"isPartOf\":{\"@id\":\"https:\/\/www.ogl-kernen.de\/?p=197\"},\"author\":{\"name\":\"Matthias Kramer\",\"@id\":\"https:\/\/www.ogl-kernen.de\/#\/schema\/person\/92d45b78564a61718a56f762c5c32250\"},\"headline\":\"Beinahe historische Gemeinderatssitzung\",\"datePublished\":\"2021-07-03T08:31:00+00:00\",\"dateModified\":\"2021-08-03T09:10:10+00:00\",\"mainEntityOfPage\":{\"@id\":\"https:\/\/www.ogl-kernen.de\/?p=197\"},\"wordCount\":475,\"publisher\":{\"@id\":\"https:\/\/www.ogl-kernen.de\/#organization\"},\"keywords\":[\"B\u00fcndnis Klimaneutrales Kernen\",\"CO2-Neutralit\u00e4t\",\"Klimamanager*in\",\"klimaneutral\",\"Klimaschutz\"],\"articleSection\":[\"Fraktion\"],\"inLanguage\":\"de\"},{\"@type\":\"WebPage\",\"@id\":\"https:\/\/www.ogl-kernen.de\/?p=197\",\"url\":\"https:\/\/www.ogl-kernen.de\/?p=197\",\"name\":\"Beinahe historische Gemeinderatssitzung - OGL Kernen\",\"isPartOf\":{\"@id\":\"https:\/\/www.ogl-kernen.de\/#website\"},\"datePublished\":\"2021-07-03T08:31:00+00:00\",\"dateModified\":\"2021-08-03T09:10:10+00:00\",\"breadcrumb\":{\"@id\":\"https:\/\/www.ogl-kernen.de\/?p=197#breadcrumb\"},\"inLanguage\":\"de\",\"potentialAction\":[{\"@type\":\"ReadAction\",\"target\":[\"https:\/\/www.ogl-kernen.de\/?p=197\"]}]},{\"@type\":\"BreadcrumbList\",\"@id\":\"https:\/\/www.ogl-kernen.de\/?p=197#breadcrumb\",\"itemListElement\":[{\"@type\":\"ListItem\",\"position\":1,\"name\":\"Startseite\",\"item\":\"https:\/\/www.ogl-kernen.de\/\"},{\"@type\":\"ListItem\",\"position\":2,\"name\":\"Beinahe historische Gemeinderatssitzung\"}]},{\"@type\":\"WebSite\",\"@id\":\"https:\/\/www.ogl-kernen.de\/#website\",\"url\":\"https:\/\/www.ogl-kernen.de\/\",\"name\":\"OGL Kernen\",\"description\":\"nachhaltig - sozial - weltoffen\",\"publisher\":{\"@id\":\"https:\/\/www.ogl-kernen.de\/#organization\"},\"potentialAction\":[{\"@type\":\"SearchAction\",\"target\":{\"@type\":\"EntryPoint\",\"urlTemplate\":\"https:\/\/www.ogl-kernen.de\/?s={search_term_string}\"},\"query-input\":\"required name=search_term_string\"}],\"inLanguage\":\"de\"},{\"@type\":\"Organization\",\"@id\":\"https:\/\/www.ogl-kernen.de\/#organization\",\"name\":\"OGL Kernen\",\"url\":\"https:\/\/www.ogl-kernen.de\/\",\"logo\":{\"@type\":\"ImageObject\",\"inLanguage\":\"de\",\"@id\":\"https:\/\/www.ogl-kernen.de\/#\/schema\/logo\/image\/\",\"url\":\"https:\/\/www.ogl-kernen.de\/test\/wp-content\/uploads\/2021\/05\/cropped-Logo-ow-scaled-1.jpg\",\"contentUrl\":\"https:\/\/www.ogl-kernen.de\/test\/wp-content\/uploads\/2021\/05\/cropped-Logo-ow-scaled-1.jpg\",\"width\":2560,\"height\":478,\"caption\":\"OGL Kernen\"},\"image\":{\"@id\":\"https:\/\/www.ogl-kernen.de\/#\/schema\/logo\/image\/\"},\"sameAs\":[\"https:\/\/www.instagram.com\/ogl_kernen\/\"]},{\"@type\":\"Person\",\"@id\":\"https:\/\/www.ogl-kernen.de\/#\/schema\/person\/92d45b78564a61718a56f762c5c32250\",\"name\":\"Matthias Kramer\",\"image\":{\"@type\":\"ImageObject\",\"inLanguage\":\"de\",\"@id\":\"https:\/\/www.ogl-kernen.de\/#\/schema\/person\/image\/\",\"url\":\"https:\/\/secure.gravatar.com\/avatar\/eca732170f439564e0de7ff140dc083abd1fcf055dfd83a8985c214a6afa79c9?s=96&d=mm&r=g\",\"contentUrl\":\"https:\/\/secure.gravatar.com\/avatar\/eca732170f439564e0de7ff140dc083abd1fcf055dfd83a8985c214a6afa79c9?s=96&d=mm&r=g\",\"caption\":\"Matthias Kramer\"},\"url\":\"https:\/\/www.ogl-kernen.de\/?author=3\"}]}<\/script>\n<!-- \/ Yoast SEO plugin. -->","yoast_head_json":{"title":"Beinahe historische Gemeinderatssitzung - OGL Kernen","robots":{"index":"index","follow":"follow","max-snippet":"max-snippet:-1","max-image-preview":"max-image-preview:large","max-video-preview":"max-video-preview:-1"},"canonical":"https:\/\/www.ogl-kernen.de\/?p=197","og_locale":"de_DE","og_type":"article","og_title":"Beinahe historische Gemeinderatssitzung - OGL Kernen","og_description":"Ein solches Abstimmungsverhalten wie in der vergangenen Gemeinderatssitzung w\u00e4re vor einigen Jahren undenkbar gewesen. Ohne eine einzige Gegenstimme wurden einem &#8222;B\u00fcndnis Klimaneutrales Kernen&#8220; und der Schaffung von Personalstellen im Bereich Klimaschutz zugestimmt. Beim Redebeitrag der SPD tuschelte mein Nachbar mir zu: &#8222;Die sind ja gr\u00fcner als ihr&#8220;. Es stimmt, es war schon erstaunlich, wie viel &hellip; Beinahe historische Gemeinderatssitzung Weiterlesen &raquo;","og_url":"https:\/\/www.ogl-kernen.de\/?p=197","og_site_name":"OGL Kernen","article_published_time":"2021-07-03T08:31:00+00:00","article_modified_time":"2021-08-03T09:10:10+00:00","author":"Matthias Kramer","twitter_card":"summary_large_image","twitter_misc":{"Verfasst von":"Matthias Kramer","Gesch\u00e4tzte Lesezeit":"2\u00a0Minuten"},"schema":{"@context":"https:\/\/schema.org","@graph":[{"@type":"Article","@id":"https:\/\/www.ogl-kernen.de\/?p=197#article","isPartOf":{"@id":"https:\/\/www.ogl-kernen.de\/?p=197"},"author":{"name":"Matthias Kramer","@id":"https:\/\/www.ogl-kernen.de\/#\/schema\/person\/92d45b78564a61718a56f762c5c32250"},"headline":"Beinahe historische Gemeinderatssitzung","datePublished":"2021-07-03T08:31:00+00:00","dateModified":"2021-08-03T09:10:10+00:00","mainEntityOfPage":{"@id":"https:\/\/www.ogl-kernen.de\/?p=197"},"wordCount":475,"publisher":{"@id":"https:\/\/www.ogl-kernen.de\/#organization"},"keywords":["B\u00fcndnis Klimaneutrales Kernen","CO2-Neutralit\u00e4t","Klimamanager*in","klimaneutral","Klimaschutz"],"articleSection":["Fraktion"],"inLanguage":"de"},{"@type":"WebPage","@id":"https:\/\/www.ogl-kernen.de\/?p=197","url":"https:\/\/www.ogl-kernen.de\/?p=197","name":"Beinahe historische Gemeinderatssitzung - OGL Kernen","isPartOf":{"@id":"https:\/\/www.ogl-kernen.de\/#website"},"datePublished":"2021-07-03T08:31:00+00:00","dateModified":"2021-08-03T09:10:10+00:00","breadcrumb":{"@id":"https:\/\/www.ogl-kernen.de\/?p=197#breadcrumb"},"inLanguage":"de","potentialAction":[{"@type":"ReadAction","target":["https:\/\/www.ogl-kernen.de\/?p=197"]}]},{"@type":"BreadcrumbList","@id":"https:\/\/www.ogl-kernen.de\/?p=197#breadcrumb","itemListElement":[{"@type":"ListItem","position":1,"name":"Startseite","item":"https:\/\/www.ogl-kernen.de\/"},{"@type":"ListItem","position":2,"name":"Beinahe historische Gemeinderatssitzung"}]},{"@type":"WebSite","@id":"https:\/\/www.ogl-kernen.de\/#website","url":"https:\/\/www.ogl-kernen.de\/","name":"OGL Kernen","description":"nachhaltig - sozial - weltoffen","publisher":{"@id":"https:\/\/www.ogl-kernen.de\/#organization"},"potentialAction":[{"@type":"SearchAction","target":{"@type":"EntryPoint","urlTemplate":"https:\/\/www.ogl-kernen.de\/?s={search_term_string}"},"query-input":"required name=search_term_string"}],"inLanguage":"de"},{"@type":"Organization","@id":"https:\/\/www.ogl-kernen.de\/#organization","name":"OGL Kernen","url":"https:\/\/www.ogl-kernen.de\/","logo":{"@type":"ImageObject","inLanguage":"de","@id":"https:\/\/www.ogl-kernen.de\/#\/schema\/logo\/image\/","url":"https:\/\/www.ogl-kernen.de\/test\/wp-content\/uploads\/2021\/05\/cropped-Logo-ow-scaled-1.jpg","contentUrl":"https:\/\/www.ogl-kernen.de\/test\/wp-content\/uploads\/2021\/05\/cropped-Logo-ow-scaled-1.jpg","width":2560,"height":478,"caption":"OGL Kernen"},"image":{"@id":"https:\/\/www.ogl-kernen.de\/#\/schema\/logo\/image\/"},"sameAs":["https:\/\/www.instagram.com\/ogl_kernen\/"]},{"@type":"Person","@id":"https:\/\/www.ogl-kernen.de\/#\/schema\/person\/92d45b78564a61718a56f762c5c32250","name":"Matthias Kramer","image":{"@type":"ImageObject","inLanguage":"de","@id":"https:\/\/www.ogl-kernen.de\/#\/schema\/person\/image\/","url":"https:\/\/secure.gravatar.com\/avatar\/eca732170f439564e0de7ff140dc083abd1fcf055dfd83a8985c214a6afa79c9?s=96&d=mm&r=g","contentUrl":"https:\/\/secure.gravatar.com\/avatar\/eca732170f439564e0de7ff140dc083abd1fcf055dfd83a8985c214a6afa79c9?s=96&d=mm&r=g","caption":"Matthias Kramer"},"url":"https:\/\/www.ogl-kernen.de\/?author=3"}]}},"_links":{"self":[{"href":"https:\/\/www.ogl-kernen.de\/index.php?rest_route=\/wp\/v2\/posts\/197","targetHints":{"allow":["GET"]}}],"collection":[{"href":"https:\/\/www.ogl-kernen.de\/index.php?rest_route=\/wp\/v2\/posts"}],"about":[{"href":"https:\/\/www.ogl-kernen.de\/index.php?rest_route=\/wp\/v2\/types\/post"}],"author":[{"embeddable":true,"href":"https:\/\/www.ogl-kernen.de\/index.php?rest_route=\/wp\/v2\/users\/3"}],"replies":[{"embeddable":true,"href":"https:\/\/www.ogl-kernen.de\/index.php?rest_route=%2Fwp%2Fv2%2Fcomments&post=197"}],"version-history":[{"count":1,"href":"https:\/\/www.ogl-kernen.de\/index.php?rest_route=\/wp\/v2\/posts\/197\/revisions"}],"predecessor-version":[{"id":198,"href":"https:\/\/www.ogl-kernen.de\/index.php?rest_route=\/wp\/v2\/posts\/197\/revisions\/198"}],"wp:attachment":[{"href":"https:\/\/www.ogl-kernen.de\/index.php?rest_route=%2Fwp%2Fv2%2Fmedia&parent=197"}],"wp:term":[{"taxonomy":"category","embeddable":true,"href":"https:\/\/www.ogl-kernen.de\/index.php?rest_route=%2Fwp%2Fv2%2Fcategories&post=197"},{"taxonomy":"post_tag","embeddable":true,"href":"https:\/\/www.ogl-kernen.de\/index.php?rest_route=%2Fwp%2Fv2%2Ftags&post=197"}],"curies":[{"name":"wp","href":"https:\/\/api.w.org\/{rel}","templated":true}]}}