{"id":190,"date":"2021-06-16T22:43:00","date_gmt":"2021-06-16T20:43:00","guid":{"rendered":"https:\/\/www.ogl-kernen.de\/?p=190"},"modified":"2021-06-27T22:52:32","modified_gmt":"2021-06-27T20:52:32","slug":"parkleitsystem-fuer-stetten","status":"publish","type":"post","link":"https:\/\/www.ogl-kernen.de\/?p=190","title":{"rendered":"Parkleitsystem f\u00fcr Stetten"},"content":{"rendered":"\n<p>&#8222;Die Geister, die ich rief, werd ich nicht mehr los&#8220;. Goethes Zauberlehrling spricht den Stettenern wahrscheinlich aus der Seele. Eine ge\u00f6ffnete Kugelbahn und Ausfl\u00fcge ins idyllische Stetten bescheren diesem noch nie dagewesene Besucherstr\u00f6me. An fast jedem sonnigen Wochenende <strong>unertr\u00e4glicher Pkw-Verkehr in den Weinbergen, Parkplatzsuche und wildes Parken<\/strong> oben am S\u00e4ngerheim und ganz Stetten. Es ist mehr als verst\u00e4ndlich, wenn sich deshalb viele Anwohner und Spazierg\u00e4nger beklagen. Da m\u00fcssen wir doch eigentlich froh sein, dass ein B\u00fcrgerentscheid den Aussichtssteg bei den Sieben Linden verhindert hat. Denn dieser h\u00e4tte f\u00fcr noch mehr Verkehrschaos gesorgt. Sicherlich nur ein kleiner Trost f\u00fcr alle Geplagten. Das Thema Verkehr muss bei zuk\u00fcnftigen touristischen Veranstaltungen und Bauma\u00dfnahmen viel mehr in den Fokus ger\u00fcckt werden.<\/p>\n\n\n\n<p>Im letzten Gemeinderat wurde die Verkehrsproblematik in Stetten im Zusammenhang mit dem Aufbau eines LoRaWan-Netzes diskutiert. Ein solches Netz macht es <strong>mit Hilfe von Parkplatzsensoren und Digitalanzeigern<\/strong>, wie wir sie aus Gro\u00dfst\u00e4dten kennen, m\u00f6glich, <strong>den PKW-Besucherstrom auf noch freie Parkpl\u00e4tze zu lenken<\/strong>. Unn\u00f6tige Parkplatzsucherei k\u00f6nnte vermieden und Stettens Bev\u00f6lkerung entlastet werden. Der Gemeinderat hat diesem Leitsystem mit knapper Mehrheit zugestimmt. Von uns OGLern kamen zwei Ja- und zwei Nein-Stimmen. 186 Parkpl\u00e4tze sollen mit Sensoren ausgestattet werden. Dies betrifft die Stellpl\u00e4tze beim neuen und alten Friedhof, sowie die Parkpl\u00e4tze Weinstra\u00dfe, Karl Mauch Schule und Sportplatz (S\u00e4ngerheim und Parkplatz im T\u00e4le fehlten in der Vorlage). Digitalanzeiger (Ort und Anzahl unbekannt) werden die noch freien Parkpl\u00e4tze am Ortseingang und -ausgang von Stetten anzeigen. Gesamtkosten: 58.000 Euro. Ich selbst habe gegen dieses System gestimmt, weil ich mir <strong>mehr Analysen, Infos und Diskussion<\/strong> gew\u00fcnscht h\u00e4tte. Gerne h\u00e4tte ich auch abgewartet, was das in Auftrag gegebene <strong>integrierte Mobilit\u00e4tskonzept <\/strong>an L\u00f6sungsans\u00e4tzen vorschl\u00e4gt. Vielleicht entspannt sich &#8222;nach Corona&#8220; die Lage, wer wei\u00df? Eine inner\u00f6rtliche, nicht digitale und strahlungsfreie Beschilderung mit &#8222;normalen&#8220; Wegweisern zu den \u00f6ffentlichen Parkpl\u00e4tzen h\u00e4tte vorerst unter Umst\u00e4nden auch gereicht. Diese inner\u00f6rtlichen Parkschilder werden sowieso aufgestellt. Ich kann aber all diejenigen verstehen, die sich von dem neuen System eine Entspannung der Situation in Stetten erhoffen. Mal sehen, ob\u00b4s was bringt.<\/p>\n","protected":false},"excerpt":{"rendered":"<p>&#8222;Die Geister, die ich rief, werd ich nicht mehr los&#8220;. Goethes Zauberlehrling spricht den Stettenern wahrscheinlich aus der Seele. Eine ge\u00f6ffnete Kugelbahn und Ausfl\u00fcge ins idyllische Stetten bescheren diesem noch nie dagewesene Besucherstr\u00f6me. An fast jedem sonnigen Wochenende unertr\u00e4glicher Pkw-Verkehr in den Weinbergen, Parkplatzsuche und wildes Parken oben am S\u00e4ngerheim und ganz Stetten. Es ist &hellip;<\/p>\n<p class=\"read-more\"> <a class=\"\" href=\"https:\/\/www.ogl-kernen.de\/?p=190\"> <span class=\"screen-reader-text\">Parkleitsystem f\u00fcr Stetten<\/span> Weiterlesen &raquo;<\/a><\/p>\n","protected":false},"author":3,"featured_media":0,"comment_status":"closed","ping_status":"closed","sticky":false,"template":"","format":"standard","meta":{"site-sidebar-layout":"default","site-content-layout":"default","ast-global-header-display":"","ast-main-header-display":"","ast-hfb-above-header-display":"","ast-hfb-below-header-display":"","ast-hfb-mobile-header-display":"","site-post-title":"","ast-breadcrumbs-content":"","ast-featured-img":"","footer-sml-layout":"","theme-transparent-header-meta":"default","adv-header-id-meta":"","stick-header-meta":"","header-above-stick-meta":"","header-main-stick-meta":"","header-below-stick-meta":"","footnotes":""},"categories":[4],"tags":[20],"class_list":["post-190","post","type-post","status-publish","format-standard","hentry","category-fraktion","tag-parkleitsystem"],"yoast_head":"<!-- This site is optimized with the Yoast SEO plugin v22.2 - https:\/\/yoast.com\/wordpress\/plugins\/seo\/ -->\n<title>Parkleitsystem f\u00fcr Stetten - OGL Kernen<\/title>\n<meta name=\"robots\" content=\"index, follow, max-snippet:-1, max-image-preview:large, max-video-preview:-1\" \/>\n<link rel=\"canonical\" href=\"https:\/\/www.ogl-kernen.de\/?p=190\" \/>\n<meta property=\"og:locale\" content=\"de_DE\" \/>\n<meta property=\"og:type\" content=\"article\" \/>\n<meta property=\"og:title\" content=\"Parkleitsystem f\u00fcr Stetten - OGL Kernen\" \/>\n<meta property=\"og:description\" content=\"&#8222;Die Geister, die ich rief, werd ich nicht mehr los&#8220;. Goethes Zauberlehrling spricht den Stettenern wahrscheinlich aus der Seele. Eine ge\u00f6ffnete Kugelbahn und Ausfl\u00fcge ins idyllische Stetten bescheren diesem noch nie dagewesene Besucherstr\u00f6me. An fast jedem sonnigen Wochenende unertr\u00e4glicher Pkw-Verkehr in den Weinbergen, Parkplatzsuche und wildes Parken oben am S\u00e4ngerheim und ganz Stetten. Es ist &hellip; Parkleitsystem f\u00fcr Stetten Weiterlesen &raquo;\" \/>\n<meta property=\"og:url\" content=\"https:\/\/www.ogl-kernen.de\/?p=190\" \/>\n<meta property=\"og:site_name\" content=\"OGL Kernen\" \/>\n<meta property=\"article:published_time\" content=\"2021-06-16T20:43:00+00:00\" \/>\n<meta property=\"article:modified_time\" content=\"2021-06-27T20:52:32+00:00\" \/>\n<meta name=\"author\" content=\"Matthias Kramer\" \/>\n<meta name=\"twitter:card\" content=\"summary_large_image\" \/>\n<meta name=\"twitter:label1\" content=\"Verfasst von\" \/>\n\t<meta name=\"twitter:data1\" content=\"Matthias Kramer\" \/>\n\t<meta name=\"twitter:label2\" content=\"Gesch\u00e4tzte Lesezeit\" \/>\n\t<meta name=\"twitter:data2\" content=\"2\u00a0Minuten\" \/>\n<script type=\"application\/ld+json\" class=\"yoast-schema-graph\">{\"@context\":\"https:\/\/schema.org\",\"@graph\":[{\"@type\":\"Article\",\"@id\":\"https:\/\/www.ogl-kernen.de\/?p=190#article\",\"isPartOf\":{\"@id\":\"https:\/\/www.ogl-kernen.de\/?p=190\"},\"author\":{\"name\":\"Matthias Kramer\",\"@id\":\"https:\/\/www.ogl-kernen.de\/#\/schema\/person\/92d45b78564a61718a56f762c5c32250\"},\"headline\":\"Parkleitsystem f\u00fcr Stetten\",\"datePublished\":\"2021-06-16T20:43:00+00:00\",\"dateModified\":\"2021-06-27T20:52:32+00:00\",\"mainEntityOfPage\":{\"@id\":\"https:\/\/www.ogl-kernen.de\/?p=190\"},\"wordCount\":375,\"publisher\":{\"@id\":\"https:\/\/www.ogl-kernen.de\/#organization\"},\"keywords\":[\"Parkleitsystem\"],\"articleSection\":[\"Fraktion\"],\"inLanguage\":\"de\"},{\"@type\":\"WebPage\",\"@id\":\"https:\/\/www.ogl-kernen.de\/?p=190\",\"url\":\"https:\/\/www.ogl-kernen.de\/?p=190\",\"name\":\"Parkleitsystem f\u00fcr Stetten - OGL Kernen\",\"isPartOf\":{\"@id\":\"https:\/\/www.ogl-kernen.de\/#website\"},\"datePublished\":\"2021-06-16T20:43:00+00:00\",\"dateModified\":\"2021-06-27T20:52:32+00:00\",\"breadcrumb\":{\"@id\":\"https:\/\/www.ogl-kernen.de\/?p=190#breadcrumb\"},\"inLanguage\":\"de\",\"potentialAction\":[{\"@type\":\"ReadAction\",\"target\":[\"https:\/\/www.ogl-kernen.de\/?p=190\"]}]},{\"@type\":\"BreadcrumbList\",\"@id\":\"https:\/\/www.ogl-kernen.de\/?p=190#breadcrumb\",\"itemListElement\":[{\"@type\":\"ListItem\",\"position\":1,\"name\":\"Startseite\",\"item\":\"https:\/\/www.ogl-kernen.de\/\"},{\"@type\":\"ListItem\",\"position\":2,\"name\":\"Parkleitsystem f\u00fcr Stetten\"}]},{\"@type\":\"WebSite\",\"@id\":\"https:\/\/www.ogl-kernen.de\/#website\",\"url\":\"https:\/\/www.ogl-kernen.de\/\",\"name\":\"OGL Kernen\",\"description\":\"nachhaltig - sozial - weltoffen\",\"publisher\":{\"@id\":\"https:\/\/www.ogl-kernen.de\/#organization\"},\"potentialAction\":[{\"@type\":\"SearchAction\",\"target\":{\"@type\":\"EntryPoint\",\"urlTemplate\":\"https:\/\/www.ogl-kernen.de\/?s={search_term_string}\"},\"query-input\":\"required name=search_term_string\"}],\"inLanguage\":\"de\"},{\"@type\":\"Organization\",\"@id\":\"https:\/\/www.ogl-kernen.de\/#organization\",\"name\":\"OGL Kernen\",\"url\":\"https:\/\/www.ogl-kernen.de\/\",\"logo\":{\"@type\":\"ImageObject\",\"inLanguage\":\"de\",\"@id\":\"https:\/\/www.ogl-kernen.de\/#\/schema\/logo\/image\/\",\"url\":\"https:\/\/www.ogl-kernen.de\/test\/wp-content\/uploads\/2021\/05\/cropped-Logo-ow-scaled-1.jpg\",\"contentUrl\":\"https:\/\/www.ogl-kernen.de\/test\/wp-content\/uploads\/2021\/05\/cropped-Logo-ow-scaled-1.jpg\",\"width\":2560,\"height\":478,\"caption\":\"OGL Kernen\"},\"image\":{\"@id\":\"https:\/\/www.ogl-kernen.de\/#\/schema\/logo\/image\/\"},\"sameAs\":[\"https:\/\/www.instagram.com\/ogl_kernen\/\"]},{\"@type\":\"Person\",\"@id\":\"https:\/\/www.ogl-kernen.de\/#\/schema\/person\/92d45b78564a61718a56f762c5c32250\",\"name\":\"Matthias Kramer\",\"image\":{\"@type\":\"ImageObject\",\"inLanguage\":\"de\",\"@id\":\"https:\/\/www.ogl-kernen.de\/#\/schema\/person\/image\/\",\"url\":\"https:\/\/secure.gravatar.com\/avatar\/eca732170f439564e0de7ff140dc083abd1fcf055dfd83a8985c214a6afa79c9?s=96&d=mm&r=g\",\"contentUrl\":\"https:\/\/secure.gravatar.com\/avatar\/eca732170f439564e0de7ff140dc083abd1fcf055dfd83a8985c214a6afa79c9?s=96&d=mm&r=g\",\"caption\":\"Matthias Kramer\"},\"url\":\"https:\/\/www.ogl-kernen.de\/?author=3\"}]}<\/script>\n<!-- \/ Yoast SEO plugin. -->","yoast_head_json":{"title":"Parkleitsystem f\u00fcr Stetten - OGL Kernen","robots":{"index":"index","follow":"follow","max-snippet":"max-snippet:-1","max-image-preview":"max-image-preview:large","max-video-preview":"max-video-preview:-1"},"canonical":"https:\/\/www.ogl-kernen.de\/?p=190","og_locale":"de_DE","og_type":"article","og_title":"Parkleitsystem f\u00fcr Stetten - OGL Kernen","og_description":"&#8222;Die Geister, die ich rief, werd ich nicht mehr los&#8220;. Goethes Zauberlehrling spricht den Stettenern wahrscheinlich aus der Seele. Eine ge\u00f6ffnete Kugelbahn und Ausfl\u00fcge ins idyllische Stetten bescheren diesem noch nie dagewesene Besucherstr\u00f6me. An fast jedem sonnigen Wochenende unertr\u00e4glicher Pkw-Verkehr in den Weinbergen, Parkplatzsuche und wildes Parken oben am S\u00e4ngerheim und ganz Stetten. Es ist &hellip; Parkleitsystem f\u00fcr Stetten Weiterlesen &raquo;","og_url":"https:\/\/www.ogl-kernen.de\/?p=190","og_site_name":"OGL Kernen","article_published_time":"2021-06-16T20:43:00+00:00","article_modified_time":"2021-06-27T20:52:32+00:00","author":"Matthias Kramer","twitter_card":"summary_large_image","twitter_misc":{"Verfasst von":"Matthias Kramer","Gesch\u00e4tzte Lesezeit":"2\u00a0Minuten"},"schema":{"@context":"https:\/\/schema.org","@graph":[{"@type":"Article","@id":"https:\/\/www.ogl-kernen.de\/?p=190#article","isPartOf":{"@id":"https:\/\/www.ogl-kernen.de\/?p=190"},"author":{"name":"Matthias Kramer","@id":"https:\/\/www.ogl-kernen.de\/#\/schema\/person\/92d45b78564a61718a56f762c5c32250"},"headline":"Parkleitsystem f\u00fcr Stetten","datePublished":"2021-06-16T20:43:00+00:00","dateModified":"2021-06-27T20:52:32+00:00","mainEntityOfPage":{"@id":"https:\/\/www.ogl-kernen.de\/?p=190"},"wordCount":375,"publisher":{"@id":"https:\/\/www.ogl-kernen.de\/#organization"},"keywords":["Parkleitsystem"],"articleSection":["Fraktion"],"inLanguage":"de"},{"@type":"WebPage","@id":"https:\/\/www.ogl-kernen.de\/?p=190","url":"https:\/\/www.ogl-kernen.de\/?p=190","name":"Parkleitsystem f\u00fcr Stetten - OGL Kernen","isPartOf":{"@id":"https:\/\/www.ogl-kernen.de\/#website"},"datePublished":"2021-06-16T20:43:00+00:00","dateModified":"2021-06-27T20:52:32+00:00","breadcrumb":{"@id":"https:\/\/www.ogl-kernen.de\/?p=190#breadcrumb"},"inLanguage":"de","potentialAction":[{"@type":"ReadAction","target":["https:\/\/www.ogl-kernen.de\/?p=190"]}]},{"@type":"BreadcrumbList","@id":"https:\/\/www.ogl-kernen.de\/?p=190#breadcrumb","itemListElement":[{"@type":"ListItem","position":1,"name":"Startseite","item":"https:\/\/www.ogl-kernen.de\/"},{"@type":"ListItem","position":2,"name":"Parkleitsystem f\u00fcr Stetten"}]},{"@type":"WebSite","@id":"https:\/\/www.ogl-kernen.de\/#website","url":"https:\/\/www.ogl-kernen.de\/","name":"OGL Kernen","description":"nachhaltig - sozial - weltoffen","publisher":{"@id":"https:\/\/www.ogl-kernen.de\/#organization"},"potentialAction":[{"@type":"SearchAction","target":{"@type":"EntryPoint","urlTemplate":"https:\/\/www.ogl-kernen.de\/?s={search_term_string}"},"query-input":"required name=search_term_string"}],"inLanguage":"de"},{"@type":"Organization","@id":"https:\/\/www.ogl-kernen.de\/#organization","name":"OGL Kernen","url":"https:\/\/www.ogl-kernen.de\/","logo":{"@type":"ImageObject","inLanguage":"de","@id":"https:\/\/www.ogl-kernen.de\/#\/schema\/logo\/image\/","url":"https:\/\/www.ogl-kernen.de\/test\/wp-content\/uploads\/2021\/05\/cropped-Logo-ow-scaled-1.jpg","contentUrl":"https:\/\/www.ogl-kernen.de\/test\/wp-content\/uploads\/2021\/05\/cropped-Logo-ow-scaled-1.jpg","width":2560,"height":478,"caption":"OGL Kernen"},"image":{"@id":"https:\/\/www.ogl-kernen.de\/#\/schema\/logo\/image\/"},"sameAs":["https:\/\/www.instagram.com\/ogl_kernen\/"]},{"@type":"Person","@id":"https:\/\/www.ogl-kernen.de\/#\/schema\/person\/92d45b78564a61718a56f762c5c32250","name":"Matthias Kramer","image":{"@type":"ImageObject","inLanguage":"de","@id":"https:\/\/www.ogl-kernen.de\/#\/schema\/person\/image\/","url":"https:\/\/secure.gravatar.com\/avatar\/eca732170f439564e0de7ff140dc083abd1fcf055dfd83a8985c214a6afa79c9?s=96&d=mm&r=g","contentUrl":"https:\/\/secure.gravatar.com\/avatar\/eca732170f439564e0de7ff140dc083abd1fcf055dfd83a8985c214a6afa79c9?s=96&d=mm&r=g","caption":"Matthias Kramer"},"url":"https:\/\/www.ogl-kernen.de\/?author=3"}]}},"_links":{"self":[{"href":"https:\/\/www.ogl-kernen.de\/index.php?rest_route=\/wp\/v2\/posts\/190","targetHints":{"allow":["GET"]}}],"collection":[{"href":"https:\/\/www.ogl-kernen.de\/index.php?rest_route=\/wp\/v2\/posts"}],"about":[{"href":"https:\/\/www.ogl-kernen.de\/index.php?rest_route=\/wp\/v2\/types\/post"}],"author":[{"embeddable":true,"href":"https:\/\/www.ogl-kernen.de\/index.php?rest_route=\/wp\/v2\/users\/3"}],"replies":[{"embeddable":true,"href":"https:\/\/www.ogl-kernen.de\/index.php?rest_route=%2Fwp%2Fv2%2Fcomments&post=190"}],"version-history":[{"count":1,"href":"https:\/\/www.ogl-kernen.de\/index.php?rest_route=\/wp\/v2\/posts\/190\/revisions"}],"predecessor-version":[{"id":191,"href":"https:\/\/www.ogl-kernen.de\/index.php?rest_route=\/wp\/v2\/posts\/190\/revisions\/191"}],"wp:attachment":[{"href":"https:\/\/www.ogl-kernen.de\/index.php?rest_route=%2Fwp%2Fv2%2Fmedia&parent=190"}],"wp:term":[{"taxonomy":"category","embeddable":true,"href":"https:\/\/www.ogl-kernen.de\/index.php?rest_route=%2Fwp%2Fv2%2Fcategories&post=190"},{"taxonomy":"post_tag","embeddable":true,"href":"https:\/\/www.ogl-kernen.de\/index.php?rest_route=%2Fwp%2Fv2%2Ftags&post=190"}],"curies":[{"name":"wp","href":"https:\/\/api.w.org\/{rel}","templated":true}]}}