{"id":188,"date":"2021-06-23T22:33:00","date_gmt":"2021-06-23T20:33:00","guid":{"rendered":"https:\/\/www.ogl-kernen.de\/?p=188"},"modified":"2021-06-27T22:51:40","modified_gmt":"2021-06-27T20:51:40","slug":"wege-zu-einem-klimaneutralen-energiesystem","status":"publish","type":"post","link":"https:\/\/www.ogl-kernen.de\/?p=188","title":{"rendered":"Wege zu einem klimaneutralen Energiesystem"},"content":{"rendered":"\n<p>Das Fraunhofer-Institut f\u00fcr Solare Energiesysteme ISE hat im Dez. 2020 das Update zur Studie \u201e\u00bbWege zu einem klimaneutralen Energiesystem\u00ab\u201c herausgegeben. Hierin geht es zusammengefasst darum, ob und wie wir die Klimaziele vom Bund, die vollst\u00e4ndige Klimaneutralit\u00e4t des Energiesystems bis 2050, erreichen k\u00f6nnen.<\/p>\n\n\n\n<p>Die Kernfrage aus der Studie ist: K\u00f6nnen wir das schaffen?<\/p>\n\n\n\n<p>Die Antwort lautet: Ja.<\/p>\n\n\n\n<p>Aber: Wir m\u00fcssen die Sache ernst nehmen und diese jetzt angehen.<\/p>\n\n\n\n<p>Eine zentrale Rolle beim Klimaschutz spielen energieeffiziente Geb\u00e4ude, da wir ca. 40% der Endenergie im Geb\u00e4udebereich verbrauchen.<\/p>\n\n\n\n<p>Wenn wir uns die ersten Planungen f\u00fcr das neue Quartier Hangweide anschauen, dann sehen wir, dass hier die Weichen in die richtige Richtung gestellt sind. Null-Energie-H\u00e4user bzw. Geb\u00e4ude, die durch ihre Struktur und Ausr\u00fcstung mehr Energie herstellen als verbrauchen.<\/p>\n\n\n\n<p>Diese Konzeption f\u00fcr die Hangweide wurde aber nicht von uns, der Gemeinde und der Verwaltung, erstellt. Verantwortlich hierf\u00fcr sind externe Fachplaner, die sich ausschlie\u00dflich mit solchen Themen besch\u00e4ftigen. Gut f\u00fcr das Projekt Hangweide, dass hier eine gro\u00dfe Fachkompetenz in Sachen Energieeffizienz vorhanden ist.<\/p>\n\n\n\n<p>Leider haben wir diese Fachkompetenz nicht bei allen unseren Projekten in der Gemeinde.<\/p>\n\n\n\n<p>Beim Projekt Tulpenstra\u00dfe ist aktuell noch von einem KfW-45-Standard die Rede. Und leider scheint auch noch mit fossilen Energietr\u00e4gern geplant zu werden.<\/p>\n\n\n\n<p>Bei Lebenszyklen von Bauwerken bzw. deren technischer Ausr\u00fcstung d\u00fcrfen wir gerne mal von 40 Jahren oder mehr aus gehen.<\/p>\n\n\n\n<p>40 Jahre lang mit einer unzul\u00e4nglichen Technik arbeiten? Heute Fehlinvestitionen t\u00e4tigen?<\/p>\n\n\n\n<p>Sicher nicht. Denn sonst erreichen wir die gesteckten Ziele nicht.<\/p>\n\n\n\n<p>Was wir brauchen ist mehr Fachkompetenz in der Gemeinde.<\/p>\n\n\n\n<p>Das ist keine versteckte Kritik an der Verwaltung und den Mitarbeitern, die hier besch\u00e4ftigt sind. Ganz im Gegenteil. Auch in Corona-Zeiten wird hier super Arbeit geleistet (Danke hierf\u00fcr !!!).<\/p>\n\n\n\n<p>Aber jeder wei\u00df, dass die Personaldecke knapp ist, und dass bestimmte Themenfelder unbesetzt sind.<\/p>\n\n\n\n<p>Deswegen brauchen wir dringend eine Vollzeitstelle f\u00fcr einen Klimaschutzmanager.<\/p>\n\n\n\n<p>Mit dieser Stelle h\u00e4tten wir dann die notwendige Fachkompetenz direkt vor Ort in der Gemeinde.<\/p>\n\n\n\n<p>Hier k\u00f6nnte dann alles zum Thema Reduktion der CO2-Emissionen zusammenlaufen und koordiniert werden. Egal ob Planung von Neubauten, Sanierungen im Bestand,\u2026<\/p>\n\n\n\n<p>Es gibt hier wirklich sehr viel zu tun.<\/p>\n\n\n\n<p>Und damit diese neue Stelle f\u00fcr uns als Gemeinde nicht zu teuer wird, stellen Land und Bund reichlich F\u00f6rdermittel zur Verf\u00fcgung.<\/p>\n\n\n\n<p>Wir k\u00f6nnen das schaffen.<\/p>\n\n\n\n<p>Ja, aber wir m\u00fcssen die Herausforderungen durch den Klimawandel ernst nehmen und jetzt handeln.<\/p>\n\n\n\n<p>Jeffrey Brencher<\/p>\n","protected":false},"excerpt":{"rendered":"<p>Das Fraunhofer-Institut f\u00fcr Solare Energiesysteme ISE hat im Dez. 2020 das Update zur Studie \u201e\u00bbWege zu einem klimaneutralen Energiesystem\u00ab\u201c herausgegeben. Hierin geht es zusammengefasst darum, ob und wie wir die Klimaziele vom Bund, die vollst\u00e4ndige Klimaneutralit\u00e4t des Energiesystems bis 2050, erreichen k\u00f6nnen. Die Kernfrage aus der Studie ist: K\u00f6nnen wir das schaffen? Die Antwort lautet: &hellip;<\/p>\n<p class=\"read-more\"> <a class=\"\" href=\"https:\/\/www.ogl-kernen.de\/?p=188\"> <span class=\"screen-reader-text\">Wege zu einem klimaneutralen Energiesystem<\/span> Weiterlesen &raquo;<\/a><\/p>\n","protected":false},"author":6,"featured_media":0,"comment_status":"closed","ping_status":"closed","sticky":false,"template":"","format":"standard","meta":{"site-sidebar-layout":"default","site-content-layout":"default","ast-global-header-display":"","ast-main-header-display":"","ast-hfb-above-header-display":"","ast-hfb-below-header-display":"","ast-hfb-mobile-header-display":"","site-post-title":"","ast-breadcrumbs-content":"","ast-featured-img":"","footer-sml-layout":"","theme-transparent-header-meta":"default","adv-header-id-meta":"","stick-header-meta":"","header-above-stick-meta":"","header-main-stick-meta":"","header-below-stick-meta":"","footnotes":""},"categories":[4],"tags":[19],"class_list":["post-188","post","type-post","status-publish","format-standard","hentry","category-fraktion","tag-klimamanager"],"yoast_head":"<!-- This site is optimized with the Yoast SEO plugin v22.2 - https:\/\/yoast.com\/wordpress\/plugins\/seo\/ -->\n<title>Wege zu einem klimaneutralen Energiesystem - OGL Kernen<\/title>\n<meta name=\"robots\" content=\"index, follow, max-snippet:-1, max-image-preview:large, max-video-preview:-1\" \/>\n<link rel=\"canonical\" href=\"https:\/\/www.ogl-kernen.de\/?p=188\" \/>\n<meta property=\"og:locale\" content=\"de_DE\" \/>\n<meta property=\"og:type\" content=\"article\" \/>\n<meta property=\"og:title\" content=\"Wege zu einem klimaneutralen Energiesystem - OGL Kernen\" \/>\n<meta property=\"og:description\" content=\"Das Fraunhofer-Institut f\u00fcr Solare Energiesysteme ISE hat im Dez. 2020 das Update zur Studie \u201e\u00bbWege zu einem klimaneutralen Energiesystem\u00ab\u201c herausgegeben. Hierin geht es zusammengefasst darum, ob und wie wir die Klimaziele vom Bund, die vollst\u00e4ndige Klimaneutralit\u00e4t des Energiesystems bis 2050, erreichen k\u00f6nnen. Die Kernfrage aus der Studie ist: K\u00f6nnen wir das schaffen? Die Antwort lautet: &hellip; Wege zu einem klimaneutralen Energiesystem Weiterlesen &raquo;\" \/>\n<meta property=\"og:url\" content=\"https:\/\/www.ogl-kernen.de\/?p=188\" \/>\n<meta property=\"og:site_name\" content=\"OGL Kernen\" \/>\n<meta property=\"article:published_time\" content=\"2021-06-23T20:33:00+00:00\" \/>\n<meta property=\"article:modified_time\" content=\"2021-06-27T20:51:40+00:00\" \/>\n<meta name=\"author\" content=\"Jeffrey Brencher\" \/>\n<meta name=\"twitter:card\" content=\"summary_large_image\" \/>\n<meta name=\"twitter:label1\" content=\"Verfasst von\" \/>\n\t<meta name=\"twitter:data1\" content=\"Jeffrey Brencher\" \/>\n\t<meta name=\"twitter:label2\" content=\"Gesch\u00e4tzte Lesezeit\" \/>\n\t<meta name=\"twitter:data2\" content=\"2\u00a0Minuten\" \/>\n<script type=\"application\/ld+json\" class=\"yoast-schema-graph\">{\"@context\":\"https:\/\/schema.org\",\"@graph\":[{\"@type\":\"Article\",\"@id\":\"https:\/\/www.ogl-kernen.de\/?p=188#article\",\"isPartOf\":{\"@id\":\"https:\/\/www.ogl-kernen.de\/?p=188\"},\"author\":{\"name\":\"Jeffrey Brencher\",\"@id\":\"https:\/\/www.ogl-kernen.de\/#\/schema\/person\/b15a6f68635d78daaa77f3fc1bc75c26\"},\"headline\":\"Wege zu einem klimaneutralen Energiesystem\",\"datePublished\":\"2021-06-23T20:33:00+00:00\",\"dateModified\":\"2021-06-27T20:51:40+00:00\",\"mainEntityOfPage\":{\"@id\":\"https:\/\/www.ogl-kernen.de\/?p=188\"},\"wordCount\":422,\"publisher\":{\"@id\":\"https:\/\/www.ogl-kernen.de\/#organization\"},\"keywords\":[\"Klimamanager\"],\"articleSection\":[\"Fraktion\"],\"inLanguage\":\"de\"},{\"@type\":\"WebPage\",\"@id\":\"https:\/\/www.ogl-kernen.de\/?p=188\",\"url\":\"https:\/\/www.ogl-kernen.de\/?p=188\",\"name\":\"Wege zu einem klimaneutralen Energiesystem - OGL Kernen\",\"isPartOf\":{\"@id\":\"https:\/\/www.ogl-kernen.de\/#website\"},\"datePublished\":\"2021-06-23T20:33:00+00:00\",\"dateModified\":\"2021-06-27T20:51:40+00:00\",\"breadcrumb\":{\"@id\":\"https:\/\/www.ogl-kernen.de\/?p=188#breadcrumb\"},\"inLanguage\":\"de\",\"potentialAction\":[{\"@type\":\"ReadAction\",\"target\":[\"https:\/\/www.ogl-kernen.de\/?p=188\"]}]},{\"@type\":\"BreadcrumbList\",\"@id\":\"https:\/\/www.ogl-kernen.de\/?p=188#breadcrumb\",\"itemListElement\":[{\"@type\":\"ListItem\",\"position\":1,\"name\":\"Startseite\",\"item\":\"https:\/\/www.ogl-kernen.de\/\"},{\"@type\":\"ListItem\",\"position\":2,\"name\":\"Wege zu einem klimaneutralen Energiesystem\"}]},{\"@type\":\"WebSite\",\"@id\":\"https:\/\/www.ogl-kernen.de\/#website\",\"url\":\"https:\/\/www.ogl-kernen.de\/\",\"name\":\"OGL Kernen\",\"description\":\"nachhaltig - sozial - weltoffen\",\"publisher\":{\"@id\":\"https:\/\/www.ogl-kernen.de\/#organization\"},\"potentialAction\":[{\"@type\":\"SearchAction\",\"target\":{\"@type\":\"EntryPoint\",\"urlTemplate\":\"https:\/\/www.ogl-kernen.de\/?s={search_term_string}\"},\"query-input\":\"required name=search_term_string\"}],\"inLanguage\":\"de\"},{\"@type\":\"Organization\",\"@id\":\"https:\/\/www.ogl-kernen.de\/#organization\",\"name\":\"OGL Kernen\",\"url\":\"https:\/\/www.ogl-kernen.de\/\",\"logo\":{\"@type\":\"ImageObject\",\"inLanguage\":\"de\",\"@id\":\"https:\/\/www.ogl-kernen.de\/#\/schema\/logo\/image\/\",\"url\":\"https:\/\/www.ogl-kernen.de\/test\/wp-content\/uploads\/2021\/05\/cropped-Logo-ow-scaled-1.jpg\",\"contentUrl\":\"https:\/\/www.ogl-kernen.de\/test\/wp-content\/uploads\/2021\/05\/cropped-Logo-ow-scaled-1.jpg\",\"width\":2560,\"height\":478,\"caption\":\"OGL Kernen\"},\"image\":{\"@id\":\"https:\/\/www.ogl-kernen.de\/#\/schema\/logo\/image\/\"},\"sameAs\":[\"https:\/\/www.instagram.com\/ogl_kernen\/\"]},{\"@type\":\"Person\",\"@id\":\"https:\/\/www.ogl-kernen.de\/#\/schema\/person\/b15a6f68635d78daaa77f3fc1bc75c26\",\"name\":\"Jeffrey Brencher\",\"image\":{\"@type\":\"ImageObject\",\"inLanguage\":\"de\",\"@id\":\"https:\/\/www.ogl-kernen.de\/#\/schema\/person\/image\/\",\"url\":\"https:\/\/secure.gravatar.com\/avatar\/cdde334e695aece08cfb44bac74e6be5c684d4af61812ea03a1b41849f7f4541?s=96&d=mm&r=g\",\"contentUrl\":\"https:\/\/secure.gravatar.com\/avatar\/cdde334e695aece08cfb44bac74e6be5c684d4af61812ea03a1b41849f7f4541?s=96&d=mm&r=g\",\"caption\":\"Jeffrey Brencher\"},\"url\":\"https:\/\/www.ogl-kernen.de\/?author=6\"}]}<\/script>\n<!-- \/ Yoast SEO plugin. -->","yoast_head_json":{"title":"Wege zu einem klimaneutralen Energiesystem - OGL Kernen","robots":{"index":"index","follow":"follow","max-snippet":"max-snippet:-1","max-image-preview":"max-image-preview:large","max-video-preview":"max-video-preview:-1"},"canonical":"https:\/\/www.ogl-kernen.de\/?p=188","og_locale":"de_DE","og_type":"article","og_title":"Wege zu einem klimaneutralen Energiesystem - OGL Kernen","og_description":"Das Fraunhofer-Institut f\u00fcr Solare Energiesysteme ISE hat im Dez. 2020 das Update zur Studie \u201e\u00bbWege zu einem klimaneutralen Energiesystem\u00ab\u201c herausgegeben. Hierin geht es zusammengefasst darum, ob und wie wir die Klimaziele vom Bund, die vollst\u00e4ndige Klimaneutralit\u00e4t des Energiesystems bis 2050, erreichen k\u00f6nnen. Die Kernfrage aus der Studie ist: K\u00f6nnen wir das schaffen? Die Antwort lautet: &hellip; Wege zu einem klimaneutralen Energiesystem Weiterlesen &raquo;","og_url":"https:\/\/www.ogl-kernen.de\/?p=188","og_site_name":"OGL Kernen","article_published_time":"2021-06-23T20:33:00+00:00","article_modified_time":"2021-06-27T20:51:40+00:00","author":"Jeffrey Brencher","twitter_card":"summary_large_image","twitter_misc":{"Verfasst von":"Jeffrey Brencher","Gesch\u00e4tzte Lesezeit":"2\u00a0Minuten"},"schema":{"@context":"https:\/\/schema.org","@graph":[{"@type":"Article","@id":"https:\/\/www.ogl-kernen.de\/?p=188#article","isPartOf":{"@id":"https:\/\/www.ogl-kernen.de\/?p=188"},"author":{"name":"Jeffrey Brencher","@id":"https:\/\/www.ogl-kernen.de\/#\/schema\/person\/b15a6f68635d78daaa77f3fc1bc75c26"},"headline":"Wege zu einem klimaneutralen Energiesystem","datePublished":"2021-06-23T20:33:00+00:00","dateModified":"2021-06-27T20:51:40+00:00","mainEntityOfPage":{"@id":"https:\/\/www.ogl-kernen.de\/?p=188"},"wordCount":422,"publisher":{"@id":"https:\/\/www.ogl-kernen.de\/#organization"},"keywords":["Klimamanager"],"articleSection":["Fraktion"],"inLanguage":"de"},{"@type":"WebPage","@id":"https:\/\/www.ogl-kernen.de\/?p=188","url":"https:\/\/www.ogl-kernen.de\/?p=188","name":"Wege zu einem klimaneutralen Energiesystem - OGL Kernen","isPartOf":{"@id":"https:\/\/www.ogl-kernen.de\/#website"},"datePublished":"2021-06-23T20:33:00+00:00","dateModified":"2021-06-27T20:51:40+00:00","breadcrumb":{"@id":"https:\/\/www.ogl-kernen.de\/?p=188#breadcrumb"},"inLanguage":"de","potentialAction":[{"@type":"ReadAction","target":["https:\/\/www.ogl-kernen.de\/?p=188"]}]},{"@type":"BreadcrumbList","@id":"https:\/\/www.ogl-kernen.de\/?p=188#breadcrumb","itemListElement":[{"@type":"ListItem","position":1,"name":"Startseite","item":"https:\/\/www.ogl-kernen.de\/"},{"@type":"ListItem","position":2,"name":"Wege zu einem klimaneutralen Energiesystem"}]},{"@type":"WebSite","@id":"https:\/\/www.ogl-kernen.de\/#website","url":"https:\/\/www.ogl-kernen.de\/","name":"OGL Kernen","description":"nachhaltig - sozial - weltoffen","publisher":{"@id":"https:\/\/www.ogl-kernen.de\/#organization"},"potentialAction":[{"@type":"SearchAction","target":{"@type":"EntryPoint","urlTemplate":"https:\/\/www.ogl-kernen.de\/?s={search_term_string}"},"query-input":"required name=search_term_string"}],"inLanguage":"de"},{"@type":"Organization","@id":"https:\/\/www.ogl-kernen.de\/#organization","name":"OGL Kernen","url":"https:\/\/www.ogl-kernen.de\/","logo":{"@type":"ImageObject","inLanguage":"de","@id":"https:\/\/www.ogl-kernen.de\/#\/schema\/logo\/image\/","url":"https:\/\/www.ogl-kernen.de\/test\/wp-content\/uploads\/2021\/05\/cropped-Logo-ow-scaled-1.jpg","contentUrl":"https:\/\/www.ogl-kernen.de\/test\/wp-content\/uploads\/2021\/05\/cropped-Logo-ow-scaled-1.jpg","width":2560,"height":478,"caption":"OGL Kernen"},"image":{"@id":"https:\/\/www.ogl-kernen.de\/#\/schema\/logo\/image\/"},"sameAs":["https:\/\/www.instagram.com\/ogl_kernen\/"]},{"@type":"Person","@id":"https:\/\/www.ogl-kernen.de\/#\/schema\/person\/b15a6f68635d78daaa77f3fc1bc75c26","name":"Jeffrey Brencher","image":{"@type":"ImageObject","inLanguage":"de","@id":"https:\/\/www.ogl-kernen.de\/#\/schema\/person\/image\/","url":"https:\/\/secure.gravatar.com\/avatar\/cdde334e695aece08cfb44bac74e6be5c684d4af61812ea03a1b41849f7f4541?s=96&d=mm&r=g","contentUrl":"https:\/\/secure.gravatar.com\/avatar\/cdde334e695aece08cfb44bac74e6be5c684d4af61812ea03a1b41849f7f4541?s=96&d=mm&r=g","caption":"Jeffrey Brencher"},"url":"https:\/\/www.ogl-kernen.de\/?author=6"}]}},"_links":{"self":[{"href":"https:\/\/www.ogl-kernen.de\/index.php?rest_route=\/wp\/v2\/posts\/188","targetHints":{"allow":["GET"]}}],"collection":[{"href":"https:\/\/www.ogl-kernen.de\/index.php?rest_route=\/wp\/v2\/posts"}],"about":[{"href":"https:\/\/www.ogl-kernen.de\/index.php?rest_route=\/wp\/v2\/types\/post"}],"author":[{"embeddable":true,"href":"https:\/\/www.ogl-kernen.de\/index.php?rest_route=\/wp\/v2\/users\/6"}],"replies":[{"embeddable":true,"href":"https:\/\/www.ogl-kernen.de\/index.php?rest_route=%2Fwp%2Fv2%2Fcomments&post=188"}],"version-history":[{"count":1,"href":"https:\/\/www.ogl-kernen.de\/index.php?rest_route=\/wp\/v2\/posts\/188\/revisions"}],"predecessor-version":[{"id":189,"href":"https:\/\/www.ogl-kernen.de\/index.php?rest_route=\/wp\/v2\/posts\/188\/revisions\/189"}],"wp:attachment":[{"href":"https:\/\/www.ogl-kernen.de\/index.php?rest_route=%2Fwp%2Fv2%2Fmedia&parent=188"}],"wp:term":[{"taxonomy":"category","embeddable":true,"href":"https:\/\/www.ogl-kernen.de\/index.php?rest_route=%2Fwp%2Fv2%2Fcategories&post=188"},{"taxonomy":"post_tag","embeddable":true,"href":"https:\/\/www.ogl-kernen.de\/index.php?rest_route=%2Fwp%2Fv2%2Ftags&post=188"}],"curies":[{"name":"wp","href":"https:\/\/api.w.org\/{rel}","templated":true}]}}