{"id":173,"date":"2021-06-12T18:34:00","date_gmt":"2021-06-12T16:34:00","guid":{"rendered":"https:\/\/www.ogl-kernen.de\/?p=173"},"modified":"2021-06-13T18:35:39","modified_gmt":"2021-06-13T16:35:39","slug":"stadtradeln-2021-jetzt-beim-team-ogl-anmelden","status":"publish","type":"post","link":"https:\/\/www.ogl-kernen.de\/?p=173","title":{"rendered":"Stadtradeln 2021 \u2013 Jetzt beim Team OGL anmelden"},"content":{"rendered":"\n<p>Die Offene Gr\u00fcne Liste Kernen ist beim Stadtradeln im Juni wieder mit von der Partie. Wir w\u00fcrden uns freuen, wenn viele die OGL auch dieses Jahr wieder unterst\u00fctzen und flei\u00dfig Kilometer nicht nur f\u00fcr uns, sondern auch f\u00fcr die Umwelt sammeln. Also, wer noch kein Team hat, ist eingeladen, bei uns mitzuradeln. Einfach im Internet &#8222;Kernen \u2013 STADTRADELN&#8220; eingeben, sich anmelden und dem TEAM &#8222;Offene Gr\u00fcne Liste Kernen&#8220; beitreten. Unser Teamleader Peter Haas steht auch jetzt schon bei Fragen, Problemen oder Anregungen zur Verf\u00fcgung. Peter, dir schon vorab mal vielen Dank, dass du unser Team anf\u00fchrst.<br><\/p>\n","protected":false},"excerpt":{"rendered":"<p>Die Offene Gr\u00fcne Liste Kernen ist beim Stadtradeln im Juni wieder mit von der Partie. Wir w\u00fcrden uns freuen, wenn viele die OGL auch dieses Jahr wieder unterst\u00fctzen und flei\u00dfig Kilometer nicht nur f\u00fcr uns, sondern auch f\u00fcr die Umwelt sammeln. Also, wer noch kein Team hat, ist eingeladen, bei uns mitzuradeln. Einfach im Internet &hellip;<\/p>\n<p class=\"read-more\"> <a class=\"\" href=\"https:\/\/www.ogl-kernen.de\/?p=173\"> <span class=\"screen-reader-text\">Stadtradeln 2021 \u2013 Jetzt beim Team OGL anmelden<\/span> Weiterlesen &raquo;<\/a><\/p>\n","protected":false},"author":3,"featured_media":0,"comment_status":"closed","ping_status":"closed","sticky":false,"template":"","format":"standard","meta":{"site-sidebar-layout":"default","site-content-layout":"default","ast-global-header-display":"","ast-main-header-display":"","ast-hfb-above-header-display":"","ast-hfb-below-header-display":"","ast-hfb-mobile-header-display":"","site-post-title":"","ast-breadcrumbs-content":"","ast-featured-img":"","footer-sml-layout":"","theme-transparent-header-meta":"default","adv-header-id-meta":"","stick-header-meta":"","header-above-stick-meta":"","header-main-stick-meta":"","header-below-stick-meta":"","footnotes":""},"categories":[1],"tags":[11],"class_list":["post-173","post","type-post","status-publish","format-standard","hentry","category-allgemein","tag-stadtradeln"],"yoast_head":"<!-- This site is optimized with the Yoast SEO plugin v22.2 - https:\/\/yoast.com\/wordpress\/plugins\/seo\/ -->\n<title>Stadtradeln 2021 \u2013 Jetzt beim Team OGL anmelden - OGL Kernen<\/title>\n<meta name=\"robots\" content=\"index, follow, max-snippet:-1, max-image-preview:large, max-video-preview:-1\" \/>\n<link rel=\"canonical\" href=\"https:\/\/www.ogl-kernen.de\/?p=173\" \/>\n<meta property=\"og:locale\" content=\"de_DE\" \/>\n<meta property=\"og:type\" content=\"article\" \/>\n<meta property=\"og:title\" content=\"Stadtradeln 2021 \u2013 Jetzt beim Team OGL anmelden - OGL Kernen\" \/>\n<meta property=\"og:description\" content=\"Die Offene Gr\u00fcne Liste Kernen ist beim Stadtradeln im Juni wieder mit von der Partie. Wir w\u00fcrden uns freuen, wenn viele die OGL auch dieses Jahr wieder unterst\u00fctzen und flei\u00dfig Kilometer nicht nur f\u00fcr uns, sondern auch f\u00fcr die Umwelt sammeln. Also, wer noch kein Team hat, ist eingeladen, bei uns mitzuradeln. Einfach im Internet &hellip; Stadtradeln 2021 \u2013 Jetzt beim Team OGL anmelden Weiterlesen &raquo;\" \/>\n<meta property=\"og:url\" content=\"https:\/\/www.ogl-kernen.de\/?p=173\" \/>\n<meta property=\"og:site_name\" content=\"OGL Kernen\" \/>\n<meta property=\"article:published_time\" content=\"2021-06-12T16:34:00+00:00\" \/>\n<meta property=\"article:modified_time\" content=\"2021-06-13T16:35:39+00:00\" \/>\n<meta name=\"author\" content=\"Matthias Kramer\" \/>\n<meta name=\"twitter:card\" content=\"summary_large_image\" \/>\n<meta name=\"twitter:label1\" content=\"Verfasst von\" \/>\n\t<meta name=\"twitter:data1\" content=\"Matthias Kramer\" \/>\n\t<meta name=\"twitter:label2\" content=\"Gesch\u00e4tzte Lesezeit\" \/>\n\t<meta name=\"twitter:data2\" content=\"1\u00a0Minute\" \/>\n<script type=\"application\/ld+json\" class=\"yoast-schema-graph\">{\"@context\":\"https:\/\/schema.org\",\"@graph\":[{\"@type\":\"Article\",\"@id\":\"https:\/\/www.ogl-kernen.de\/?p=173#article\",\"isPartOf\":{\"@id\":\"https:\/\/www.ogl-kernen.de\/?p=173\"},\"author\":{\"name\":\"Matthias Kramer\",\"@id\":\"https:\/\/www.ogl-kernen.de\/#\/schema\/person\/92d45b78564a61718a56f762c5c32250\"},\"headline\":\"Stadtradeln 2021 \u2013 Jetzt beim Team OGL anmelden\",\"datePublished\":\"2021-06-12T16:34:00+00:00\",\"dateModified\":\"2021-06-13T16:35:39+00:00\",\"mainEntityOfPage\":{\"@id\":\"https:\/\/www.ogl-kernen.de\/?p=173\"},\"wordCount\":110,\"publisher\":{\"@id\":\"https:\/\/www.ogl-kernen.de\/#organization\"},\"keywords\":[\"Stadtradeln\"],\"inLanguage\":\"de\"},{\"@type\":\"WebPage\",\"@id\":\"https:\/\/www.ogl-kernen.de\/?p=173\",\"url\":\"https:\/\/www.ogl-kernen.de\/?p=173\",\"name\":\"Stadtradeln 2021 \u2013 Jetzt beim Team OGL anmelden - OGL Kernen\",\"isPartOf\":{\"@id\":\"https:\/\/www.ogl-kernen.de\/#website\"},\"datePublished\":\"2021-06-12T16:34:00+00:00\",\"dateModified\":\"2021-06-13T16:35:39+00:00\",\"breadcrumb\":{\"@id\":\"https:\/\/www.ogl-kernen.de\/?p=173#breadcrumb\"},\"inLanguage\":\"de\",\"potentialAction\":[{\"@type\":\"ReadAction\",\"target\":[\"https:\/\/www.ogl-kernen.de\/?p=173\"]}]},{\"@type\":\"BreadcrumbList\",\"@id\":\"https:\/\/www.ogl-kernen.de\/?p=173#breadcrumb\",\"itemListElement\":[{\"@type\":\"ListItem\",\"position\":1,\"name\":\"Startseite\",\"item\":\"https:\/\/www.ogl-kernen.de\/\"},{\"@type\":\"ListItem\",\"position\":2,\"name\":\"Stadtradeln 2021 \u2013 Jetzt beim Team OGL anmelden\"}]},{\"@type\":\"WebSite\",\"@id\":\"https:\/\/www.ogl-kernen.de\/#website\",\"url\":\"https:\/\/www.ogl-kernen.de\/\",\"name\":\"OGL Kernen\",\"description\":\"nachhaltig - sozial - weltoffen\",\"publisher\":{\"@id\":\"https:\/\/www.ogl-kernen.de\/#organization\"},\"potentialAction\":[{\"@type\":\"SearchAction\",\"target\":{\"@type\":\"EntryPoint\",\"urlTemplate\":\"https:\/\/www.ogl-kernen.de\/?s={search_term_string}\"},\"query-input\":\"required name=search_term_string\"}],\"inLanguage\":\"de\"},{\"@type\":\"Organization\",\"@id\":\"https:\/\/www.ogl-kernen.de\/#organization\",\"name\":\"OGL Kernen\",\"url\":\"https:\/\/www.ogl-kernen.de\/\",\"logo\":{\"@type\":\"ImageObject\",\"inLanguage\":\"de\",\"@id\":\"https:\/\/www.ogl-kernen.de\/#\/schema\/logo\/image\/\",\"url\":\"https:\/\/www.ogl-kernen.de\/test\/wp-content\/uploads\/2021\/05\/cropped-Logo-ow-scaled-1.jpg\",\"contentUrl\":\"https:\/\/www.ogl-kernen.de\/test\/wp-content\/uploads\/2021\/05\/cropped-Logo-ow-scaled-1.jpg\",\"width\":2560,\"height\":478,\"caption\":\"OGL Kernen\"},\"image\":{\"@id\":\"https:\/\/www.ogl-kernen.de\/#\/schema\/logo\/image\/\"},\"sameAs\":[\"https:\/\/www.instagram.com\/ogl_kernen\/\"]},{\"@type\":\"Person\",\"@id\":\"https:\/\/www.ogl-kernen.de\/#\/schema\/person\/92d45b78564a61718a56f762c5c32250\",\"name\":\"Matthias Kramer\",\"image\":{\"@type\":\"ImageObject\",\"inLanguage\":\"de\",\"@id\":\"https:\/\/www.ogl-kernen.de\/#\/schema\/person\/image\/\",\"url\":\"https:\/\/secure.gravatar.com\/avatar\/eca732170f439564e0de7ff140dc083abd1fcf055dfd83a8985c214a6afa79c9?s=96&d=mm&r=g\",\"contentUrl\":\"https:\/\/secure.gravatar.com\/avatar\/eca732170f439564e0de7ff140dc083abd1fcf055dfd83a8985c214a6afa79c9?s=96&d=mm&r=g\",\"caption\":\"Matthias Kramer\"},\"url\":\"https:\/\/www.ogl-kernen.de\/?author=3\"}]}<\/script>\n<!-- \/ Yoast SEO plugin. -->","yoast_head_json":{"title":"Stadtradeln 2021 \u2013 Jetzt beim Team OGL anmelden - OGL Kernen","robots":{"index":"index","follow":"follow","max-snippet":"max-snippet:-1","max-image-preview":"max-image-preview:large","max-video-preview":"max-video-preview:-1"},"canonical":"https:\/\/www.ogl-kernen.de\/?p=173","og_locale":"de_DE","og_type":"article","og_title":"Stadtradeln 2021 \u2013 Jetzt beim Team OGL anmelden - OGL Kernen","og_description":"Die Offene Gr\u00fcne Liste Kernen ist beim Stadtradeln im Juni wieder mit von der Partie. Wir w\u00fcrden uns freuen, wenn viele die OGL auch dieses Jahr wieder unterst\u00fctzen und flei\u00dfig Kilometer nicht nur f\u00fcr uns, sondern auch f\u00fcr die Umwelt sammeln. Also, wer noch kein Team hat, ist eingeladen, bei uns mitzuradeln. Einfach im Internet &hellip; Stadtradeln 2021 \u2013 Jetzt beim Team OGL anmelden Weiterlesen &raquo;","og_url":"https:\/\/www.ogl-kernen.de\/?p=173","og_site_name":"OGL Kernen","article_published_time":"2021-06-12T16:34:00+00:00","article_modified_time":"2021-06-13T16:35:39+00:00","author":"Matthias Kramer","twitter_card":"summary_large_image","twitter_misc":{"Verfasst von":"Matthias Kramer","Gesch\u00e4tzte Lesezeit":"1\u00a0Minute"},"schema":{"@context":"https:\/\/schema.org","@graph":[{"@type":"Article","@id":"https:\/\/www.ogl-kernen.de\/?p=173#article","isPartOf":{"@id":"https:\/\/www.ogl-kernen.de\/?p=173"},"author":{"name":"Matthias Kramer","@id":"https:\/\/www.ogl-kernen.de\/#\/schema\/person\/92d45b78564a61718a56f762c5c32250"},"headline":"Stadtradeln 2021 \u2013 Jetzt beim Team OGL anmelden","datePublished":"2021-06-12T16:34:00+00:00","dateModified":"2021-06-13T16:35:39+00:00","mainEntityOfPage":{"@id":"https:\/\/www.ogl-kernen.de\/?p=173"},"wordCount":110,"publisher":{"@id":"https:\/\/www.ogl-kernen.de\/#organization"},"keywords":["Stadtradeln"],"inLanguage":"de"},{"@type":"WebPage","@id":"https:\/\/www.ogl-kernen.de\/?p=173","url":"https:\/\/www.ogl-kernen.de\/?p=173","name":"Stadtradeln 2021 \u2013 Jetzt beim Team OGL anmelden - OGL Kernen","isPartOf":{"@id":"https:\/\/www.ogl-kernen.de\/#website"},"datePublished":"2021-06-12T16:34:00+00:00","dateModified":"2021-06-13T16:35:39+00:00","breadcrumb":{"@id":"https:\/\/www.ogl-kernen.de\/?p=173#breadcrumb"},"inLanguage":"de","potentialAction":[{"@type":"ReadAction","target":["https:\/\/www.ogl-kernen.de\/?p=173"]}]},{"@type":"BreadcrumbList","@id":"https:\/\/www.ogl-kernen.de\/?p=173#breadcrumb","itemListElement":[{"@type":"ListItem","position":1,"name":"Startseite","item":"https:\/\/www.ogl-kernen.de\/"},{"@type":"ListItem","position":2,"name":"Stadtradeln 2021 \u2013 Jetzt beim Team OGL anmelden"}]},{"@type":"WebSite","@id":"https:\/\/www.ogl-kernen.de\/#website","url":"https:\/\/www.ogl-kernen.de\/","name":"OGL Kernen","description":"nachhaltig - sozial - weltoffen","publisher":{"@id":"https:\/\/www.ogl-kernen.de\/#organization"},"potentialAction":[{"@type":"SearchAction","target":{"@type":"EntryPoint","urlTemplate":"https:\/\/www.ogl-kernen.de\/?s={search_term_string}"},"query-input":"required name=search_term_string"}],"inLanguage":"de"},{"@type":"Organization","@id":"https:\/\/www.ogl-kernen.de\/#organization","name":"OGL Kernen","url":"https:\/\/www.ogl-kernen.de\/","logo":{"@type":"ImageObject","inLanguage":"de","@id":"https:\/\/www.ogl-kernen.de\/#\/schema\/logo\/image\/","url":"https:\/\/www.ogl-kernen.de\/test\/wp-content\/uploads\/2021\/05\/cropped-Logo-ow-scaled-1.jpg","contentUrl":"https:\/\/www.ogl-kernen.de\/test\/wp-content\/uploads\/2021\/05\/cropped-Logo-ow-scaled-1.jpg","width":2560,"height":478,"caption":"OGL Kernen"},"image":{"@id":"https:\/\/www.ogl-kernen.de\/#\/schema\/logo\/image\/"},"sameAs":["https:\/\/www.instagram.com\/ogl_kernen\/"]},{"@type":"Person","@id":"https:\/\/www.ogl-kernen.de\/#\/schema\/person\/92d45b78564a61718a56f762c5c32250","name":"Matthias Kramer","image":{"@type":"ImageObject","inLanguage":"de","@id":"https:\/\/www.ogl-kernen.de\/#\/schema\/person\/image\/","url":"https:\/\/secure.gravatar.com\/avatar\/eca732170f439564e0de7ff140dc083abd1fcf055dfd83a8985c214a6afa79c9?s=96&d=mm&r=g","contentUrl":"https:\/\/secure.gravatar.com\/avatar\/eca732170f439564e0de7ff140dc083abd1fcf055dfd83a8985c214a6afa79c9?s=96&d=mm&r=g","caption":"Matthias Kramer"},"url":"https:\/\/www.ogl-kernen.de\/?author=3"}]}},"_links":{"self":[{"href":"https:\/\/www.ogl-kernen.de\/index.php?rest_route=\/wp\/v2\/posts\/173","targetHints":{"allow":["GET"]}}],"collection":[{"href":"https:\/\/www.ogl-kernen.de\/index.php?rest_route=\/wp\/v2\/posts"}],"about":[{"href":"https:\/\/www.ogl-kernen.de\/index.php?rest_route=\/wp\/v2\/types\/post"}],"author":[{"embeddable":true,"href":"https:\/\/www.ogl-kernen.de\/index.php?rest_route=\/wp\/v2\/users\/3"}],"replies":[{"embeddable":true,"href":"https:\/\/www.ogl-kernen.de\/index.php?rest_route=%2Fwp%2Fv2%2Fcomments&post=173"}],"version-history":[{"count":2,"href":"https:\/\/www.ogl-kernen.de\/index.php?rest_route=\/wp\/v2\/posts\/173\/revisions"}],"predecessor-version":[{"id":175,"href":"https:\/\/www.ogl-kernen.de\/index.php?rest_route=\/wp\/v2\/posts\/173\/revisions\/175"}],"wp:attachment":[{"href":"https:\/\/www.ogl-kernen.de\/index.php?rest_route=%2Fwp%2Fv2%2Fmedia&parent=173"}],"wp:term":[{"taxonomy":"category","embeddable":true,"href":"https:\/\/www.ogl-kernen.de\/index.php?rest_route=%2Fwp%2Fv2%2Fcategories&post=173"},{"taxonomy":"post_tag","embeddable":true,"href":"https:\/\/www.ogl-kernen.de\/index.php?rest_route=%2Fwp%2Fv2%2Ftags&post=173"}],"curies":[{"name":"wp","href":"https:\/\/api.w.org\/{rel}","templated":true}]}}