{"id":163,"date":"2021-06-09T22:52:00","date_gmt":"2021-06-09T20:52:00","guid":{"rendered":"https:\/\/www.ogl-kernen.de\/?p=163"},"modified":"2021-06-09T23:06:11","modified_gmt":"2021-06-09T21:06:11","slug":"saengerheim-quo-vadis","status":"publish","type":"post","link":"https:\/\/www.ogl-kernen.de\/?p=163","title":{"rendered":"S\u00e4ngerheim \u2013 quo vadis?"},"content":{"rendered":"\n<p>Wie soll es mit der Pergola des S\u00e4ngerheims in Stetten weitergehen? <br>Drei m\u00f6gliche Planungsvarianten wurden dem Gemeinderat vorgestellt. In der vergangenen Sitzung des Technischen Ausschusses wurde beschlossen, eine Bauvoranfrage zur gr\u00f6\u00dftm\u00f6glichen Variante bei der Baurechtsbeh\u00f6rde in Waiblingen einzureichen. Hierbei handelt es sich um einem massiven Anbau mit geplanter Ganztages- und Ganzjahresbewirtung. Kosten allein f\u00fcr den Anbau liegen bei weit \u00fcber einer Million Euro. Ziel dieser Anfrage sei es, so die Verwaltung, \u00fcber die Baurechtsbeh\u00f6rde in Erfahrung zu bringen, was baulich m\u00f6glich w\u00e4re. Gemeinderatskollege Andreas<br>Pf\u00e4nder von der SPD nannte es &#8222;Machbarkeitsstudie&#8220;.<br>In meinen Augen beinhaltete diese Anfrage mehrere Problematiken:<\/p>\n\n\n\n<p>1. Ein erweiterter Anbau in dieser Form (Massivbauweise, Ausstattung, Gr\u00f6\u00dfe etc.) entspricht nicht mehr dem Charakter der jetzigen Pergola (es fiel sogar das Stichwort &#8222;gehobene Gastronomie&#8220;). <\/p>\n\n\n\n<p>2. In der TA-Sitzung h\u00e4tte ich mit meiner Zustimmung das &#8222;gemeindliche Einvernehmen&#8220; f\u00fcr die Bauvoranfrage erteilt. Dies konnte ich nicht, weil ein solch \u00fcberdimensioniertes Vorhaben in einem Landschaftsschutzgebiet und direkt am Wald zuk\u00fcnftig zum Pr\u00e4zedenzfall f\u00fcr alle privaten Bauanfragen im Au\u00dfenbereich werden k\u00f6nnte. <\/p>\n\n\n\n<p>3. Verkehr und Parkprobleme werden sowohl beim S\u00e4ngerheim als auch innerorts noch mehr zunehmen. Auch der Waldkindergarten w\u00e4re bei einer Ganztagesgastronomie davon betroffen. <\/p>\n\n\n\n<p>4. Die Kommune w\u00fcrde mit dieser Variante ein gro\u00dfes finanzielles Risiko eingehen. <\/p>\n\n\n\n<p>5. Die Verwaltung (und vermutlich auch die Mehrheit des Gemeinderates) favorisiert sowieso die kleineren Varianten und erhofft sich, dass die Bauvoranfrage von Seiten der Baurechtsbeh\u00f6rde abgelehnt wird. Somit ergibt diese Anfrage wenig Sinn. <\/p>\n\n\n\n<p>6. Es scheint mir fraglich, ob bei einer Ablehnung der Bauvoranfrage durch die Baurechtsbeh\u00f6rde \u00fcberhaupt deutlich wird, welche baulichen Ma\u00dfnahmen zul\u00e4ssig sein werden. Eine weitere Bauvoranfrage f\u00fcr eine kleinere Variante und damit weitere Ausgaben von einigen tausend Euro k\u00f6nnten eventuell nochmals notwendig werden. <\/p>\n\n\n\n<p>7. Ich denke, dass der Gro\u00dfteil der Bev\u00f6lkerung Kernens einer solch gro\u00dfen Anbauvariante kritisch gegen\u00fcber steht.<br>Die gro\u00dfe Mehrheit des Technischen Ausschusses ist aber f\u00fcr die Pr\u00fcfung dieses Massivanbaus durch die Baurechtsbeh\u00f6rde im Waiblinger Landratsamt. Bleibt zu hoffen, dass die Anfrage eindeutig abgelehnt wird. Ein S\u00e4ngerheim von dieser Gr\u00f6\u00dfenordnung w\u00fcrde kontroverse Diskussionen und hitzige Debatten ausl\u00f6sen und h\u00e4tte in meinen Augen sogar das Potential f\u00fcr einen B\u00fcrgerentscheid. <\/p>\n\n\n\n<p>Welcher Meinung sind Sie? <\/p>\n\n\n\n<p>Matthias Kramer<\/p>\n","protected":false},"excerpt":{"rendered":"<p>Wie soll es mit der Pergola des S\u00e4ngerheims in Stetten weitergehen? Drei m\u00f6gliche Planungsvarianten wurden dem Gemeinderat vorgestellt. In der vergangenen Sitzung des Technischen Ausschusses wurde beschlossen, eine Bauvoranfrage zur gr\u00f6\u00dftm\u00f6glichen Variante bei der Baurechtsbeh\u00f6rde in Waiblingen einzureichen. Hierbei handelt es sich um einem massiven Anbau mit geplanter Ganztages- und Ganzjahresbewirtung. Kosten allein f\u00fcr den &hellip;<\/p>\n<p class=\"read-more\"> <a class=\"\" href=\"https:\/\/www.ogl-kernen.de\/?p=163\"> <span class=\"screen-reader-text\">S\u00e4ngerheim \u2013 quo vadis?<\/span> Weiterlesen &raquo;<\/a><\/p>\n","protected":false},"author":3,"featured_media":0,"comment_status":"closed","ping_status":"closed","sticky":false,"template":"","format":"standard","meta":{"site-sidebar-layout":"default","site-content-layout":"default","ast-global-header-display":"","ast-main-header-display":"","ast-hfb-above-header-display":"","ast-hfb-below-header-display":"","ast-hfb-mobile-header-display":"","site-post-title":"","ast-breadcrumbs-content":"","ast-featured-img":"","footer-sml-layout":"","theme-transparent-header-meta":"default","adv-header-id-meta":"","stick-header-meta":"","header-above-stick-meta":"","header-main-stick-meta":"","header-below-stick-meta":"","footnotes":""},"categories":[4],"tags":[6],"class_list":["post-163","post","type-post","status-publish","format-standard","hentry","category-fraktion","tag-saengerheim"],"yoast_head":"<!-- This site is optimized with the Yoast SEO plugin v22.2 - https:\/\/yoast.com\/wordpress\/plugins\/seo\/ -->\n<title>S\u00e4ngerheim \u2013 quo vadis? - OGL Kernen<\/title>\n<meta name=\"robots\" content=\"index, follow, max-snippet:-1, max-image-preview:large, max-video-preview:-1\" \/>\n<link rel=\"canonical\" href=\"https:\/\/www.ogl-kernen.de\/?p=163\" \/>\n<meta property=\"og:locale\" content=\"de_DE\" \/>\n<meta property=\"og:type\" content=\"article\" \/>\n<meta property=\"og:title\" content=\"S\u00e4ngerheim \u2013 quo vadis? - OGL Kernen\" \/>\n<meta property=\"og:description\" content=\"Wie soll es mit der Pergola des S\u00e4ngerheims in Stetten weitergehen? Drei m\u00f6gliche Planungsvarianten wurden dem Gemeinderat vorgestellt. In der vergangenen Sitzung des Technischen Ausschusses wurde beschlossen, eine Bauvoranfrage zur gr\u00f6\u00dftm\u00f6glichen Variante bei der Baurechtsbeh\u00f6rde in Waiblingen einzureichen. Hierbei handelt es sich um einem massiven Anbau mit geplanter Ganztages- und Ganzjahresbewirtung. Kosten allein f\u00fcr den &hellip; S\u00e4ngerheim \u2013 quo vadis? Weiterlesen &raquo;\" \/>\n<meta property=\"og:url\" content=\"https:\/\/www.ogl-kernen.de\/?p=163\" \/>\n<meta property=\"og:site_name\" content=\"OGL Kernen\" \/>\n<meta property=\"article:published_time\" content=\"2021-06-09T20:52:00+00:00\" \/>\n<meta property=\"article:modified_time\" content=\"2021-06-09T21:06:11+00:00\" \/>\n<meta name=\"author\" content=\"Matthias Kramer\" \/>\n<meta name=\"twitter:card\" content=\"summary_large_image\" \/>\n<meta name=\"twitter:label1\" content=\"Verfasst von\" \/>\n\t<meta name=\"twitter:data1\" content=\"Matthias Kramer\" \/>\n\t<meta name=\"twitter:label2\" content=\"Gesch\u00e4tzte Lesezeit\" \/>\n\t<meta name=\"twitter:data2\" content=\"2\u00a0Minuten\" \/>\n<script type=\"application\/ld+json\" class=\"yoast-schema-graph\">{\"@context\":\"https:\/\/schema.org\",\"@graph\":[{\"@type\":\"Article\",\"@id\":\"https:\/\/www.ogl-kernen.de\/?p=163#article\",\"isPartOf\":{\"@id\":\"https:\/\/www.ogl-kernen.de\/?p=163\"},\"author\":{\"name\":\"Matthias Kramer\",\"@id\":\"https:\/\/www.ogl-kernen.de\/#\/schema\/person\/92d45b78564a61718a56f762c5c32250\"},\"headline\":\"S\u00e4ngerheim \u2013 quo vadis?\",\"datePublished\":\"2021-06-09T20:52:00+00:00\",\"dateModified\":\"2021-06-09T21:06:11+00:00\",\"mainEntityOfPage\":{\"@id\":\"https:\/\/www.ogl-kernen.de\/?p=163\"},\"wordCount\":391,\"publisher\":{\"@id\":\"https:\/\/www.ogl-kernen.de\/#organization\"},\"keywords\":[\"S\u00e4ngerheim\"],\"articleSection\":[\"Fraktion\"],\"inLanguage\":\"de\"},{\"@type\":\"WebPage\",\"@id\":\"https:\/\/www.ogl-kernen.de\/?p=163\",\"url\":\"https:\/\/www.ogl-kernen.de\/?p=163\",\"name\":\"S\u00e4ngerheim \u2013 quo vadis? - OGL Kernen\",\"isPartOf\":{\"@id\":\"https:\/\/www.ogl-kernen.de\/#website\"},\"datePublished\":\"2021-06-09T20:52:00+00:00\",\"dateModified\":\"2021-06-09T21:06:11+00:00\",\"breadcrumb\":{\"@id\":\"https:\/\/www.ogl-kernen.de\/?p=163#breadcrumb\"},\"inLanguage\":\"de\",\"potentialAction\":[{\"@type\":\"ReadAction\",\"target\":[\"https:\/\/www.ogl-kernen.de\/?p=163\"]}]},{\"@type\":\"BreadcrumbList\",\"@id\":\"https:\/\/www.ogl-kernen.de\/?p=163#breadcrumb\",\"itemListElement\":[{\"@type\":\"ListItem\",\"position\":1,\"name\":\"Startseite\",\"item\":\"https:\/\/www.ogl-kernen.de\/\"},{\"@type\":\"ListItem\",\"position\":2,\"name\":\"S\u00e4ngerheim \u2013 quo vadis?\"}]},{\"@type\":\"WebSite\",\"@id\":\"https:\/\/www.ogl-kernen.de\/#website\",\"url\":\"https:\/\/www.ogl-kernen.de\/\",\"name\":\"OGL Kernen\",\"description\":\"nachhaltig - sozial - weltoffen\",\"publisher\":{\"@id\":\"https:\/\/www.ogl-kernen.de\/#organization\"},\"potentialAction\":[{\"@type\":\"SearchAction\",\"target\":{\"@type\":\"EntryPoint\",\"urlTemplate\":\"https:\/\/www.ogl-kernen.de\/?s={search_term_string}\"},\"query-input\":\"required name=search_term_string\"}],\"inLanguage\":\"de\"},{\"@type\":\"Organization\",\"@id\":\"https:\/\/www.ogl-kernen.de\/#organization\",\"name\":\"OGL Kernen\",\"url\":\"https:\/\/www.ogl-kernen.de\/\",\"logo\":{\"@type\":\"ImageObject\",\"inLanguage\":\"de\",\"@id\":\"https:\/\/www.ogl-kernen.de\/#\/schema\/logo\/image\/\",\"url\":\"https:\/\/www.ogl-kernen.de\/test\/wp-content\/uploads\/2021\/05\/cropped-Logo-ow-scaled-1.jpg\",\"contentUrl\":\"https:\/\/www.ogl-kernen.de\/test\/wp-content\/uploads\/2021\/05\/cropped-Logo-ow-scaled-1.jpg\",\"width\":2560,\"height\":478,\"caption\":\"OGL Kernen\"},\"image\":{\"@id\":\"https:\/\/www.ogl-kernen.de\/#\/schema\/logo\/image\/\"},\"sameAs\":[\"https:\/\/www.instagram.com\/ogl_kernen\/\"]},{\"@type\":\"Person\",\"@id\":\"https:\/\/www.ogl-kernen.de\/#\/schema\/person\/92d45b78564a61718a56f762c5c32250\",\"name\":\"Matthias Kramer\",\"image\":{\"@type\":\"ImageObject\",\"inLanguage\":\"de\",\"@id\":\"https:\/\/www.ogl-kernen.de\/#\/schema\/person\/image\/\",\"url\":\"https:\/\/secure.gravatar.com\/avatar\/eca732170f439564e0de7ff140dc083abd1fcf055dfd83a8985c214a6afa79c9?s=96&d=mm&r=g\",\"contentUrl\":\"https:\/\/secure.gravatar.com\/avatar\/eca732170f439564e0de7ff140dc083abd1fcf055dfd83a8985c214a6afa79c9?s=96&d=mm&r=g\",\"caption\":\"Matthias Kramer\"},\"url\":\"https:\/\/www.ogl-kernen.de\/?author=3\"}]}<\/script>\n<!-- \/ Yoast SEO plugin. -->","yoast_head_json":{"title":"S\u00e4ngerheim \u2013 quo vadis? - OGL Kernen","robots":{"index":"index","follow":"follow","max-snippet":"max-snippet:-1","max-image-preview":"max-image-preview:large","max-video-preview":"max-video-preview:-1"},"canonical":"https:\/\/www.ogl-kernen.de\/?p=163","og_locale":"de_DE","og_type":"article","og_title":"S\u00e4ngerheim \u2013 quo vadis? - OGL Kernen","og_description":"Wie soll es mit der Pergola des S\u00e4ngerheims in Stetten weitergehen? Drei m\u00f6gliche Planungsvarianten wurden dem Gemeinderat vorgestellt. In der vergangenen Sitzung des Technischen Ausschusses wurde beschlossen, eine Bauvoranfrage zur gr\u00f6\u00dftm\u00f6glichen Variante bei der Baurechtsbeh\u00f6rde in Waiblingen einzureichen. Hierbei handelt es sich um einem massiven Anbau mit geplanter Ganztages- und Ganzjahresbewirtung. Kosten allein f\u00fcr den &hellip; S\u00e4ngerheim \u2013 quo vadis? Weiterlesen &raquo;","og_url":"https:\/\/www.ogl-kernen.de\/?p=163","og_site_name":"OGL Kernen","article_published_time":"2021-06-09T20:52:00+00:00","article_modified_time":"2021-06-09T21:06:11+00:00","author":"Matthias Kramer","twitter_card":"summary_large_image","twitter_misc":{"Verfasst von":"Matthias Kramer","Gesch\u00e4tzte Lesezeit":"2\u00a0Minuten"},"schema":{"@context":"https:\/\/schema.org","@graph":[{"@type":"Article","@id":"https:\/\/www.ogl-kernen.de\/?p=163#article","isPartOf":{"@id":"https:\/\/www.ogl-kernen.de\/?p=163"},"author":{"name":"Matthias Kramer","@id":"https:\/\/www.ogl-kernen.de\/#\/schema\/person\/92d45b78564a61718a56f762c5c32250"},"headline":"S\u00e4ngerheim \u2013 quo vadis?","datePublished":"2021-06-09T20:52:00+00:00","dateModified":"2021-06-09T21:06:11+00:00","mainEntityOfPage":{"@id":"https:\/\/www.ogl-kernen.de\/?p=163"},"wordCount":391,"publisher":{"@id":"https:\/\/www.ogl-kernen.de\/#organization"},"keywords":["S\u00e4ngerheim"],"articleSection":["Fraktion"],"inLanguage":"de"},{"@type":"WebPage","@id":"https:\/\/www.ogl-kernen.de\/?p=163","url":"https:\/\/www.ogl-kernen.de\/?p=163","name":"S\u00e4ngerheim \u2013 quo vadis? - OGL Kernen","isPartOf":{"@id":"https:\/\/www.ogl-kernen.de\/#website"},"datePublished":"2021-06-09T20:52:00+00:00","dateModified":"2021-06-09T21:06:11+00:00","breadcrumb":{"@id":"https:\/\/www.ogl-kernen.de\/?p=163#breadcrumb"},"inLanguage":"de","potentialAction":[{"@type":"ReadAction","target":["https:\/\/www.ogl-kernen.de\/?p=163"]}]},{"@type":"BreadcrumbList","@id":"https:\/\/www.ogl-kernen.de\/?p=163#breadcrumb","itemListElement":[{"@type":"ListItem","position":1,"name":"Startseite","item":"https:\/\/www.ogl-kernen.de\/"},{"@type":"ListItem","position":2,"name":"S\u00e4ngerheim \u2013 quo vadis?"}]},{"@type":"WebSite","@id":"https:\/\/www.ogl-kernen.de\/#website","url":"https:\/\/www.ogl-kernen.de\/","name":"OGL Kernen","description":"nachhaltig - sozial - weltoffen","publisher":{"@id":"https:\/\/www.ogl-kernen.de\/#organization"},"potentialAction":[{"@type":"SearchAction","target":{"@type":"EntryPoint","urlTemplate":"https:\/\/www.ogl-kernen.de\/?s={search_term_string}"},"query-input":"required name=search_term_string"}],"inLanguage":"de"},{"@type":"Organization","@id":"https:\/\/www.ogl-kernen.de\/#organization","name":"OGL Kernen","url":"https:\/\/www.ogl-kernen.de\/","logo":{"@type":"ImageObject","inLanguage":"de","@id":"https:\/\/www.ogl-kernen.de\/#\/schema\/logo\/image\/","url":"https:\/\/www.ogl-kernen.de\/test\/wp-content\/uploads\/2021\/05\/cropped-Logo-ow-scaled-1.jpg","contentUrl":"https:\/\/www.ogl-kernen.de\/test\/wp-content\/uploads\/2021\/05\/cropped-Logo-ow-scaled-1.jpg","width":2560,"height":478,"caption":"OGL Kernen"},"image":{"@id":"https:\/\/www.ogl-kernen.de\/#\/schema\/logo\/image\/"},"sameAs":["https:\/\/www.instagram.com\/ogl_kernen\/"]},{"@type":"Person","@id":"https:\/\/www.ogl-kernen.de\/#\/schema\/person\/92d45b78564a61718a56f762c5c32250","name":"Matthias Kramer","image":{"@type":"ImageObject","inLanguage":"de","@id":"https:\/\/www.ogl-kernen.de\/#\/schema\/person\/image\/","url":"https:\/\/secure.gravatar.com\/avatar\/eca732170f439564e0de7ff140dc083abd1fcf055dfd83a8985c214a6afa79c9?s=96&d=mm&r=g","contentUrl":"https:\/\/secure.gravatar.com\/avatar\/eca732170f439564e0de7ff140dc083abd1fcf055dfd83a8985c214a6afa79c9?s=96&d=mm&r=g","caption":"Matthias Kramer"},"url":"https:\/\/www.ogl-kernen.de\/?author=3"}]}},"_links":{"self":[{"href":"https:\/\/www.ogl-kernen.de\/index.php?rest_route=\/wp\/v2\/posts\/163","targetHints":{"allow":["GET"]}}],"collection":[{"href":"https:\/\/www.ogl-kernen.de\/index.php?rest_route=\/wp\/v2\/posts"}],"about":[{"href":"https:\/\/www.ogl-kernen.de\/index.php?rest_route=\/wp\/v2\/types\/post"}],"author":[{"embeddable":true,"href":"https:\/\/www.ogl-kernen.de\/index.php?rest_route=\/wp\/v2\/users\/3"}],"replies":[{"embeddable":true,"href":"https:\/\/www.ogl-kernen.de\/index.php?rest_route=%2Fwp%2Fv2%2Fcomments&post=163"}],"version-history":[{"count":1,"href":"https:\/\/www.ogl-kernen.de\/index.php?rest_route=\/wp\/v2\/posts\/163\/revisions"}],"predecessor-version":[{"id":164,"href":"https:\/\/www.ogl-kernen.de\/index.php?rest_route=\/wp\/v2\/posts\/163\/revisions\/164"}],"wp:attachment":[{"href":"https:\/\/www.ogl-kernen.de\/index.php?rest_route=%2Fwp%2Fv2%2Fmedia&parent=163"}],"wp:term":[{"taxonomy":"category","embeddable":true,"href":"https:\/\/www.ogl-kernen.de\/index.php?rest_route=%2Fwp%2Fv2%2Fcategories&post=163"},{"taxonomy":"post_tag","embeddable":true,"href":"https:\/\/www.ogl-kernen.de\/index.php?rest_route=%2Fwp%2Fv2%2Ftags&post=163"}],"curies":[{"name":"wp","href":"https:\/\/api.w.org\/{rel}","templated":true}]}}